{"id":4326,"date":"2016-10-07T17:20:09","date_gmt":"2016-10-07T15:20:09","guid":{"rendered":"http:\/\/kodmalopolska.pl\/?p=4326"},"modified":"2016-10-13T23:23:08","modified_gmt":"2016-10-13T21:23:08","slug":"list-otwarty-dzialaczy-solidarnosci-i-podziemia-lat-80-do-prezydenta-andrzeja-dudy","status":"publish","type":"post","link":"https:\/\/kodmalopolska.pl\/?p=4326","title":{"rendered":"List otwarty dzia\u0142aczy \u201eSolidarno\u015bci\u201d i podziemia lat 80. do Prezydenta Andrzeja Dudy"},"content":{"rendered":"<p>\u0179r\u00f3d\u0142o &lt;<a href=\"http:\/\/kodolsztyn.blogspot.com\/2016\/10\/list-otwarty-dziaaczy-solidarnosci-i.html\" target=\"_blank\">klik<\/a>&gt;<\/p>\n<h3 class=\"post-title entry-title\" style=\"text-align: center;\">List otwarty dzia\u0142aczy \u201eSolidarno\u015bci\u201d i podziemia lat 80. do Prezydenta Andrzeja Dudy<\/h3>\n<div id=\"post-body-9165027775575727029\" class=\"post-body entry-content\">\n<blockquote>\n<div style=\"text-align: justify;\"><span style=\"color: #0000ff;\"><em>Szanowny Panie Prezydencie!<\/em><\/span><\/div>\n<div style=\"text-align: justify;\"><span style=\"color: #0000ff;\"><em>Jeste\u015bmy g\u0142\u0119boko zaniepokojeni obecn\u0105 sytuacj\u0105 polityczn\u0105. Jeste\u015bmy tak\u017ce zaniepokojeni j\u0119zykiem, jakiego u\u017cywaj\u0105 przedstawiciele rz\u0105dz\u0105cej formacji \u2013 i niestety Pan r\u00f3wnie\u017c \u2013 w stosunku do ludzi nie podzielaj\u0105cych ich pogl\u0105d\u00f3w. \u201eKomuni\u015bci i z\u0142odzieje\u201d, \u201eoderwani od koryta\u201d, \u201eludzie poprzedniej w\u0142adzy, gorszego sortu\u201d, \u201eci, kt\u00f3rzy utracili przywileje\u201d, \u201eposiadaj\u0105cy gen zdrady\u201d \u2013 to tylko niekt\u00f3re z epitet\u00f3w. W tym samym stylu o politycznych oponentach wypowiada\u0142a si\u0119 komunistyczna w\u0142adza.<\/em><\/span><br \/>\n<span style=\"color: #0000ff;\"><em> Reakcj\u0105 rz\u0105du polskiego na krytyk\u0119 niedemokratycznych praktyk s\u0105 o\u015bwiadczenia, \u017ce ta krytyka to wynik podszept\u00f3w wrog\u00f3w wewn\u0119trznych, kt\u00f3rzy wynosz\u0105 wewn\u0119trzne sprawy naszego kraju na mi\u0119dzynarodowe forum. Wypisz wymaluj, tak samo reagowali komunistyczni w\u0142adcy.<\/em><\/span><br \/>\n<span style=\"color: #0000ff;\"><em> Nie tylko w retoryce, ale i w dzia\u0142aniach ob\u00f3z rz\u0105dz\u0105cy na\u015bladuje komunistycznych w\u0142adc\u00f3w. Zablokowanie prac Trybuna\u0142u Konstytucyjnego, atak na niezawis\u0142o\u015b\u0107 s\u0119dziowsk\u0105, zapowiedzi usuwania niepokornych s\u0119dzi\u00f3w, r\u0119czne sterowanie prokuratur\u0105, czystki w radiu i telewizji, kt\u00f3re sta\u0142y si\u0119 tub\u0105 propagandow\u0105 rz\u0105dz\u0105cej partii, likwidacja niezale\u017cnej prokuratury, zapowied\u017a wprowadzenia do szk\u00f3\u0142 jedynie s\u0142usznej ideologii, gro\u017aby w stosunku do samorz\u0105du terytorialnego, obsadzanie stanowisk pa\u0144stwowych lud\u017ami, kt\u00f3rych jedyn\u0105 cech\u0105 jest podleg\u0142o\u015b\u0107 partyjnemu bossowi \u2013 wszystko to jest ideowym nawrotem do czas\u00f3w sprzed 1989 roku.<\/em><\/span><br \/>\n<span style=\"color: #0000ff;\"><em> Umorzenie \u015bledztwa w sprawie afery SKOK-\u00f3w, faktycznego bankiera obozu rz\u0105dz\u0105cego i postawienie na czele jednej z komisji cz\u0142owieka, kt\u00f3ry na tej instytucji dorobi\u0142 si\u0119 maj\u0105tku, to sygna\u0142, \u017ce wierno\u015b\u0107 partii gwarantuje bezkarno\u015b\u0107. Sk\u0105d my to znamy?<\/em><\/span><br \/>\n<span style=\"color: #0000ff;\"><em> Mia\u0142a by\u0107 IV Rzeczpospolita, jest PRL-bis.<\/em><\/span><br \/>\n<span style=\"color: #0000ff;\"><em> Pan, Panie Prezydencie, umacnia ten system, zar\u00f3wno w swoich wyst\u0105pieniach, jak i praktyce \u017cyrowania decyzji obozu rz\u0105dz\u0105cego.<\/em><\/span><br \/>\n<span style=\"color: #0000ff;\"><em> To z Pana ust us\u0142yszeli\u015bmy pogardliwe i obel\u017cywe okre\u015blenie \u201eteoretycznie nie zdrajcy\u201d, jak nazwa\u0142 Pan tych wszystkich, kt\u00f3rzy ze spo\u0142ecznego nadania rz\u0105dzili w Polsce po 1989 roku. W\u015br\u00f3d nich byli tak\u017ce reprezentanci nurtu, z kt\u00f3rego Pan si\u0119 wywodzi.<\/em><\/span><br \/>\n<span style=\"color: #0000ff;\"><em> To Pan wykaza\u0142 lekcewa\u017cenie wobec prawa, nie dopuszczaj\u0105c do zako\u0144czenia procesu prominentnego polityka rz\u0105dz\u0105cej partii, oskar\u017conego o u\u017cycie s\u0142u\u017cb specjalnych dla politycznych korzy\u015bci. Ten polityk jest dzi\u015b ministrem odpowiedzialnym za te s\u0142u\u017cby.<\/em><\/span><br \/>\n<span style=\"color: #0000ff;\"><em> To Pan podpisuje po\u015bpiesznie, niekiedy noc\u0105, ustawy dyktowane przez rz\u0105dz\u0105c\u0105 wi\u0119kszo\u015b\u0107, z pomini\u0119ciem konsultacji spo\u0142ecznych i lekcewa\u017ceniem dla dobrego stanowienia prawa.<\/em><\/span><br \/>\n<span style=\"color: #0000ff;\"><em> Podczas Pa\u0144skiego przem\u00f3wienia na uroczysto\u015bciach symbolicznego pogrzebu \u017co\u0142nierzy antykomunistycznego podziemia, nacjonalistyczni boj\u00f3wkarze pobili dzia\u0142aczy Komitetu Obrony Demokracji, za\u015b minister obecnego rz\u0105du stwierdzi\u0142, \u017ce przybyli tam w celu \u201ezak\u0142\u00f3cenia uroczysto\u015bci\u201d. Oznacza to, \u017ce ob\u00f3z rz\u0105dz\u0105cy wys\u0142uguje si\u0119 w swej praktyce ugrupowaniami, kt\u00f3rych program i praktyka niebezpiecznie zbli\u017ca si\u0119 do faszyzmu. Ma\u0142o tego, schlebia im i chwali za patriotyzm. A dzieje si\u0119 to w warunkach, gdy gwa\u0142townie wzros\u0142a w ostatnich miesi\u0105cach liczba przest\u0119pstw na tle nienawi\u015bci rasowej, w tym pobi\u0107 os\u00f3b o innej karnacji sk\u00f3ry. Polityka historyczna, kt\u00f3r\u0105 nachalnie lansuje rz\u0105dowa propaganda, sprawia, \u017ce na wz\u00f3r bolszewicki, historia staje si\u0119 elementem propagandy, pe\u0142n\u0105 uproszcze\u0144 i zak\u0142ama\u0144, miast by\u0107 miejscem rzeczowych spor\u00f3w, refleksji i zadumy.<\/em><\/span><br \/>\n<span style=\"color: #0000ff;\"><em> Symbolem nowego stylu rz\u0105dzenia staje si\u0119 pa\u0142ka bejsbolowa z god\u0142em Polski Walcz\u0105cej. To obraza ludzi z Pa\u0144stwa Podziemnego, do kt\u00f3rych legendy nieudolnie pr\u00f3buje nawi\u0105za\u0107 rz\u0105dowa propaganda. Tych ludzi obra\u017ca si\u0119 zmuszaj\u0105c polskich \u017co\u0142nierzy do czytania tzw. apelu smole\u0144skiego podczas wszystkich uroczysto\u015bci ku czci poleg\u0142ych.<\/em><\/span><br \/>\n<span style=\"color: #0000ff;\"><em> Polska po \u201989 roku sta\u0142a si\u0119 wa\u017cnym cz\u0142onkiem NATO i Unii Europejskiej. Ta pozycja jest dzi\u015b rozmieniana na drobne. Retoryka \u201epodnoszenia z kolan\u201d skazuje nas na izolacj\u0119 w\u015br\u00f3d narod\u00f3w europejskich i niesie zagro\u017cenia dla bezpiecze\u0144stwa politycznego oraz ekonomicznego naszej Ojczyzny. Realizacji strategicznych cel\u00f3w polskiej polityki zagranicznej, za kt\u00f3r\u0105 jest Pan wsp\u00f3\u0142odpowiedzialny, nie sprzyjaj\u0105 kuriozalne wywiady ministra spraw zagranicznych, czy ra\u017c\u0105ce prymitywn\u0105 retoryk\u0105 wypowiedzi ministra spraw wewn\u0119trznych.<\/em><\/span><br \/>\n<span style=\"color: #0000ff;\"><em> W PRL-u byli\u015bmy uczestnikami demokratycznej opozycji, dzia\u0142ali\u015bmy w jawnej i podziemnej \u201eSolidarno\u015bci\u201d. Byli\u015bmy inwigilowani, aresztowani, skazywani na wi\u0119zienie. Towarzyszy\u0142a temu propaganda k\u0142amstwa. Jednak w\u00f3wczas mieli\u015bmy \u015bwiadomo\u015b\u0107, \u017ce czyni to w\u0142adza nie maj\u0105ca demokratycznego mandatu, kt\u00f3rej si\u0142a bierze si\u0119 obcego nadania. Dzi\u015b k\u0142amie w\u0142adza, kt\u00f3ra uzyska\u0142a mandat w wolnych wyborach. Nie neguj\u0105c jej prawa do wprowadzania zmian, nawet je\u017celi nie wydaj\u0105 si\u0119 nam one korzystne, nie zgadzamy si\u0119 natomiast na metody, przy pomocy kt\u00f3rych obecne w\u0142adza sprawuje rz\u0105dy.<\/em><\/span><br \/>\n<span style=\"color: #0000ff;\"><em> Dostrzegamy zasadnicze r\u00f3\u017cnice mi\u0119dzy poprzednimi rz\u0105dami, ze wszystkimi ich s\u0142abo\u015bciami a obecnymi rz\u0105dami, kt\u00f3re niszcz\u0105 prawo, instytucje oraz demokratyczne obyczaje.<\/em><\/span><br \/>\n<span style=\"color: #0000ff;\"><em> By upora\u0107 si\u0119 z licznymi zagro\u017ceniami, Polska dzi\u015b potrzebuje os\u0142abienia napi\u0119\u0107, wzajemnego zaufania, wsp\u00f3\u0142pracy ponad podzia\u0142ami politycznymi i \u015bwiatopogl\u0105dowymi. Je\u017celi to nie nast\u0105pi, nasz kraj straci nie tylko to wszystko, co uda\u0142o si\u0119 nam osi\u0105gn\u0105\u0107, ale nie we\u017amie udzia\u0142u w grze o przysz\u0142o\u015b\u0107 \u2013 o dobr\u0105 przysz\u0142o\u015b\u0107 Polski, Europy i \u015bwiata.<\/em><\/span><br \/>\n<span style=\"color: #0000ff;\"><em> Panie Prezydencie!<\/em><\/span><br \/>\n<span style=\"color: #0000ff;\"><em> Zwracamy si\u0119 do Pana, jako reprezentanta godno\u015bci naszej ojczyzny. Chcemy wierzy\u0107, \u017ce znajdzie Pan w sobie si\u0142\u0119 i stanie Pan ponad podzia\u0142ami politycznymi, \u017ce podejmie Pan dzia\u0142ania, kt\u00f3re sporom politycznym przywr\u00f3ci cywilizowane ramy. Tego wymaga polska racja stanu.<\/em><\/span><\/div>\n<p><span style=\"color: #0000ff;\"><em>\u00a0Konrad Bieli\u0144ski <\/em><\/span><br \/>\n<span style=\"color: #0000ff;\"><em>Jerzy Borowczak<br \/>\n<span style=\"color: #0000ff;\"><em>Jan Ciesielski <\/em><\/span><br \/>\n<span style=\"color: #0000ff;\"><em> J\u00f3zef Duriasz<\/em><\/span><br \/>\n<span style=\"color: #0000ff;\"><em> Halina Flis-Kuczy\u0144ska<\/em><\/span><br \/>\n<span style=\"color: #0000ff;\"><em> W\u0142adys\u0142aw Frasyniuk<\/em><\/span><br \/>\n<span style=\"color: #0000ff;\"><em> Stanis\u0142aw Handzik<\/em><\/span><br \/>\n<span style=\"color: #0000ff;\"><em> Ewa Ho\u0142uszko<\/em><\/span><br \/>\n<span style=\"color: #0000ff;\"><em> Stanis\u0142aw Huskowski<\/em><\/span><br \/>\n<span style=\"color: #0000ff;\"><em> Zbigniew Janas<\/em><\/span><br \/>\n<span style=\"color: #0000ff;\"><em> Tadeusz Jedynak<\/em><\/span><br \/>\n<span style=\"color: #0000ff;\"><em> Jan Kofman<\/em><\/span><br \/>\n<span style=\"color: #0000ff;\"><em> Henryka Krzywonos-Strycharska<\/em><\/span><br \/>\n<span style=\"color: #0000ff;\"><em> Waldemar Kuczy\u0144ski<\/em><\/span><br \/>\n<span style=\"color: #0000ff;\"><em> Bogdan Lis<\/em><\/span><br \/>\n<span style=\"color: #0000ff;\"><em> Jan Lity\u0144ski<\/em><\/span><br \/>\n<span style=\"color: #0000ff;\"><em> Krzysztof \u0141ozi\u0144ski<\/em><\/span><br \/>\n<span style=\"color: #0000ff;\"><em> Andrzej Milczanowski<\/em><\/span><br \/>\n<span style=\"color: #0000ff;\"><em> Ewa Milewicz<\/em><\/span><br \/>\n<span style=\"color: #0000ff;\"><em> Piotr Niemczyk<\/em><\/span><br \/>\n<span style=\"color: #0000ff;\"><em> Stefan Niesio\u0142owski<\/em><\/span><br \/>\n<span style=\"color: #0000ff;\"><em> Edward Nowak<\/em><\/span><br \/>\n<span style=\"color: #0000ff;\"><em> Janusz Onyszkiewicz<\/em><\/span><br \/>\n<span style=\"color: #0000ff;\"><em> Wojciech Onyszkiewicz<\/em><\/span><br \/>\n<span style=\"color: #0000ff;\"><em> J\u00f3zef Pinior<\/em><\/span><br \/>\n<span style=\"color: #0000ff;\"><em> Krzysztof Pusz<\/em><\/span><br \/>\n<span style=\"color: #0000ff;\"><em> Jan Rulewski<\/em><\/span><br \/>\n<span style=\"color: #0000ff;\"><em> Ernest Skalski<\/em><\/span><br \/>\n<span style=\"color: #0000ff;\"><em> Gra\u017cyna Staniszewska<\/em><\/span><br \/>\n<span style=\"color: #0000ff;\"><em> Barbara Toru\u0144czyk<\/em><\/span><br \/>\n<span style=\"color: #0000ff;\"><em> Henryk Wujec<\/em><\/span><br \/>\n<span style=\"color: #0000ff;\"><em> Ludwika Wujec<\/em><\/span><\/em><\/span><\/p><\/blockquote>\n<p><a href=\"https:\/\/www.facebook.com\/hashtag\/mamydosc?fref=ts\" target=\"_blank\">#MamyDosc<\/a><\/p>\n<\/div>\n","protected":false},"excerpt":{"rendered":"<p>\u0179r\u00f3d\u0142o &lt;klik&gt; List otwarty dzia\u0142aczy \u201eSolidarno\u015bci\u201d i podziemia lat 80. do Prezydenta Andrzeja Dudy Szanowny Panie Prezydencie! Jeste\u015bmy g\u0142\u0119boko zaniepokojeni [&#8230;]<\/p>\n","protected":false},"author":1,"featured_media":4327,"comment_status":"closed","ping_status":"open","sticky":false,"template":"","format":"standard","meta":{"_EventAllDay":false,"_EventTimezone":"","_EventStartDate":"","_EventEndDate":"","_EventStartDateUTC":"","_EventEndDateUTC":"","_EventShowMap":false,"_EventShowMapLink":false,"_EventURL":"","_EventCost":"","_EventCostDescription":"","_EventCurrencySymbol":"","_EventCurrencyCode":"","_EventCurrencyPosition":"","_EventDateTimeSeparator":"","_EventTimeRangeSeparator":"","_EventOrganizerID":[],"_EventVenueID":[],"_OrganizerEmail":"","_OrganizerPhone":"","_OrganizerWebsite":"","_VenueAddress":"","_VenueCity":"","_VenueCountry":"","_VenueProvince":"","_VenueState":"","_VenueZip":"","_VenuePhone":"","_VenueURL":"","_VenueStateProvince":"","_VenueLat":"","_VenueLng":"","_VenueShowMap":false,"_VenueShowMapLink":false,"footnotes":""},"categories":[49],"tags":[],"class_list":["post-4326","post","type-post","status-publish","format-standard","has-post-thumbnail","hentry","category-inne-regiony-i-miasta","inne-regiony-i-miasta"],"_links":{"self":[{"href":"https:\/\/kodmalopolska.pl\/index.php?rest_route=\/wp\/v2\/posts\/4326","targetHints":{"allow":["GET"]}}],"collection":[{"href":"https:\/\/kodmalopolska.pl\/index.php?rest_route=\/wp\/v2\/posts"}],"about":[{"href":"https:\/\/kodmalopolska.pl\/index.php?rest_route=\/wp\/v2\/types\/post"}],"author":[{"embeddable":true,"href":"https:\/\/kodmalopolska.pl\/index.php?rest_route=\/wp\/v2\/users\/1"}],"replies":[{"embeddable":true,"href":"https:\/\/kodmalopolska.pl\/index.php?rest_route=%2Fwp%2Fv2%2Fcomments&post=4326"}],"version-history":[{"count":0,"href":"https:\/\/kodmalopolska.pl\/index.php?rest_route=\/wp\/v2\/posts\/4326\/revisions"}],"wp:featuredmedia":[{"embeddable":true,"href":"https:\/\/kodmalopolska.pl\/index.php?rest_route=\/wp\/v2\/media\/4327"}],"wp:attachment":[{"href":"https:\/\/kodmalopolska.pl\/index.php?rest_route=%2Fwp%2Fv2%2Fmedia&parent=4326"}],"wp:term":[{"taxonomy":"category","embeddable":true,"href":"https:\/\/kodmalopolska.pl\/index.php?rest_route=%2Fwp%2Fv2%2Fcategories&post=4326"},{"taxonomy":"post_tag","embeddable":true,"href":"https:\/\/kodmalopolska.pl\/index.php?rest_route=%2Fwp%2Fv2%2Ftags&post=4326"}],"curies":[{"name":"wp","href":"https:\/\/api.w.org\/{rel}","templated":true}]}}