{"id":4282,"date":"2016-10-04T14:15:35","date_gmt":"2016-10-04T12:15:35","guid":{"rendered":"http:\/\/kodmalopolska.pl\/?p=4282"},"modified":"2016-10-04T14:17:56","modified_gmt":"2016-10-04T12:17:56","slug":"niech-pomagaja-nie-karza","status":"publish","type":"post","link":"https:\/\/kodmalopolska.pl\/?p=4282","title":{"rendered":"Niech pomagaj\u0105, nie karz\u0105"},"content":{"rendered":"<p>\u017ar\u00f3d\u0142o &lt;<a href=\"http:\/\/www.kod-mazowsze.pl\/niech-pomagaja-nie-karza\/\" target=\"_blank\">klik<\/a>&gt;<\/p>\n<h2>\u201eUpo\u015bledzona, to konfabuluje\u201d, wi\u0119c nikt z personelu domu opieki nie wierzy\u0142 w gwa\u0142t, kt\u00f3rego dokonali niepe\u0142nosprawni ch\u0142opcy. Nikt nie wie, czym jest ci\u0105\u017ca z gwa\u0142tu, kto tej ci\u0105\u017cy nie przechodzi\u0142. Nawet prokurator.<span id=\"more-12585\"><\/span><\/h2>\n<p>Od kilkunastu lat pracuj\u0119 z osobami ze spektrum autyzmu, nietypowym rozwojem warunkowanym genetycznie, z uszkodzeniami oko\u0142oporodowymi, problemami spowodowanymi patogenami w ci\u0105\u017cy (toksoplazmoza, embrionopatia por\u00f3\u017cyczkowa i in.). Wiele z nich, to osoby niepe\u0142nosprawne, wg ustawodawc\u00f3w \u2013 z nieodwracalnymi uszkodzeniami. Nie lubi\u0119 takich okre\u015ble\u0144. Wszystkie te osoby, to wspaniali ludzie, kt\u00f3rzy ogromnie du\u017co przeszli w swoim \u017cyciu. Tak wiele, \u017ce typowemu\u00a0cz\u0142owiekowi po prostu ci\u0119\u017cko to sobie wyobrazi\u0107. Wszystkie te osoby maj\u0105 wspania\u0142ych Rodzic\u00f3w, kt\u00f3rzy daj\u0105 im mi\u0142o\u015b\u0107 i pr\u00f3buj\u0105 pom\u00f3c, by \u017cycie by\u0142o \u0142atwiejsze.<\/p>\n<p>Mia\u0142am r\u00f3wnie\u017c mo\u017cliwo\u015b\u0107 pracowa\u0107 w \u017cyciu z dzie\u0107mi z wadami letalnymi, w stanach terminalnych. Do\u015bwiadczy\u0142am r\u00f3wnie\u017c kontaktu z ma\u0142ymi pensjonariuszami Dom\u00f3w Pomocy Spo\u0142ecznej dla dzieci niepe\u0142nosprawnych. Opatrywa\u0142am odle\u017cyny, my\u0142am dzieci z odchod\u00f3w, bo ustawodawca przewidzia\u0142 dla nich limit pieluch, uderzaj\u0105cy w elementarn\u0105, ludzk\u0105 godno\u015b\u0107. Zabra\u0142am na spacer dziewczynk\u0119, kt\u00f3ra mia\u0142a 11 lat i by\u0142 to jej pierwszy w \u017cyciu spacer. Wcze\u015bniej opuszcza\u0142a kojec tylko na badania lekarskie.<\/p>\n<p>Pozwoli\u0142am si\u0119 wyp\u0142aka\u0107 nastolatce, niepe\u0142nosprawnej intelektualnie, kt\u00f3ra opowiada\u0142a mi, jak jest gwa\u0142cona przez niepe\u0142nosprawnych ch\u0142opc\u00f3w, r\u00f3wnie\u017c mieszka\u0144c\u00f3w tego samego domu opieki. Nikt wcze\u015bniej jej nie uwierzy\u0142, bo przecie\u017c \u2013 \u201eupo\u015bledzona i konfabuluje\u201d. Nie dociera\u0142o do nikogo, \u017ce ta dziewczynka nie mia\u0142a \u017cadnych mo\u017cliwo\u015bci, \u017ceby pozna\u0107 rzeczy o kt\u00f3rych opowiada\u0142a inaczej, ni\u017c w bezpo\u015brednim do\u015bwiadczeniu. Pozna\u0142am m\u0142ode, niepe\u0142nosprawne kobiety, kt\u00f3re wychowuj\u0105c si\u0119 w domu opieki\u2026 zasz\u0142y w ci\u0105\u017c\u0119. Nikt nie wie, kiedy i jak, ale na pytanie, czy w takim razie to niepokalane pocz\u0119cie \u2013 wydymaj\u0105 policzki. Kobiety, tul\u0105ce swoje ci\u0119\u017cko niepe\u0142nosprawne dzieci, kt\u00f3re s\u0105 im odbierane i zawo\u017cone na oddzia\u0142 \u201ele\u017c\u0105cy\u201d.<\/p>\n<h4><img loading=\"lazy\" decoding=\"async\" class=\"alignright size-medium wp-image-12375\" src=\"http:\/\/www.kod-mazowsze.pl\/wp-content\/uploads\/2016\/10\/Zarty-sie-skonczyly-KP-09-200x300.jpg\" sizes=\"auto, (max-width: 200px) 100vw, 200px\" srcset=\"http:\/\/www.kod-mazowsze.pl\/wp-content\/uploads\/2016\/10\/Zarty-sie-skonczyly-KP-09-200x300.jpg 200w, http:\/\/www.kod-mazowsze.pl\/wp-content\/uploads\/2016\/10\/Zarty-sie-skonczyly-KP-09.jpg 640w\" alt=\"niech pomagaj\u0105, nie karz\u0105\" width=\"200\" height=\"300\" \/>Heroizm dwunastolatki i innych dzieci<\/h4>\n<p>Nikt nie zrozumie dramatu tych ludzi i ich Rodzic\u00f3w. Nikt, kto tego na w\u0142asne oczy nie zobaczy\u0142 i nie prze\u017cy\u0142. Nikt nie wie, czym jest rado\u015b\u0107 rodzica, kt\u00f3ry budzi si\u0119 rano i widzi, \u017ce jego dziecko nadal \u017cyje \u2013 kto tego l\u0119ku nie prze\u017cy\u0142. Nikt nie wie, czym jest ci\u0105\u017ca z gwa\u0142tu, kto tej ci\u0105\u017cy nie przechodzi\u0142. Nikt nie wie, czym jest oczekiwanie upragnionego dziecka i rozpacz, gdy kolejny cykl przemija, jak wcze\u015bniejszy.<\/p>\n<p>Nie rozwi\u0105\u017cemy wszystkich problem\u00f3w tego \u015bwiata. Mo\u017cemy pomaga\u0107 innym, jak tylko si\u0119 da, na ile le\u017cy to w naszych, osobistych mo\u017cliwo\u015bciach. Ale nie odbierajmy ludziom prawa do wyboru. Nie m\u00f3wmy o heroizmie dwunastolatki rodz\u0105cej dziecko\u2026<\/p>\n<p>Albo \u2013 jak wyt\u0142umaczy\u0107 niepe\u0142nosprawnej intelektualnie dziewczynce gwa\u0142t? Jak wyt\u0142umaczy\u0107 niepe\u0142nosprawnej dziewczynce ci\u0105\u017c\u0119 z gwa\u0142tu? Jak jej wyt\u0142umaczy\u0107 cierpienie przy poronieniu? Jak jej wyt\u0142umaczy\u0107, \u017ce za chwil\u0119 by\u0107 mo\u017ce b\u0119dzie musia\u0142a przej\u015b\u0107 dochodzenie prokuratorskie w takiej sytuacji? Takie sytuacje mia\u0142y i b\u0119d\u0105 mia\u0142y miejsce, ale wprowadzanie przepis\u00f3w, kt\u00f3re pozbawiaj\u0105 kobiety prawa do podejmowania decyzji zgodnie ze swoim sumieniem, wiar\u0105, przekonaniami \u2013 to odcz\u0142owieczenie. Jak wyt\u0142umaczy\u0107 matce, \u017ce nie b\u0119dzie mia\u0142a mo\u017cliwo\u015bci przeprowadzenia operacji ratuj\u0105cej \u017cycie jej dziecku, jeszcze kiedy jest w ci\u0105\u017cy, bo istnieje ryzyko, \u017ce zabieg si\u0119 nie powiedzie i dziecko umrze podczas pr\u00f3by naprawy jego uszkodzonego serca? Jak wyt\u0142umaczy\u0107 rodzicom, \u017ce nie b\u0119d\u0105 mieli mo\u017cliwo\u015bci oceny rozwoju swojego dziecka w trakcie ci\u0105\u017cy, gdy USG wyka\u017ce niepokoj\u0105ce zmiany, bo aminopunkcja obci\u0105\u017cona jest a\u017c do 1% ryzykiem poronienia\u2026 Jak wyt\u0142umaczy\u0107 w ko\u0144cu rodzicom, \u017ce nie b\u0119d\u0105 mieli szansy na wymarzone dziecko, bo in-vitro, prowadzone zgodnie ze sztuk\u0105 \u2013 to zbrodnia, a to, kt\u00f3re dopuszcza prawo \u2013 nie ma szans na powodzenie\u2026<\/p>\n<h4><img loading=\"lazy\" decoding=\"async\" class=\"alignright size-medium wp-image-12371\" src=\"http:\/\/www.kod-mazowsze.pl\/wp-content\/uploads\/2016\/10\/Zarty-sie-skonczyly-KP-05-300x200.jpg\" sizes=\"auto, (max-width: 300px) 100vw, 300px\" srcset=\"http:\/\/www.kod-mazowsze.pl\/wp-content\/uploads\/2016\/10\/Zarty-sie-skonczyly-KP-05-300x200.jpg 300w, http:\/\/www.kod-mazowsze.pl\/wp-content\/uploads\/2016\/10\/Zarty-sie-skonczyly-KP-05-768x512.jpg 768w, http:\/\/www.kod-mazowsze.pl\/wp-content\/uploads\/2016\/10\/Zarty-sie-skonczyly-KP-05-1024x683.jpg 1024w, http:\/\/www.kod-mazowsze.pl\/wp-content\/uploads\/2016\/10\/Zarty-sie-skonczyly-KP-05-800x533.jpg 800w, http:\/\/www.kod-mazowsze.pl\/wp-content\/uploads\/2016\/10\/Zarty-sie-skonczyly-KP-05-672x448.jpg 672w, http:\/\/www.kod-mazowsze.pl\/wp-content\/uploads\/2016\/10\/Zarty-sie-skonczyly-KP-05-1038x692.jpg 1038w\" alt=\"Niech pomagaj\u0105, nie karz\u0105\" width=\"300\" height=\"200\" \/>Dajcie nam spok\u00f3j!<\/h4>\n<p>Dlatego, drodzy panowie z rz\u0105du \u2013 dajcie nam spok\u00f3j. Pozw\u00f3lcie ludziom podejmowa\u0107 decyzje zgodne z ich sumieniem. Zapatrzeni w poparcie biskup\u00f3w, odwr\u00f3\u0107cie g\u0142owy i pos\u0142uchajcie waszego wszak papie\u017ca, kt\u00f3ry m\u00f3wi, \u017ce nie wolno praw religijnych sankcjonowa\u0107 na poziomie prawa ludzkiego. Dla praw boskich, w kt\u00f3re wierzycie \u2013 i macie do tego prawo \u2013 chcecie decydowa\u0107 o ludzkim \u017cyciu. Matek, ojc\u00f3w, dzieci rodz\u0105cych si\u0119 z ci\u0119\u017ckimi wadami, zgwa\u0142conych dziewczynek i kobiet, ich dzieci, czy rodzin, kt\u00f3re marz\u0105 o potomku\u2026 Chrystus, kt\u00f3ry \u2013 jak wierzycie \u2013 by\u0142 synem Boga, na pytanie o najwa\u017cniejsze przykazanie nie wymieni\u0142 pi\u0105tego z dekalogu. Jako najwa\u017cniejsze wskaza\u0142 przykazanie mi\u0142o\u015bci, w kt\u00f3rym mowa m.in. by\u015bcie kochali bli\u017aniego swego jak siebie samego. Czy naprawd\u0119, a\u017c tak bardzo nienawidzicie samych siebie?<\/p>\n<p><strong>Nie, nie namawiam i nie nawo\u0142uj\u0119 do \u201czabijania niepe\u0142nosprawnych\u201d. Wr\u0119<\/strong><strong>cz<\/strong><strong>\u00a0przeciwnie \u2013 prosz\u0119, \u017ceby z tak\u0105 sam\u0105 determinacj\u0105 zaj\u0105\u0107 si\u0119 ochron\u0105 jako\u015bci ich \u017cycia. \u017beby sami nie chcieli si\u0119 zabija\u0107.\u00a0<\/strong>Prosz\u0119 te\u017c o niepenalizowanie opieki prenatalnej. \u017beby matki nie ba\u0142y si\u0119 i\u015b\u0107 do lekarza, szpitala, gdy co\u015b grozi ich zdrowiu, lub \u017cyciu. \u017beby lekarz nie musia\u0142 zastanawia\u0107 si\u0119, czy grozi mu kara za ratowanie \u017cycia. \u017beby kobiety nie musia\u0142y \u017cy\u0107 z \u201codst\u0105pieniem od wymierzenia kary\u201d, za zabieg ratuj\u0105cy \u017cycie. \u017beby dziecko niepe\u0142nosprawne, je\u017celi ma si\u0119 urodzi\u0107 \u2013 rodzi\u0142o si\u0119 tak, aby sam por\u00f3d nie uszkadza\u0142 go jeszcze bardziej. \u017beby rodzic wiotkiego, niepe\u0142nosprawnego noworodka, kt\u00f3ry nie mia\u0142 szans na por\u00f3d bez komplikacji m\u00f3g\u0142 liczy\u0107 na cesarskie ci\u0119cie, kt\u00f3re uchroni jego dziecko a jemu pozwoli nie przygl\u0105da\u0107 si\u0119 zdj\u0119ciom m\u00f3zgu po wielokrotnych wylewach, buzi po ci\u0119\u017ckim niedotlenieniu i g\u0142\u00f3wce zdeformowanej np. pr\u00f3\u017cnioci\u0105giem.<\/p>\n<p><strong>Prosz\u0119 w ko\u0144cu, \u017ceby lekarze nie musieli zastanawia\u0107 si\u0119 nad tym, czy wolno im przeprowadzi\u0107 operacj\u0119 prenataln\u0105, ratuj\u0105c\u0105 \u017cycie dziecka, czy aby nie ryzykuj\u0105 wi\u0119zienia, je\u017celi zabieg nie powiedzie si\u0119.<\/strong><\/p>\n<p><strong><em>dr Joanna \u0141awicka<\/em><\/strong><\/p>\n<p>prezes zarz\u0105du z Fundacji Prodeste<\/p>\n<p>Tekst ukaza\u0142 si\u0119 na profilu fejsbukowym autorki, a portal uzyska\u0142 zgod\u0119 na niezb\u0119dne poprawki przy publikacji.<\/p>\n<p>INNE G\u0141OSY W DYSKUSJI NA TEMAT OGRANICZANIA PRAW KOBIET:<\/p>\n<p><a href=\"https:\/\/www.kod-mazowsze.pl\/wiezienie-za-ratunek\/\" target=\"_blank\">Wi\u0119zienie za ratunek<\/a><\/p>\n<p><a href=\"https:\/\/www.kod-mazowsze.pl\/z-wieszakami-na-protest\/\" target=\"_blank\">Z wieszakami na protest<\/a><\/p>\n<p><a href=\"https:\/\/www.kod-mazowsze.pl\/katoliczki-chca-miec-wybor\/\" target=\"_blank\">Katoliczki chc\u0105 mie\u0107 wyb\u00f3r<\/a><\/p>\n<p><a href=\"https:\/\/www.kod-mazowsze.pl\/praw-biologii-pan-zmienisz\/\" target=\"_blank\">Praw biologii pan nie oszukasz\u2026<\/a><\/p>\n","protected":false},"excerpt":{"rendered":"<p>\u017ar\u00f3d\u0142o &lt;klik&gt; \u201eUpo\u015bledzona, to konfabuluje\u201d, wi\u0119c nikt z personelu domu opieki nie wierzy\u0142 w gwa\u0142t, kt\u00f3rego dokonali niepe\u0142nosprawni ch\u0142opcy. Nikt [&#8230;]<\/p>\n","protected":false},"author":1,"featured_media":4283,"comment_status":"closed","ping_status":"open","sticky":false,"template":"","format":"standard","meta":{"_EventAllDay":false,"_EventTimezone":"","_EventStartDate":"","_EventEndDate":"","_EventStartDateUTC":"","_EventEndDateUTC":"","_EventShowMap":false,"_EventShowMapLink":false,"_EventURL":"","_EventCost":"","_EventCostDescription":"","_EventCurrencySymbol":"","_EventCurrencyCode":"","_EventCurrencyPosition":"","_EventDateTimeSeparator":"","_EventTimeRangeSeparator":"","_EventOrganizerID":[],"_EventVenueID":[],"_OrganizerEmail":"","_OrganizerPhone":"","_OrganizerWebsite":"","_VenueAddress":"","_VenueCity":"","_VenueCountry":"","_VenueProvince":"","_VenueState":"","_VenueZip":"","_VenuePhone":"","_VenueURL":"","_VenueStateProvince":"","_VenueLat":"","_VenueLng":"","_VenueShowMap":false,"_VenueShowMapLink":false,"footnotes":""},"categories":[1],"tags":[],"class_list":["post-4282","post","type-post","status-publish","format-standard","has-post-thumbnail","hentry","category-bez-kategorii","bez-kategorii"],"_links":{"self":[{"href":"https:\/\/kodmalopolska.pl\/index.php?rest_route=\/wp\/v2\/posts\/4282","targetHints":{"allow":["GET"]}}],"collection":[{"href":"https:\/\/kodmalopolska.pl\/index.php?rest_route=\/wp\/v2\/posts"}],"about":[{"href":"https:\/\/kodmalopolska.pl\/index.php?rest_route=\/wp\/v2\/types\/post"}],"author":[{"embeddable":true,"href":"https:\/\/kodmalopolska.pl\/index.php?rest_route=\/wp\/v2\/users\/1"}],"replies":[{"embeddable":true,"href":"https:\/\/kodmalopolska.pl\/index.php?rest_route=%2Fwp%2Fv2%2Fcomments&post=4282"}],"version-history":[{"count":0,"href":"https:\/\/kodmalopolska.pl\/index.php?rest_route=\/wp\/v2\/posts\/4282\/revisions"}],"wp:featuredmedia":[{"embeddable":true,"href":"https:\/\/kodmalopolska.pl\/index.php?rest_route=\/wp\/v2\/media\/4283"}],"wp:attachment":[{"href":"https:\/\/kodmalopolska.pl\/index.php?rest_route=%2Fwp%2Fv2%2Fmedia&parent=4282"}],"wp:term":[{"taxonomy":"category","embeddable":true,"href":"https:\/\/kodmalopolska.pl\/index.php?rest_route=%2Fwp%2Fv2%2Fcategories&post=4282"},{"taxonomy":"post_tag","embeddable":true,"href":"https:\/\/kodmalopolska.pl\/index.php?rest_route=%2Fwp%2Fv2%2Ftags&post=4282"}],"curies":[{"name":"wp","href":"https:\/\/api.w.org\/{rel}","templated":true}]}}