{"id":4261,"date":"2016-10-04T04:24:13","date_gmt":"2016-10-04T02:24:13","guid":{"rendered":"http:\/\/kodmalopolska.pl\/?p=4261"},"modified":"2016-10-04T04:24:13","modified_gmt":"2016-10-04T02:24:13","slug":"czarnyprotest-oswiecim","status":"publish","type":"post","link":"https:\/\/kodmalopolska.pl\/?p=4261","title":{"rendered":"CzarnyProtest &#8211; O\u015bwi\u0119cim"},"content":{"rendered":"<p style=\"text-align: center;\"><strong>W O\u015bwi\u0119cimiu 03.10.2016<\/strong><\/p>\n<p style=\"text-align: left;\">Mieszka\u0144cy O\u015bwi\u0119cimia r\u00f3wnie\u017c postanowili wyrazi\u0107 sw\u00f3j sprzeciw wobec plan\u00f3w uchwalenia ustawy zakazuj\u0105cej aborcji. Dzisiaj na Rynku G\u0142\u00f3wnym pomimo niesprzyjaj\u0105cej pogody zebra\u0142o si\u0119 ok. 150 kobiet i m\u0119\u017cczyzn &#8211; wszyscy byli ubrani na czarno.<\/p>\n<p>Czytaj i ogl\u0105daj wi\u0119cej: &lt;\u00a0<a href=\"http:\/\/www.gazetakrakowska.pl\/wiadomosci\/malopolska-zachodnia\/a\/czarny-protest-na-rynku-w-oswiecimiu-zdjeciawideo,10698574\/\">KLIK <\/a>&gt;<\/p>\n<hr \/>\n<p><strong>Oko\u0142o 150 os\u00f3b uczestniczy\u0142o w O\u015bwi\u0119cimiu w czarnym prote\u015bcie, jak nazwano og\u00f3lnopolski strajk kobiet. Zar\u00f3wno panie jak i panowie protestowali w sercu miasta przeciwko projektowi zaostrzenia ustawy aborcyjnej.<\/strong><\/p>\n<p>Czytaj i ogl\u0105daj wi\u0119cej: &lt; <a href=\"http:\/\/faktyoswiecim.pl\/fakty\/czarny-protest-no-women-no-kraj-foto\/\">KLIK<\/a> &gt;<\/p>\n<hr \/>\n<p>Troszk\u0119 fotek uczestnik\u00f3w: &lt; <a href=\"https:\/\/goo.gl\/photos\/Lv6wRrf44s4CF8An9\">KLIK<\/a> &gt;<\/p>\n","protected":false},"excerpt":{"rendered":"<p>W O\u015bwi\u0119cimiu 03.10.2016 Mieszka\u0144cy O\u015bwi\u0119cimia r\u00f3wnie\u017c postanowili wyrazi\u0107 sw\u00f3j sprzeciw wobec plan\u00f3w uchwalenia ustawy zakazuj\u0105cej aborcji. Dzisiaj na Rynku G\u0142\u00f3wnym [&#8230;]<\/p>\n","protected":false},"author":11,"featured_media":4262,"comment_status":"closed","ping_status":"open","sticky":false,"template":"","format":"standard","meta":{"_EventAllDay":false,"_EventTimezone":"","_EventStartDate":"","_EventEndDate":"","_EventStartDateUTC":"","_EventEndDateUTC":"","_EventShowMap":false,"_EventShowMapLink":false,"_EventURL":"","_EventCost":"","_EventCostDescription":"","_EventCurrencySymbol":"","_EventCurrencyCode":"","_EventCurrencyPosition":"","_EventDateTimeSeparator":"","_EventTimeRangeSeparator":"","_EventOrganizerID":[],"_EventVenueID":[],"_OrganizerEmail":"","_OrganizerPhone":"","_OrganizerWebsite":"","_VenueAddress":"","_VenueCity":"","_VenueCountry":"","_VenueProvince":"","_VenueState":"","_VenueZip":"","_VenuePhone":"","_VenueURL":"","_VenueStateProvince":"","_VenueLat":"","_VenueLng":"","_VenueShowMap":false,"_VenueShowMapLink":false,"footnotes":""},"categories":[80],"tags":[169,147],"class_list":["post-4261","post","type-post","status-publish","format-standard","has-post-thumbnail","hentry","category-relacje-oswiecim-i-chrzanow","tag-manifestacja","tag-oswiecim","relacje-oswiecim-i-chrzanow"],"_links":{"self":[{"href":"https:\/\/kodmalopolska.pl\/index.php?rest_route=\/wp\/v2\/posts\/4261","targetHints":{"allow":["GET"]}}],"collection":[{"href":"https:\/\/kodmalopolska.pl\/index.php?rest_route=\/wp\/v2\/posts"}],"about":[{"href":"https:\/\/kodmalopolska.pl\/index.php?rest_route=\/wp\/v2\/types\/post"}],"author":[{"embeddable":true,"href":"https:\/\/kodmalopolska.pl\/index.php?rest_route=\/wp\/v2\/users\/11"}],"replies":[{"embeddable":true,"href":"https:\/\/kodmalopolska.pl\/index.php?rest_route=%2Fwp%2Fv2%2Fcomments&post=4261"}],"version-history":[{"count":0,"href":"https:\/\/kodmalopolska.pl\/index.php?rest_route=\/wp\/v2\/posts\/4261\/revisions"}],"wp:featuredmedia":[{"embeddable":true,"href":"https:\/\/kodmalopolska.pl\/index.php?rest_route=\/wp\/v2\/media\/4262"}],"wp:attachment":[{"href":"https:\/\/kodmalopolska.pl\/index.php?rest_route=%2Fwp%2Fv2%2Fmedia&parent=4261"}],"wp:term":[{"taxonomy":"category","embeddable":true,"href":"https:\/\/kodmalopolska.pl\/index.php?rest_route=%2Fwp%2Fv2%2Fcategories&post=4261"},{"taxonomy":"post_tag","embeddable":true,"href":"https:\/\/kodmalopolska.pl\/index.php?rest_route=%2Fwp%2Fv2%2Ftags&post=4261"}],"curies":[{"name":"wp","href":"https:\/\/api.w.org\/{rel}","templated":true}]}}