{"id":39374,"date":"2026-08-30T22:47:01","date_gmt":"2026-08-30T20:47:01","guid":{"rendered":"https:\/\/kodmalopolska.pl\/?p=39374"},"modified":"2026-08-30T22:49:34","modified_gmt":"2026-08-30T20:49:34","slug":"czy-polska-jest-w-europie-felieton-adama-jaskowa-267","status":"publish","type":"post","link":"https:\/\/kodmalopolska.pl\/?p=39374","title":{"rendered":"Czy Polska jest w Europie? Felieton Adama Ja\u015bkowa (267)"},"content":{"rendered":"<p>Co takiego robi\u0142 Donald Tusk w czasie swojej pracy w Brukseli? Jakie pomys\u0142y zrealizowa\u0142 w interesie Polski lub ca\u0142ej Unii ? Jaki po\u017cytek by\u0142 z tej aktywno\u015bci. Poza jego osobistym przysporzeniem emerytalnym ? Czy by\u0142a to wy\u0142\u0105cznie praca, o kt\u00f3rej pisa\u0142 Graeber?<\/p>\n<p>W dzisiejszych mediach klikbajtowych (a innych w zasadzie to ju\u017c nie ma), funkcjonuje zasada, \u017ce je\u015bli w tytule (leadzie) zadane jest pytanie, to odpowied\u017a zawarta w tek\u015bcie jest przecz\u0105ca. Rzeczywista odpowied\u017a bli\u017csza jest statusowi zwi\u0105zk\u00f3w w mediach spo\u0142eczno\u015bciowych i brzmi: to skomplikowane.<\/p>\n<p>Oczywi\u015bcie weszli\u015bmy do Unii Europejskiej, dzi\u0119ki uporowi polityk\u00f3w nieistniej\u0105cego ju\u017c SLD i raczej biernemu oporowi pozosta\u0142ych partii. Spo\u0142ecze\u0144stwo, zw\u0142aszcza ta cz\u0119\u015b\u0107 aktywna politycznie, by\u0142a euroentuzjastyczna, politycy jakby mniej. Dzi\u0119ki w\u0142a\u015bnie politykom Polska pozostaje formalnie poza stref\u0105 Euro, cho\u0107 ca\u0142a polska gospodarka w tej strefie oczywi\u015bcie jest.<\/p>\n<p>Jest kilka powod\u00f3w tego stanu wszystkie polityczne. Bycie poza stref\u0105 pozwala \u017cywi\u0107 politykom iluzj\u0119 sprawczo\u015bci i istotno\u015bci posiadania w\u0142asnej waluty emitowanej przez w\u0142asny bank. Oczywi\u015bcie, je\u015bli pominiemy zale\u017cno\u015b\u0107 od zagranicznych posiadaczy polskich obligacji i agencji ratingowych, od kt\u00f3rych realnie zale\u017cy cena polskiego d\u0142ugu. Funkcjonowanie z\u0142otego jako waluty utrudnia te\u017c przeci\u0119tnemu obywatelowi por\u00f3wnywanie swoich zarobk\u00f3w i koszt\u00f3w utrzymania do zarobk\u00f3w i koszt\u00f3w utrzymania w innych krajach strefy Euro. A przecie\u017c ca\u0142a nasza gospodarka pracuje ju\u017c w strefie Euro, nie tylko firmy, kt\u00f3re s\u0105 dostawcami dla firm niemieckich, ale r\u00f3wnie\u017c eksporterzy i importerzy. Ceny towar\u00f3w w Polsce s\u0105 ju\u017c od dawna cenami europejskimi. Jedynie p\u0142ace wielu zatrudnionych polskie, czyli ni\u017csze, za to zyski, zw\u0142aszcza najwi\u0119kszych firm, niekoniecznie polskich, s\u0105 \u201epolskie\u201d &#8211; czyli wy\u017csze ni\u017c w krajach Europy. Kto wi\u0119c zyskuje na braku Euro? Funkcjonuj\u0105ce w Polsce koncerny \u015bwiatowe, nie tylko europejskie oraz po kolei rz\u0105dz\u0105cy politycy.<\/p>\n<p>Sporo si\u0119 ostatnio dzieje w Europie. Trwa przebudowa polityki klimatycznej oraz podejmowane s\u0105 pr\u00f3by formu\u0142owania strategii rozwoju. T\u0119 ostatni\u0105 podj\u0105\u0142 Mario Draghi, autor s\u0142ynnego raportu o stanie Europy, zaprezentowanego w 2024 roku. Teraz zebra\u0142 ekspert\u00f3w, kt\u00f3rzy pod nazw\u0105 Grupa Renu maj\u0105 przygotowa\u0107 rekomendacje dla europejskiej gospodarki. Polscy publicy\u015bci i ekonomi\u015bci ubolewaj\u0105, \u017ce nie ma w zespole nikogo z Polski, a i sama Polska nie b\u0119dzie w kr\u0119gu zainteresowa\u0144.<\/p>\n<p>Warto si\u0119 zainteresowa\u0107 dlaczego. O pierwszym powodzie ju\u017c napisa\u0142em. Drugi jest r\u00f3wnie\u017c polityczny. Polska od czasu wej\u015bcia do UE poza roszczeniami i marudzeniem nic do niej nie wnios\u0142a. Ca\u0142y czas by\u0142a pasa\u017cerem na gap\u0119, domagaj\u0105cym si\u0119 specjalnego traktowania, bez odrobiny refleksji. Politycy i ekonomi\u015bci podkre\u015blaj\u0105 wielki rozw\u00f3j gospodarczy i fakt, \u017ce jeste\u015bmy 6 gospodark\u0105 UE. Tyle \u017ce sta\u0142o si\u0119 to niemal wy\u0142\u0105cznie za spraw\u0105 akcesji, nap\u0142ywem funduszy europejskich i inwestycji bezpo\u015brednich. Unia da\u0142a nam stabilno\u015b\u0107, \u015brodki rozwojowe, kt\u00f3rych znaczna cz\u0119\u015b\u0107 zosta\u0142a wydana z sensem. Z\u0142o\u015bliwie mo\u017cna by doda\u0107, \u017ce jeste\u015bmy na tak wysokim miejscu, bo z Unii wysz\u0142a Wielka Brytania.<\/p>\n<p>Zas\u0142ugi polskiej klasy politycznej s\u0105 wi\u0119c w tej sprawie prawie \u017cadne. Poza jak wcze\u015bniej wspomina\u0142em politykami nieistniej\u0105cej ju\u017c SLD, nikt nie przy\u0142o\u017cy\u0142 do tego r\u0119ki. I warto pami\u0119ta\u0107, \u017ce Platforma Obywatelska, by\u0142a raczej \u0142agodnie eurosceptyczna, g\u0142osz\u0105c has\u0142o jednego z \u00f3wczesnych tenor\u00f3w, Jana Rokity, &#8222;Nicea albo \u015bmier\u0107&#8221;. I Nicea \u017cyje, i Polska nie umar\u0142a, a nawet Rokit\u0119 wygrzebano z niebytu i pozwolono g\u0142osi\u0107 swoje prawdy w mediach, co prawda \u201ezerowych\u201d, ale o sporych zasi\u0119gach.<\/p>\n<p>Jedyn\u0105 jak dot\u0105d sensown\u0105 propozycj\u0119, z\u0142o\u017cy\u0142 publicznie prezes Maspexu, najwi\u0119kszego w Polsce konglomeratu spo\u017cywczego, Krzysztof Pawi\u0144ski. Zaproponowa\u0142 on, by <em>uczyni\u0107 z ETS wewn\u0119trzny podatek UE, rodzaj wsp\u00f3lnotowej akcyzy, z kt\u00f3rej dobra eksportowane by\u0142yby zwolnione.\u00a0R\u00f3wnocze\u015bnie na wej\u015bciu do wsp\u00f3lnego rynku powinno funkcjonowa\u0107 pe\u0142ne &#8222;c\u0142o za energi\u0119 zawart\u0105 w produkcie&#8221;\u2013 odpowiednik CBAM (unijny mechanizm dostosowywania cen na granicach z uwzgl\u0119dnieniem emisji dwutlenku w\u0119gla), ale obejmuj\u0105cy ca\u0142y import, a nie tylko wybrane surowce (jak jest teraz \u2013 znowu na nasz\u0105 szkod\u0119). By\u0142by to czytelny i transparentny model podatkowy m\u00f3wi\u0105cy: wewn\u0105trz UE wysoko opodatkowujemy konsumowan\u0105 szeroko energi\u0119, dlatego produkty wchodz\u0105ce na nasz rynek musz\u0105 zap\u0142aci\u0107 taki sam podatek od energii zawartej w ich wytworzeniu<\/em>\u00a0(za Gazet\u0105 Wyborcz\u0105).<\/p>\n<p>Ciekawi mnie, czy ktokolwiek z polskich polityk\u00f3w, dzia\u0142aj\u0105cych w kraju, czy w Parlamencie Europejskim pochyli si\u0119 nad tym pomys\u0142em. Mo\u017ce prezes Maspexu powinien przes\u0142a\u0107 go bezpo\u015brednio do Draghiego.<\/p>\n<p>Na koniec podziel\u0119 si\u0119 moimi w\u0105tpliwo\u015bciami. Co takiego robi\u0142 Donald Tusk w czasie swojej pracy w Brukseli? Jakie pomys\u0142y zrealizowa\u0142 w interesie Polski lub ca\u0142ej Unii ? Jaki po\u017cytek by\u0142 z tej aktywno\u015bci. Poza jego osobistym przysporzeniem emerytalnym ? Czy by\u0142a to wy\u0142\u0105cznie praca, o kt\u00f3rej pisa\u0142 Graeber? Czy kto\u015b zna odpowiedzi na te pytania?<\/p>\n<p><em>R\u00f3wnie\u017c na\u00a0<\/em><a href=\"https:\/\/aristoskr.wordpress.com\/\" target=\"_blank\" rel=\"noreferrer noopener\"><em>aristoskr.wordpress.com<\/em><\/a><\/p>\n<hr class=\"wp-block-separator has-alpha-channel-opacity\" \/>\n<p><em>Felieton jest wyrazem opinii autora. Nie prezentuje stanowiska ZR Ma\u0142opolskie.<\/em><\/p>\n","protected":false},"excerpt":{"rendered":"<p>Co takiego robi\u0142 Donald Tusk w czasie swojej pracy w Brukseli? Jakie pomys\u0142y zrealizowa\u0142 w interesie Polski lub ca\u0142ej Unii ? Jaki po\u017cytek by\u0142 z tej aktywno\u015bci. Poza jego osobistym przysporzeniem emerytalnym ? Czy by\u0142a to wy\u0142\u0105cznie praca, o kt\u00f3rej pisa\u0142 Graeber?<\/p>\n","protected":false},"author":34,"featured_media":20415,"comment_status":"closed","ping_status":"open","sticky":false,"template":"","format":"standard","meta":{"_EventAllDay":false,"_EventTimezone":"","_EventStartDate":"","_EventEndDate":"","_EventStartDateUTC":"","_EventEndDateUTC":"","_EventShowMap":false,"_EventShowMapLink":false,"_EventURL":"","_EventCost":"","_EventCostDescription":"","_EventCurrencySymbol":"","_EventCurrencyCode":"","_EventCurrencyPosition":"","_EventDateTimeSeparator":"","_EventTimeRangeSeparator":"","_EventOrganizerID":[],"_EventVenueID":[],"_OrganizerEmail":"","_OrganizerPhone":"","_OrganizerWebsite":"","_VenueAddress":"","_VenueCity":"","_VenueCountry":"","_VenueProvince":"","_VenueState":"","_VenueZip":"","_VenuePhone":"","_VenueURL":"","_VenueStateProvince":"","_VenueLat":"","_VenueLng":"","_VenueShowMap":false,"_VenueShowMapLink":false,"footnotes":""},"categories":[596],"tags":[],"class_list":["post-39374","post","type-post","status-publish","format-standard","has-post-thumbnail","hentry","category-felietony","felietony"],"_links":{"self":[{"href":"https:\/\/kodmalopolska.pl\/index.php?rest_route=\/wp\/v2\/posts\/39374","targetHints":{"allow":["GET"]}}],"collection":[{"href":"https:\/\/kodmalopolska.pl\/index.php?rest_route=\/wp\/v2\/posts"}],"about":[{"href":"https:\/\/kodmalopolska.pl\/index.php?rest_route=\/wp\/v2\/types\/post"}],"author":[{"embeddable":true,"href":"https:\/\/kodmalopolska.pl\/index.php?rest_route=\/wp\/v2\/users\/34"}],"replies":[{"embeddable":true,"href":"https:\/\/kodmalopolska.pl\/index.php?rest_route=%2Fwp%2Fv2%2Fcomments&post=39374"}],"version-history":[{"count":3,"href":"https:\/\/kodmalopolska.pl\/index.php?rest_route=\/wp\/v2\/posts\/39374\/revisions"}],"predecessor-version":[{"id":39377,"href":"https:\/\/kodmalopolska.pl\/index.php?rest_route=\/wp\/v2\/posts\/39374\/revisions\/39377"}],"wp:featuredmedia":[{"embeddable":true,"href":"https:\/\/kodmalopolska.pl\/index.php?rest_route=\/wp\/v2\/media\/20415"}],"wp:attachment":[{"href":"https:\/\/kodmalopolska.pl\/index.php?rest_route=%2Fwp%2Fv2%2Fmedia&parent=39374"}],"wp:term":[{"taxonomy":"category","embeddable":true,"href":"https:\/\/kodmalopolska.pl\/index.php?rest_route=%2Fwp%2Fv2%2Fcategories&post=39374"},{"taxonomy":"post_tag","embeddable":true,"href":"https:\/\/kodmalopolska.pl\/index.php?rest_route=%2Fwp%2Fv2%2Ftags&post=39374"}],"curies":[{"name":"wp","href":"https:\/\/api.w.org\/{rel}","templated":true}]}}