{"id":39193,"date":"2026-04-28T22:43:45","date_gmt":"2026-04-28T20:43:45","guid":{"rendered":"https:\/\/kodmalopolska.pl\/?p=39193"},"modified":"2026-04-28T22:43:45","modified_gmt":"2026-04-28T20:43:45","slug":"uniwersytet-i-wojna-felieton-fryderyka-zolla-566","status":"publish","type":"post","link":"https:\/\/kodmalopolska.pl\/?p=39193","title":{"rendered":"Uniwersytet i wojna. Felieton Fryderyka Zolla (566)"},"content":{"rendered":"<h4>W ostatni\u0105 sobot\u0119 uczestniczy\u0142em w rozdaniu dyplom\u00f3w wydzia\u0142u prawa Zachodnioukrai\u0144skiego Uniwersytetu w Tarnopolu. Ceremonia mia\u0142a miejsce w pi\u0119knie odnowionych salach zbaraskiego zamku.<\/h4>\n<p>Nowi absolwenci, bardzo m\u0142odzi ludzie, dojrzewali w szczeg\u00f3lnych warunkach. Ich pokolenie przesz\u0142o bezpo\u015brednio z koszmaru covidu w koszmar wojny. Egzaminy si\u0119 zbli\u017ca\u0142y, wi\u0119c mimo nalot\u00f3w nie przerywano nauki. Po dyplomy przybyli te\u017c \u017co\u0142nierze prosto z pola walki. Nie by\u0142o wiadomo, czy przyjedzie dziekan wydzia\u0142u, profesor i podpu\u0142kownik, kt\u00f3ry jest na froncie. W czasie uroczysto\u015bci odtwarzano jego zarejestrowane przes\u0142anie dla absolwent\u00f3w. Nagranie urwa\u0142o si\u0119 nagle \u2013 jak powiedziano, z przyczyn technicznych \u2013 i w tym momencie w sali pojawi\u0142 si\u0119 dziekan w mundurze. Wywo\u0142a\u0142 entuzjazm. Absolwentki w swoich mowach podkre\u015bla\u0142y, jak wiele dla nich znaczy. M\u00f3wi\u0142y, \u017ce dla wszystkich student\u00f3w sta\u0142 si\u0119 wzorem na ca\u0142e \u017cycie.<\/p>\n<p>Polska by\u0142a na tej ceremonii reprezentowana przez pani\u0105 doktor Monik\u0119 Strus-Wolos z Uniwersytetu Warszawskiego i przeze mnie. Obecno\u015b\u0107 polskich naukowc\u00f3w tam na miejscu jest wa\u017cna, wzmacnia wi\u0119\u017a, kt\u00f3ra ju\u017c owocuje, a jeszcze mocniej zaowocuje w przysz\u0142o\u015bci. Przekazali\u015bmy wspania\u0142e ksi\u0105\u017cki, g\u0142\u00f3wnie na temat mi\u0119dzynarodowego prawa publicznego, opublikowane przez znakomite belgijskie wydawnictwo Brill. Trafi\u0105 do biblioteki prawa europejskiego i por\u00f3wnawczego, kt\u00f3r\u0105 wsp\u00f3\u0142organizujemy dzi\u0119ki wielkiej pomocy prawniczych wydawnictw z ca\u0142ej Europy. By\u0142o wida\u0107 si\u0142\u0119 uniwersytetu jako no\u015bnika warto\u015bci, kt\u00f3rych broni armia. Tu w pe\u0142ni ujawnia si\u0119 znaczenie has\u0142a \u201eNe cedat academia\u201d.<\/p>\n<p>Podczas tego wyjazdu dostarczyli\u015bmy jeden samoch\u00f3d dla centrum us\u0142ug socjalnych w Krzemie\u0144cu, a drugi dla wojska. Wszystkim naszym darczy\u0144com serdecznie dzi\u0119kujemy. Nied\u0142ugo wyruszamy z kolejnym transportem. Szukamy samochodu z nap\u0119dem na cztery ko\u0142a, zbieramy tak\u017ce na pojazd bezza\u0142ogowy, dzi\u0119ki kt\u00f3remu mo\u017cna bezpiecznie przekazywa\u0107 \u017cywno\u015b\u0107 \u017co\u0142nierzom na pierwszej linii w okopach. Prosimy o wp\u0142aty na konto Fundacji na rzecz Kongresu Katoliczek i Katolik\u00f3w. Wsparcie ze strony naszych darczy\u0144c\u00f3w umo\u017cliwia nam dotarcie bezpo\u015brednio do potrzebuj\u0105cych, z kt\u00f3rymi pozostajemy w ci\u0105g\u0142ym kontakcie. Ta pomoc ratuje \u017cycie, pozwala przetrwa\u0107 czas wojny i stanowi wa\u017cny wk\u0142ad we wsp\u00f3ln\u0105 polsko-ukrai\u0144sk\u0105 przysz\u0142o\u015b\u0107 w Europie.<\/p>\n<p>PS Wp\u0142aty na konto Fundacji prosimy oznacza\u0107 dopiskiem \u201eUkraina\u201d.<\/p>\n<hr class=\"wp-block-separator has-alpha-channel-opacity\" \/>\n<table>\n<tbody>\n<tr>\n<td>Wesprzyj Ukrain\u0119 poprzez Fundacj\u0119 na rzecz Kongresu Katoliczek i Katolik\u00f3w (wp\u0142aty z dopiskiem\u00a0<strong>\u201eUkraina<\/strong>\u201d)<\/td>\n<td width=\"160\"><a href=\"https:\/\/kongreskk.pl\/fundacja\/\"><img decoding=\"async\" src=\"https:\/\/kodmalopolska.pl\/wp-content\/uploads\/2024\/01\/FundacjaKKK-e1704211837383.jpg\" \/><\/a><\/td>\n<\/tr>\n<\/tbody>\n<\/table>\n<hr class=\"wp-block-separator has-alpha-channel-opacity\" \/>\n<table width=\"100%\">\n<tbody>\n<tr>\n<td><img loading=\"lazy\" decoding=\"async\" class=\"\" src=\"https:\/\/zrzutka.pl\/uploads\/chipin\/wcr3gy\/cover\/orginal\/5db3556c422ef20bf246c50a8338a0dd.jpg\" width=\"290\" height=\"162\" \/><\/td>\n<td>Wspieramy walcz\u0105cych w Ukrainie<\/td>\n<td><iframe src=\"https:\/\/zrzutka.pl\/wcr3gy\/widget\/14\" frameborder=\"0\" scrolling=\"no\" data-mce-fragment=\"1\"><\/iframe><\/td>\n<\/tr>\n<\/tbody>\n<\/table>\n<hr class=\"wp-block-separator has-alpha-channel-opacity\" \/>\n<p><em>Felieton jest wyrazem opinii autora. Nie prezentuje stanowiska ZR Ma\u0142opolskie.<\/em><\/p>\n","protected":false},"excerpt":{"rendered":"<p>W ostatni\u0105 sobot\u0119 uczestniczy\u0142em w rozdaniu dyplom\u00f3w wydzia\u0142u prawa Zachodnioukrai\u0144skiego Uniwersytetu w Tarnopolu. Ceremonia mia\u0142a miejsce w pi\u0119knie odnowionych salach zbaraskiego zamku.<\/p>\n","protected":false},"author":34,"featured_media":36295,"comment_status":"closed","ping_status":"open","sticky":false,"template":"","format":"standard","meta":{"_EventAllDay":false,"_EventTimezone":"","_EventStartDate":"","_EventEndDate":"","_EventStartDateUTC":"","_EventEndDateUTC":"","_EventShowMap":false,"_EventShowMapLink":false,"_EventURL":"","_EventCost":"","_EventCostDescription":"","_EventCurrencySymbol":"","_EventCurrencyCode":"","_EventCurrencyPosition":"","_EventDateTimeSeparator":"","_EventTimeRangeSeparator":"","_EventOrganizerID":[],"_EventVenueID":[],"_OrganizerEmail":"","_OrganizerPhone":"","_OrganizerWebsite":"","_VenueAddress":"","_VenueCity":"","_VenueCountry":"","_VenueProvince":"","_VenueState":"","_VenueZip":"","_VenuePhone":"","_VenueURL":"","_VenueStateProvince":"","_VenueLat":"","_VenueLng":"","_VenueShowMap":false,"_VenueShowMapLink":false,"footnotes":""},"categories":[596],"tags":[],"class_list":["post-39193","post","type-post","status-publish","format-standard","has-post-thumbnail","hentry","category-felietony","felietony"],"_links":{"self":[{"href":"https:\/\/kodmalopolska.pl\/index.php?rest_route=\/wp\/v2\/posts\/39193","targetHints":{"allow":["GET"]}}],"collection":[{"href":"https:\/\/kodmalopolska.pl\/index.php?rest_route=\/wp\/v2\/posts"}],"about":[{"href":"https:\/\/kodmalopolska.pl\/index.php?rest_route=\/wp\/v2\/types\/post"}],"author":[{"embeddable":true,"href":"https:\/\/kodmalopolska.pl\/index.php?rest_route=\/wp\/v2\/users\/34"}],"replies":[{"embeddable":true,"href":"https:\/\/kodmalopolska.pl\/index.php?rest_route=%2Fwp%2Fv2%2Fcomments&post=39193"}],"version-history":[{"count":2,"href":"https:\/\/kodmalopolska.pl\/index.php?rest_route=\/wp\/v2\/posts\/39193\/revisions"}],"predecessor-version":[{"id":39195,"href":"https:\/\/kodmalopolska.pl\/index.php?rest_route=\/wp\/v2\/posts\/39193\/revisions\/39195"}],"wp:featuredmedia":[{"embeddable":true,"href":"https:\/\/kodmalopolska.pl\/index.php?rest_route=\/wp\/v2\/media\/36295"}],"wp:attachment":[{"href":"https:\/\/kodmalopolska.pl\/index.php?rest_route=%2Fwp%2Fv2%2Fmedia&parent=39193"}],"wp:term":[{"taxonomy":"category","embeddable":true,"href":"https:\/\/kodmalopolska.pl\/index.php?rest_route=%2Fwp%2Fv2%2Fcategories&post=39193"},{"taxonomy":"post_tag","embeddable":true,"href":"https:\/\/kodmalopolska.pl\/index.php?rest_route=%2Fwp%2Fv2%2Ftags&post=39193"}],"curies":[{"name":"wp","href":"https:\/\/api.w.org\/{rel}","templated":true}]}}