{"id":39073,"date":"2026-01-24T22:13:00","date_gmt":"2026-01-24T21:13:00","guid":{"rendered":"https:\/\/kodmalopolska.pl\/?p=39073"},"modified":"2026-01-24T22:13:00","modified_gmt":"2026-01-24T21:13:00","slug":"rada-supermemow-felieton-adama-jaskowa-244","status":"publish","type":"post","link":"https:\/\/kodmalopolska.pl\/?p=39073","title":{"rendered":"Rada Supermem\u00f3w. Felieton Adama Ja\u015bkowa (244)"},"content":{"rendered":"<h4>W Europie Zachodniej coraz wi\u0119cej g\u0142os\u00f3w m\u00f3wi o ko\u0144cu pewnego okresu wzgl\u0119dnej stabilizacji mi\u0119dzynarodowej. Ale przecie\u017c tak naprawd\u0119 ta wzgl\u0119dna stabilizacja sko\u0144czy\u0142a si\u0119 wraz z upadkiem bloku wschodniego. Od tego czasu mamy nie tyle Pax Americana, ile lokalne wojny wzniecane przez USA oraz lokalne wojny wzniecane przez Rosj\u0119. Mocarstwa cz\u0119\u015b\u0107 wojen wygrywaj\u0105, cz\u0119\u015b\u0107 przegrywaj\u0105. A wszyscy inni albo przegrywaj\u0105, albo ponosz\u0105 koszty mocarstwowych \u201ezwyci\u0119stw\u201d.<\/h4>\n<p>Oczywi\u015bcie Prezydent USA chcia\u0142by szefowa\u0107 lidze supermen\u00f3w, ale \u017cycie to nie komiks, cho\u0107 czasem bywa fars\u0105. Aktualny prezydent nie powinien by\u0107 zaskoczeniem dla \u015bwiata ani tym bardziej dla Amerykan\u00f3w. Przecie\u017c to nie pierwsza kadencja a wiadomo, \u017ce druga musi by\u0107 przecie\u017c&#8230; bardziej.<\/p>\n<p>Im d\u0142u\u017cej przygl\u0105damy si\u0119 Trumpowi, tym bardziej przypomina on przeci\u0119tnego obywatela USA. Przeci\u0119tna inteligencja, przeci\u0119tna wiedza o \u015bwiecie i geografii. Za to ponad przeci\u0119tny maj\u0105tek i empatia poni\u017cej \u015bredniej. A\u017c dziw, \u017ce orientuje si\u0119, gdzie le\u017cy Grenlandia \u2013 gdzie\u015b tam na p\u00f3\u0142nocy, tu\u017c przy USA, i nie wiadomo czemu do USA nie nale\u017cy.<\/p>\n<p>Trzeba przyzna\u0107, \u017ce inteligencja pracownik\u00f3w Trumpa niemal dor\u00f3wnuje inteligencji prezydenta.<br \/>\nWygenerowana przez sztuczn\u0105 inteligencj\u0119 Bia\u0142ego Domu grafika przedstawia ra\u017anie maszeruj\u0105cych, r\u00f3wnym krokiem, Prezydenta Trumpa pod r\u0119k\u0119 z pingwinem. Prawdopodobnie prezydent, pierwszy raz w \u017cyciu od czas\u00f3w przedszkolnych truchta, by pingwin za nim nad\u0105\u017cy\u0142. Sztuczna inteligencja przyklei\u0142a pingwinowi do skrzyd\u0142a flag\u0119 ameryka\u0144sk\u0105. Para zmierza w bli\u017cej nieokre\u015blonym kierunku, na horyzoncie majacz\u0105 si\u0119 g\u00f3ry, troch\u0119 takie skaliste i malutka flaga Grenlandii. Pewnie dorzucona gratis przez grafika.<\/p>\n<p>Kto wie, czy ten obrazek nie ilustruje innej tezy Trumpa, o Ameryce osamotnionej, pozostawionej na polach bitew bez wsparcia. I tylko jeden (z czterech ?) pingwin\u00f3w wspiera Ameryk\u0119. Pozostaje do ustalenia, czy to by\u0142 Szeregowy, Kowalski, czy Ricco. Raczej na pewno nie Skipper. Obstawiam, \u017ce to Szeregowy, bo naiwniak wierzy\u0142 ka\u017cdemu, wi\u0119c mo\u017ce uwierzy\u0142by te\u017c Trumpowi.<\/p>\n<p>Mo\u017cna by mi zarzuci\u0107, \u017ce nie traktuje Prezydenta USA ca\u0142kiem powa\u017cnie. Faktycznie to by\u0142by b\u0142\u0105d, gdyby od niego bezpo\u015brednio zale\u017ca\u0142o moje \u017cycie. Ale chyba wi\u0119ksze zdziwienie powinno budzi\u0107 dzia\u0142anie tych, kt\u00f3rzy na powa\u017cnie oddaj\u0105 swoje losy w r\u0119ce Trumpa.<\/p>\n<p>Owszem udzia\u0142, mniej lub bardziej entuzjastyczny, niekt\u00f3rych kraj\u00f3w w prywatnym przedsi\u0119wzi\u0119ciu nie musi dziwi\u0107. Premier Argentyny Javier Milei przyst\u0105pi\u0142 z entuzjazmem, bo inaczej Trup nie udzieli mu azylu, gdy Argentyna w ko\u0144cu wyrzuci go z kraju. By\u0107 mo\u017ce podobnie my\u015bli premier W\u0119gier. Kosowo, Arabia Saudyjska, Izrael, Bahrajn wspieraj\u0105 Trumpa od samego pocz\u0105tku. Turcja i Egipt maj\u0105 swoje interesy w strefie Gazy. Mongolia i Bia\u0142oru\u015b poczu\u0142y si\u0119 zaszczycone zapewne zaproszeniem. Ale chyba nic bardziej nie kompromituje Rady, opr\u00f3cz oczywi\u015bcie samego pomys\u0142odawcy, jak udzia\u0142 w niej Toniego Blaira.<\/p>\n<p>Obra\u017cony Trump wykluczy\u0142 udzia\u0142 Kanady w Radzie a Francja, Niemcy i Wielka Brytania, mniej lub bardziej grzecznie odm\u00f3wi\u0142y. Trudno si\u0119 spodziewa\u0107, by do Rady do\u0142\u0105czy\u0142a Hiszpania z rz\u0105dem najbardziej chyba w Europie krytykuj\u0105cym dzia\u0142ania Trumpa.<\/p>\n<p>Wygl\u0105da na to, \u017ce Polska mo\u017ce by\u0107 najwi\u0119kszym krajem NATO i UE rozwa\u017caj\u0105cym przyst\u0105pienie do Rady. Prezydent Nawrocki jest zaszczycony zaproszeniem, niemal jak indyk przed \u015awi\u0119tem Dzi\u0119kczynienia. Cho\u0107 indyk nie musi p\u0142aci\u0107 dodatkowo za imprez\u0119.<\/p>\n<p>Rz\u0105d ostro\u017cnie mno\u017cy trudno\u015bci, by\u0107 mo\u017ce zdaje sobie spraw\u0119, \u017ce przyst\u0105pienie do Rady Trumpa mocno skomplikowa\u0142oby relacje z krajami UE. A zdecydowana odmowa pogorszy\u0142aby relacje z USA, od kt\u00f3rych kolejne rz\u0105dy Polsk\u0119 ekonomicznie i militarnie uzale\u017cnia\u0142y.<\/p>\n<p>W Europie Zachodniej coraz wi\u0119cej g\u0142os\u00f3w m\u00f3wi o ko\u0144cu pewnego okresu wzgl\u0119dnej stabilizacji mi\u0119dzynarodowej. Ale przecie\u017c tak naprawd\u0119 ta wzgl\u0119dna stabilizacja sko\u0144czy\u0142a si\u0119 wraz z upadkiem bloku wschodniego. Od tego czasu mamy nie tyle Pax Americana, ile lokalne wojny wzniecane przez USA oraz lokalne wojny wzniecane przez Rosj\u0119. Mocarstwa cz\u0119\u015b\u0107 wojen wygrywaj\u0105, cz\u0119\u015b\u0107 przegrywaj\u0105. A wszyscy inni albo przegrywaj\u0105, albo ponosz\u0105 koszty mocarstwowych \u201ezwyci\u0119stw\u201d.<\/p>\n<p>Nowe Trumpowskie \u201eMinisterstwo Pokoju\u201d nie uchroni nas przed \u017cadnym konfliktem. Co najwy\u017cej mo\u017ce wpakowa\u0107 nas w nast\u0119pny Afganistan, katastrof\u0119 dla wszystkich, cho\u0107 najwi\u0119ksz\u0105 dla Afga\u0144czyk\u00f3w. Ju\u017c wola\u0142bym, by Trump zamiast Krzysia odszed\u0142 z Puchatkiem w sin\u0105 dal. Jak na obrazku z pingwinem.<\/p>\n<p><em>R\u00f3wnie\u017c na\u00a0<\/em><a href=\"https:\/\/aristoskr.wordpress.com\/\" target=\"_blank\" rel=\"noreferrer noopener\"><em>aristoskr.wordpress.com<\/em><\/a><\/p>\n<hr class=\"wp-block-separator has-alpha-channel-opacity\" \/>\n<p><em>Felieton jest wyrazem opinii autora. Nie prezentuje stanowiska ZR Ma\u0142opolskie.<\/em><\/p>\n","protected":false},"excerpt":{"rendered":"<p>W Europie Zachodniej coraz wi\u0119cej g\u0142os\u00f3w m\u00f3wi o ko\u0144cu pewnego okresu wzgl\u0119dnej stabilizacji mi\u0119dzynarodowej. Ale przecie\u017c tak naprawd\u0119 ta wzgl\u0119dna stabilizacja sko\u0144czy\u0142a si\u0119 wraz z upadkiem bloku wschodniego. Od tego czasu mamy nie tyle Pax Americana, ile lokalne wojny wzniecane przez USA oraz lokalne wojny wzniecane przez Rosj\u0119. Mocarstwa cz\u0119\u015b\u0107 wojen wygrywaj\u0105, cz\u0119\u015b\u0107 przegrywaj\u0105. A wszyscy inni albo przegrywaj\u0105, albo ponosz\u0105 koszty mocarstwowych \u201ezwyci\u0119stw\u201d.<\/p>\n","protected":false},"author":34,"featured_media":20415,"comment_status":"closed","ping_status":"open","sticky":false,"template":"","format":"standard","meta":{"_EventAllDay":false,"_EventTimezone":"","_EventStartDate":"","_EventEndDate":"","_EventStartDateUTC":"","_EventEndDateUTC":"","_EventShowMap":false,"_EventShowMapLink":false,"_EventURL":"","_EventCost":"","_EventCostDescription":"","_EventCurrencySymbol":"","_EventCurrencyCode":"","_EventCurrencyPosition":"","_EventDateTimeSeparator":"","_EventTimeRangeSeparator":"","_EventOrganizerID":[],"_EventVenueID":[],"_OrganizerEmail":"","_OrganizerPhone":"","_OrganizerWebsite":"","_VenueAddress":"","_VenueCity":"","_VenueCountry":"","_VenueProvince":"","_VenueState":"","_VenueZip":"","_VenuePhone":"","_VenueURL":"","_VenueStateProvince":"","_VenueLat":"","_VenueLng":"","_VenueShowMap":false,"_VenueShowMapLink":false,"footnotes":""},"categories":[596],"tags":[],"class_list":["post-39073","post","type-post","status-publish","format-standard","has-post-thumbnail","hentry","category-felietony","felietony"],"_links":{"self":[{"href":"https:\/\/kodmalopolska.pl\/index.php?rest_route=\/wp\/v2\/posts\/39073","targetHints":{"allow":["GET"]}}],"collection":[{"href":"https:\/\/kodmalopolska.pl\/index.php?rest_route=\/wp\/v2\/posts"}],"about":[{"href":"https:\/\/kodmalopolska.pl\/index.php?rest_route=\/wp\/v2\/types\/post"}],"author":[{"embeddable":true,"href":"https:\/\/kodmalopolska.pl\/index.php?rest_route=\/wp\/v2\/users\/34"}],"replies":[{"embeddable":true,"href":"https:\/\/kodmalopolska.pl\/index.php?rest_route=%2Fwp%2Fv2%2Fcomments&post=39073"}],"version-history":[{"count":3,"href":"https:\/\/kodmalopolska.pl\/index.php?rest_route=\/wp\/v2\/posts\/39073\/revisions"}],"predecessor-version":[{"id":39076,"href":"https:\/\/kodmalopolska.pl\/index.php?rest_route=\/wp\/v2\/posts\/39073\/revisions\/39076"}],"wp:featuredmedia":[{"embeddable":true,"href":"https:\/\/kodmalopolska.pl\/index.php?rest_route=\/wp\/v2\/media\/20415"}],"wp:attachment":[{"href":"https:\/\/kodmalopolska.pl\/index.php?rest_route=%2Fwp%2Fv2%2Fmedia&parent=39073"}],"wp:term":[{"taxonomy":"category","embeddable":true,"href":"https:\/\/kodmalopolska.pl\/index.php?rest_route=%2Fwp%2Fv2%2Fcategories&post=39073"},{"taxonomy":"post_tag","embeddable":true,"href":"https:\/\/kodmalopolska.pl\/index.php?rest_route=%2Fwp%2Fv2%2Ftags&post=39073"}],"curies":[{"name":"wp","href":"https:\/\/api.w.org\/{rel}","templated":true}]}}