{"id":38978,"date":"2025-10-27T14:17:12","date_gmt":"2025-10-27T13:17:12","guid":{"rendered":"https:\/\/kodmalopolska.pl\/?p=38978"},"modified":"2025-10-27T14:17:12","modified_gmt":"2025-10-27T13:17:12","slug":"wrogowie-felieton-fryderyka-zolla-551","status":"publish","type":"post","link":"https:\/\/kodmalopolska.pl\/?p=38978","title":{"rendered":"Wrogowie. Felieton Fryderyka Zolla (551)"},"content":{"rendered":"<h4>Dla Jaros\u0142awa Kaczy\u0144skiego wrogiem s\u0105 Niemcy i Francja. Kraje te d\u0105\u017c\u0105 rzekomo do zniszczenia polskiej pa\u0144stwowo\u015bci. Tak g\u0142osi prezes PiS-u, a burmistrz My\u015blenic na konwencji partyjnej rzuca w niemieck\u0105 flag\u0119 strza\u0142kami.<\/h4>\n<p>Kto\u015b, kto stoi na czele najwi\u0119kszej partii opozycyjnej, a opowiada takie bzdury, sam staje si\u0119 realnym zagro\u017ceniem dla bytu pa\u0144stwa polskiego. Niemcy i Francja s\u0105 naszymi bliskimi sojusznikami, daj\u0105 nam g\u0142\u0119bi\u0119 operacyjn\u0105 oraz podstawy do nadziei, \u017ce zagro\u017cenie moskiewskie albo si\u0119 nie zi\u015bci, albo zostanie odparte. A PiS robi teraz wszystko, aby ten sojusz os\u0142abi\u0107.<\/p>\n<p>Wojna wyostrza alternatywy. Uderzenie w sojusze Polski na Zachodzie zdaje nas na \u0142ask\u0119 wschodniej satrapii. PiS coraz ostrzej staje na pozycjach podwa\u017caj\u0105cych wyb\u00f3r cywilizacyjny, kt\u00f3ry ukonstytuowa\u0142 nasz\u0105 pa\u0144stwowo\u015b\u0107. Tak dzieje si\u0119 na poziomie mi\u0119dzynarodowym i tak si\u0119 dzieje r\u00f3wnie\u017c w polityce wewn\u0119trznej, gdy PiS jawnie grozi s\u0119dziom odwetem w razie swojego powrotu do w\u0142adzy.<\/p>\n<p>Nadchodz\u0105ce za dwa lata wybory znowu b\u0119d\u0105 mia\u0142y absurdalnie wysok\u0105 stawk\u0119. Znowu b\u0119dziemy stali przed wyborem cywilizacyjnym. Jest to perspektywa niszcz\u0105ca pa\u0144stwo. Stawianie na radykaln\u0105 polaryzacj\u0119 narodu sko\u0144czy si\u0119 katastrof\u0105. Zagro\u017cenie zewn\u0119trzne jest takie, \u017ce za wszelk\u0105 cen\u0119 powinni\u015bmy by\u0107 razem \u2013 razem z naszymi i sojusznikami i razem jako spo\u0142ecze\u0144stwo.<\/p>\n<p>Demokracja \u017cyje ze sporu, ale nie z wewn\u0119trznej wojny o wszystko. Wyborcy PiS-u musz\u0105 sobie u\u015bwiadomi\u0107, \u017ce to nie Francja i Niemcy godz\u0105 w pa\u0144stwowo\u015b\u0107 Polski, ale partia, na kt\u00f3r\u0105 sami g\u0142osuj\u0105. Tylko tak dalej, a w momencie pr\u00f3by zostaniemy sami i wewn\u0119trznie sk\u0142\u00f3ceni. Rozdziobi\u0105 nas kruki, wrony.<\/p>\n<hr class=\"wp-block-separator has-alpha-channel-opacity\" \/>\n<p><em>Felieton jest wyrazem opinii autora. Nie prezentuje stanowiska ZR Ma\u0142opolskie.<\/em><\/p>\n","protected":false},"excerpt":{"rendered":"<p>Dla Jaros\u0142awa Kaczy\u0144skiego wrogiem s\u0105 Niemcy i Francja. Kraje te d\u0105\u017c\u0105 rzekomo do zniszczenia polskiej pa\u0144stwowo\u015bci. Tak g\u0142osi prezes PiS-u, a burmistrz My\u015blenic na konwencji partyjnej rzuca w niemieck\u0105 flag\u0119 strza\u0142kami.<\/p>\n","protected":false},"author":34,"featured_media":38769,"comment_status":"closed","ping_status":"open","sticky":false,"template":"","format":"standard","meta":{"_EventAllDay":false,"_EventTimezone":"","_EventStartDate":"","_EventEndDate":"","_EventStartDateUTC":"","_EventEndDateUTC":"","_EventShowMap":false,"_EventShowMapLink":false,"_EventURL":"","_EventCost":"","_EventCostDescription":"","_EventCurrencySymbol":"","_EventCurrencyCode":"","_EventCurrencyPosition":"","_EventDateTimeSeparator":"","_EventTimeRangeSeparator":"","_EventOrganizerID":[],"_EventVenueID":[],"_OrganizerEmail":"","_OrganizerPhone":"","_OrganizerWebsite":"","_VenueAddress":"","_VenueCity":"","_VenueCountry":"","_VenueProvince":"","_VenueState":"","_VenueZip":"","_VenuePhone":"","_VenueURL":"","_VenueStateProvince":"","_VenueLat":"","_VenueLng":"","_VenueShowMap":false,"_VenueShowMapLink":false,"footnotes":""},"categories":[596],"tags":[],"class_list":["post-38978","post","type-post","status-publish","format-standard","has-post-thumbnail","hentry","category-felietony","felietony"],"_links":{"self":[{"href":"https:\/\/kodmalopolska.pl\/index.php?rest_route=\/wp\/v2\/posts\/38978","targetHints":{"allow":["GET"]}}],"collection":[{"href":"https:\/\/kodmalopolska.pl\/index.php?rest_route=\/wp\/v2\/posts"}],"about":[{"href":"https:\/\/kodmalopolska.pl\/index.php?rest_route=\/wp\/v2\/types\/post"}],"author":[{"embeddable":true,"href":"https:\/\/kodmalopolska.pl\/index.php?rest_route=\/wp\/v2\/users\/34"}],"replies":[{"embeddable":true,"href":"https:\/\/kodmalopolska.pl\/index.php?rest_route=%2Fwp%2Fv2%2Fcomments&post=38978"}],"version-history":[{"count":1,"href":"https:\/\/kodmalopolska.pl\/index.php?rest_route=\/wp\/v2\/posts\/38978\/revisions"}],"predecessor-version":[{"id":38979,"href":"https:\/\/kodmalopolska.pl\/index.php?rest_route=\/wp\/v2\/posts\/38978\/revisions\/38979"}],"wp:featuredmedia":[{"embeddable":true,"href":"https:\/\/kodmalopolska.pl\/index.php?rest_route=\/wp\/v2\/media\/38769"}],"wp:attachment":[{"href":"https:\/\/kodmalopolska.pl\/index.php?rest_route=%2Fwp%2Fv2%2Fmedia&parent=38978"}],"wp:term":[{"taxonomy":"category","embeddable":true,"href":"https:\/\/kodmalopolska.pl\/index.php?rest_route=%2Fwp%2Fv2%2Fcategories&post=38978"},{"taxonomy":"post_tag","embeddable":true,"href":"https:\/\/kodmalopolska.pl\/index.php?rest_route=%2Fwp%2Fv2%2Ftags&post=38978"}],"curies":[{"name":"wp","href":"https:\/\/api.w.org\/{rel}","templated":true}]}}