{"id":38973,"date":"2025-10-18T20:54:02","date_gmt":"2025-10-18T18:54:02","guid":{"rendered":"https:\/\/kodmalopolska.pl\/?p=38973"},"modified":"2025-10-18T20:54:02","modified_gmt":"2025-10-18T18:54:02","slug":"koalicja-opozycji-felieton-adama-jaskowa-231","status":"publish","type":"post","link":"https:\/\/kodmalopolska.pl\/?p=38973","title":{"rendered":"Koalicja opozycji. Felieton Adama Ja\u015bkowa (231)"},"content":{"rendered":"<h4>Nasze koale s\u0105 mocno posadowione (usadzone?) i te\u017c \u017cadne nie chce drzewa swojego opuszcza\u0107. B\u0119d\u0105 si\u0119 tak trzyma\u0107 a\u017c do ko\u0144ca tego rz\u0105du, a mo\u017ce nawet par\u0119 dni d\u0142u\u017cej. Nad nimi (na najwy\u017cszej ga\u0142\u0119zi?) usadowi\u0142 si\u0119 premier i patrzy na wszystko z g\u00f3ry, tak jakby chcia\u0142 wszystkim kierowa\u0107, a jednocze\u015bnie za nic, nawet za najmniejszy listek, nie ponosi\u0107 odpowiedzialno\u015bci. Dwulecie rz\u0105d\u00f3w (a w zasadzie zaledwie druga rocznica wybor\u00f3w, bo rz\u0105dy premier obj\u0105\u0142 znacznie p\u00f3\u017aniej) sk\u0142ania do p\u0142ytszych i g\u0142\u0119bszych refleksji.<\/h4>\n<p>Zapewne wielu widzia\u0142o sympatyczne zdj\u0119cia zwierz\u0105tek przytulonych do siebie w rolach lekko politycznych: stadko misi\u00f3w koala udaje koalicj\u0119 mi\u0119kkorz\u0105dz\u0105c\u0105 (coalitions), a stadko opos\u00f3w opozycj\u0119 (opossitions) . Koale to torbacze nadrzewne z podrz\u0119du wombat\u00f3w. Ci\u0105gle na rauszu, siedz\u0105 na eukaliptusie i czasem nawet nie chce im si\u0119 zej\u015b\u0107 na d\u00f3\u0142, by wej\u015b\u0107 na drugie drzewo w celach godowych. Mo\u017ce zreszt\u0105 to i lepiej, bo (wsp\u00f3\u0142)\u017cyj\u0105 bez \u015blubu i to byle jak. Oposy to te\u017c torbacze, ale z rz\u0119du dydelfokszta\u0142tnych. Te zachowuj\u0105 trze\u017awo\u015b\u0107, cho\u0107 wygl\u0105daj\u0105 jak przero\u015bni\u0119te szczury \u2013 i tyle\u017c mog\u0105, a nawet mniej, bo w og\u00f3le jest ich mniej. Mniej ni\u017c szczur\u00f3w.<\/p>\n<p>Oposy z koalami nie spotykaj\u0105 si\u0119 aktualnie ze sob\u0105 poza ogrodami zoologicznymi. Nie zajmuj\u0105 si\u0119 polityk\u0105, cho\u0107 koale pewnie da\u0142yby rad\u0119 (po paru listkach). Oposy z kolei s\u0105 bardzo rodzinne, co zakrawa na nepotyzm, ale one nie maj\u0105 z tym problemu. Jak wi\u0119kszo\u015b\u0107 polityk\u00f3w zreszt\u0105.<\/p>\n<p>Wracaj\u0105c od torbaczy do sapiens, trzeba powiedzie\u0107, \u017ce torbaczowy mem poza lekkimi pr\u00f3bami ocieplania wizerunk\u00f3w zar\u00f3wno torbaczy, jak i polityk\u00f3w, nie ma wiele wsp\u00f3lnego z rzeczywisto\u015bci\u0105 polityczn\u0105, a ju\u017c na pewno nie z rzeczywisto\u015bci\u0105 polsk\u0105.<\/p>\n<p>Polska koalicja raczej trzyma si\u0119 na dystans, cho\u0107 frakcja wielbicieli trunk\u00f3w jest w niej chyba nie mniej liczna ni\u017c w\u015br\u00f3d opozycyjnych torbaczy. I tyle\u017c j\u0105 \u0142\u0105czy, co dzieli, cho\u0107 czasem trudno wskaza\u0107, co j\u0105 \u0142\u0105czy poza rz\u0105dowymi posadami. Oczywi\u015bcie \u0142\u0105czy j\u0105 premier \u2013 tym bardziej \u017ce nasz koalicyjny rz\u0105d jest niemal w ca\u0142o\u015bci autorskim rz\u0105dem premiera.<\/p>\n<p>Mo\u017cna powiedzie\u0107, \u017ce tylko dwoje ministr\u00f3w nie zosta\u0142o przez premiera wymy\u015blonych. Pierwszym jest wicepremier i minister obrony, bo jego nie da si\u0119 wymy\u015bli\u0107. Przynajmniej ja nie by\u0142bym w stanie. Ciekawe, czy gdyby wzi\u0105\u0142 resort, na kt\u00f3rym si\u0119 odrobin\u0119 zna, czyli zdrowie, by\u0142oby troch\u0119 lepiej dla naszego zdrowia. Gorzej chyba nie \u2013 no, przynajmniej nie w tym roku. Drug\u0105 osob\u0105, kt\u00f3rej premier nie wymy\u015bli\u0142, jest ministra pracy. Cho\u0107 nie powiem, a w sumie to jednak powiem, a raczej napisz\u0119: premier wiele my\u015bli i robi, by ministra ze swoich pomys\u0142\u00f3w zrealizowa\u0142a jak najmniej. Premier (nad)u\u017cywa w tym celu ministra finans\u00f3w. A jak wiadomo, finanse rz\u0105dz\u0105 wszystkim i produkuj\u0105 nasz ostatni towar eksportowy, czyli deficyt. Reszt\u0119 ministr\u00f3w premier albo sam wymy\u015bli\u0142, albo z godno\u015bci\u0105 wzi\u0105\u0142 na swoje barki. Wymieni\u0142 albo zostawi\u0142. Jego wina i odpowiedzialno\u015b\u0107.<\/p>\n<p>Nasze koale s\u0105 mocno posadowione (usadzone?) i te\u017c \u017cadne nie chce drzewa swojego opuszcza\u0107. B\u0119d\u0105 si\u0119 tak trzyma\u0107 a\u017c do ko\u0144ca tego rz\u0105du, a mo\u017ce nawet par\u0119 dni d\u0142u\u017cej. Nad nimi (na najwy\u017cszej ga\u0142\u0119zi?) usadowi\u0142 si\u0119 premier i patrzy na wszystko z g\u00f3ry, tak jakby chcia\u0142 wszystkim kierowa\u0107, a jednocze\u015bnie za nic, nawet za najmniejszy listek, nie ponosi\u0107 odpowiedzialno\u015bci.<\/p>\n<p>Dwulecie rz\u0105d\u00f3w (a w zasadzie zaledwie druga rocznica wybor\u00f3w, bo rz\u0105dy premier obj\u0105\u0142 znacznie p\u00f3\u017aniej) sk\u0142ania do p\u0142ytszych i g\u0142\u0119bszych refleksji. Te g\u0142\u0119bsze rezerwuj\u0119 dla warszawskich polityk\u00f3w KO, nie tylko samorz\u0105dowych, szczeg\u00f3lnie nocami po paru g\u0142\u0119bszych. Tu w Krakowie, mie\u015bcie prowincjonalnej nocnej prohibicji, refleksje s\u0105 p\u0142ytsze i zabarwione sarkazmem.<\/p>\n<p>Tak wi\u0119c podsumowania dwulecia nie prowadz\u0105 do wniosku, \u017ce by\u0142o nam dane dobre pasmo. Od 100 konkret\u00f3w do 100 sukces\u00f3w. Ja osobi\u015bcie to nawet si\u0119 ciesz\u0119, \u017ce niekt\u00f3re konkrety konkretnie poleg\u0142y. Inne niestety zosta\u0142y zrealizowane i teraz nawet nie mo\u017cna premierowi (i ministrom te\u017c) zada\u0107 prac domowych. A szkoda.<\/p>\n<p>Premier pr\u00f3buje na spotkaniach t\u0142umaczy\u0107 si\u0119 z braku osi\u0105gni\u0119\u0107, ale po prawdzie sam jest (no, mo\u017ce nie ca\u0142kiem sam, mia\u0142 przecie\u017c pomocnik\u00f3w i doradc\u00f3w) sobie winien. Najpierw przecie\u017c namawia\u0142 do g\u0142osowania na sojusznik\u00f3w, czyli Polsk\u0119 2050, nie dostrzegaj\u0105c ewidentnej pomy\u0142ki w dacie, bo to jednak realnie Polska 1850, taki program Bia\u0142ych przed powstaniem styczniowym. Po umiarkowanym sukcesie wyborczym \u2013 bo lider Bia\u0142ych , pardon, Polski 2050, marzy\u0142 o pierwszym miejscu w rankingu \u2013 przysz\u0142o do negocjowania umowy koalicyjnej. A jak negocjuj\u0105 ze sob\u0105 Biali z Bia\u0142ymi, to nic r\u00f3\u017cowego czy te\u017c w nieco innych kolorach z tego nie wyjdzie. Blado-R\u00f3\u017cowi, bo przecie\u017c nie Czerwoni, dostali stanowiska bez szans na realizacj\u0119 swoich koncepcji. Ot, taka renta wdowia. Na os\u0142od\u0119 dla wd\u00f3w i sierot.<\/p>\n<p>Kl\u0119ska w wyborach prezydenckich spowodowa\u0142a, \u017ce szans\u0119 na realizacj\u0119 maj\u0105 teraz tylko postulaty opos\u00f3w \u2013 pardon, opozycji. A oposy ju\u017c przebieraj\u0105 n\u00f3\u017ckami, by dorwa\u0107 si\u0119 do owoc\u00f3w eukaliptusa, cho\u0107 w zasadzie do li\u015bci. I oto mamy teraz malutk\u0105 stabilizacj\u0119 w oczekiwaniu na nieuchronn\u0105 zmian\u0119. Obywatele za\u015b powinni umo\u015bci\u0107 si\u0119 tam, gdzie s\u0105 akuratnie. Niewa\u017cne, \u017ce brzydko pachnie, o ile jest w miar\u0119 ciep\u0142o.<\/p>\n<p>No i \u017ce sok z eukaliptusa lub czego\u015b innego mia\u0142 kto przywie\u017a\u0107. Na zdrowie.<\/p>\n<p><em>R\u00f3wnie\u017c na\u00a0<\/em><a href=\"https:\/\/aristoskr.wordpress.com\/\" target=\"_blank\" rel=\"noreferrer noopener\"><em>aristoskr.wordpress.com<\/em><\/a><\/p>\n<hr class=\"wp-block-separator has-alpha-channel-opacity\" \/>\n<p><em>Felieton jest wyrazem opinii autora. Nie prezentuje stanowiska ZR Ma\u0142opolskie.<\/em><\/p>\n","protected":false},"excerpt":{"rendered":"<p>Nasze koale s\u0105 mocno posadowione (usadzone?) i te\u017c \u017cadne nie chce drzewa swojego opuszcza\u0107. B\u0119d\u0105 si\u0119 tak trzyma\u0107 a\u017c do ko\u0144ca tego rz\u0105du, a mo\u017ce nawet par\u0119 dni d\u0142u\u017cej. Nad nimi (na najwy\u017cszej ga\u0142\u0119zi?) usadowi\u0142 si\u0119 premier i patrzy na wszystko z g\u00f3ry, tak jakby chcia\u0142 wszystkim kierowa\u0107, a jednocze\u015bnie za nic, nawet za najmniejszy listek, nie ponosi\u0107 odpowiedzialno\u015bci. Dwulecie rz\u0105d\u00f3w (a w zasadzie zaledwie druga rocznica wybor\u00f3w, bo rz\u0105dy premier obj\u0105\u0142 znacznie p\u00f3\u017aniej) sk\u0142ania do p\u0142ytszych i g\u0142\u0119bszych refleksji.<\/p>\n","protected":false},"author":34,"featured_media":20415,"comment_status":"closed","ping_status":"open","sticky":false,"template":"","format":"standard","meta":{"_EventAllDay":false,"_EventTimezone":"","_EventStartDate":"","_EventEndDate":"","_EventStartDateUTC":"","_EventEndDateUTC":"","_EventShowMap":false,"_EventShowMapLink":false,"_EventURL":"","_EventCost":"","_EventCostDescription":"","_EventCurrencySymbol":"","_EventCurrencyCode":"","_EventCurrencyPosition":"","_EventDateTimeSeparator":"","_EventTimeRangeSeparator":"","_EventOrganizerID":[],"_EventVenueID":[],"_OrganizerEmail":"","_OrganizerPhone":"","_OrganizerWebsite":"","_VenueAddress":"","_VenueCity":"","_VenueCountry":"","_VenueProvince":"","_VenueState":"","_VenueZip":"","_VenuePhone":"","_VenueURL":"","_VenueStateProvince":"","_VenueLat":"","_VenueLng":"","_VenueShowMap":false,"_VenueShowMapLink":false,"footnotes":""},"categories":[596],"tags":[],"class_list":["post-38973","post","type-post","status-publish","format-standard","has-post-thumbnail","hentry","category-felietony","felietony"],"_links":{"self":[{"href":"https:\/\/kodmalopolska.pl\/index.php?rest_route=\/wp\/v2\/posts\/38973","targetHints":{"allow":["GET"]}}],"collection":[{"href":"https:\/\/kodmalopolska.pl\/index.php?rest_route=\/wp\/v2\/posts"}],"about":[{"href":"https:\/\/kodmalopolska.pl\/index.php?rest_route=\/wp\/v2\/types\/post"}],"author":[{"embeddable":true,"href":"https:\/\/kodmalopolska.pl\/index.php?rest_route=\/wp\/v2\/users\/34"}],"replies":[{"embeddable":true,"href":"https:\/\/kodmalopolska.pl\/index.php?rest_route=%2Fwp%2Fv2%2Fcomments&post=38973"}],"version-history":[{"count":1,"href":"https:\/\/kodmalopolska.pl\/index.php?rest_route=\/wp\/v2\/posts\/38973\/revisions"}],"predecessor-version":[{"id":38974,"href":"https:\/\/kodmalopolska.pl\/index.php?rest_route=\/wp\/v2\/posts\/38973\/revisions\/38974"}],"wp:featuredmedia":[{"embeddable":true,"href":"https:\/\/kodmalopolska.pl\/index.php?rest_route=\/wp\/v2\/media\/20415"}],"wp:attachment":[{"href":"https:\/\/kodmalopolska.pl\/index.php?rest_route=%2Fwp%2Fv2%2Fmedia&parent=38973"}],"wp:term":[{"taxonomy":"category","embeddable":true,"href":"https:\/\/kodmalopolska.pl\/index.php?rest_route=%2Fwp%2Fv2%2Fcategories&post=38973"},{"taxonomy":"post_tag","embeddable":true,"href":"https:\/\/kodmalopolska.pl\/index.php?rest_route=%2Fwp%2Fv2%2Ftags&post=38973"}],"curies":[{"name":"wp","href":"https:\/\/api.w.org\/{rel}","templated":true}]}}