{"id":38952,"date":"2025-10-02T23:05:40","date_gmt":"2025-10-02T21:05:40","guid":{"rendered":"https:\/\/kodmalopolska.pl\/?p=38952"},"modified":"2025-10-02T23:05:40","modified_gmt":"2025-10-02T21:05:40","slug":"klub-ksiazkowy-idzie-wojna-spodziewaj-sie-najlepszego-przygotuj-na-najgorsze","status":"publish","type":"post","link":"https:\/\/kodmalopolska.pl\/?p=38952","title":{"rendered":"Klub Ksi\u0105\u017ckowy \u2013 &#8222;Idzie wojna? Spodziewaj si\u0119 najlepszego, przygotuj na najgorsze&#8221;"},"content":{"rendered":"<div class=\"entry-container\">\n<div class=\"entry-content\">\n<p>Zapraszamy w \u015brod\u0119,\u00a0<strong>5 listopada<\/strong>, tradycyjnie o godzinie\u00a0<strong>20:00<\/strong>. Jako kanw\u0119 do dyskusji proponujemy ksi\u0105\u017ck\u0119 \u201e<a href=\"https:\/\/lubimyczytac.pl\/ksiazka\/5185639\/idzie-wojna-spodziewaj-sie-najlepszego-przygotuj-na-najgorsze\">Idzie wojna? Spodziewaj si\u0119 najlepszego, przygotuj na najgorsze. Rozmowy z ekspertami<\/a>\u201d <a href=\"https:\/\/lubimyczytac.pl\/autor\/198297\/agnieszka-lichnerowicz\">Agnieszka Lichnerowicz<\/a>.<\/p>\n<h4>Je\u017celi chcesz dostawa\u0107 mailowe informacje o planach i wydarzeniach Klubu Ksi\u0105\u017ckowego, napisz o tym na adres\u00a0pawel.grabski@ruchkod.pl\u00a0(je\u017celi nie chcesz, zr\u00f3b to samo)<\/h4>\n<h4>\u201e<a href=\"https:\/\/lubimyczytac.pl\/ksiazka\/5185639\/idzie-wojna-spodziewaj-sie-najlepszego-przygotuj-na-najgorsze\">Idzie wojna? Spodziewaj si\u0119 najlepszego, przygotuj na najgorsze. Rozmowy z ekspertami<\/a>\u201d <a href=\"https:\/\/lubimyczytac.pl\/autor\/198297\/agnieszka-lichnerowicz\">Agnieszka Lichnerowicz<\/a>.<\/h4>\n<p><img loading=\"lazy\" decoding=\"async\" class=\"alignright wp-image-38917\" src=\"https:\/\/kodmalopolska.pl\/wp-content\/uploads\/2025\/10\/IdzieWojna.jpeg\" sizes=\"auto, (max-width: 208px) 100vw, 208px\" alt=\"\" width=\"208\" height=\"295\" \/><\/p>\n<p><em>Co zrobisz, kiedy us\u0142yszysz w nocy wycie syreny?<\/em><br \/>\n<em>Sk\u0105d b\u0119dziesz czerpa\u0107 informacje, je\u015bli internet przestanie dzia\u0142a\u0107?<\/em><br \/>\n<em>Czy masz w domu zapas wody, jedzenia i got\u00f3wki?<\/em><br \/>\n<em>Parali\u017cuj\u0105cy strach przed wojn\u0105 sprawia, \u017ce staramy si\u0119 o niej nie my\u015ble\u0107.<\/em><br \/>\n<em>Tymczasem przygotowane i odporne spo\u0142ecze\u0144stwo jest r\u00f3wnie wa\u017cne jak dobrze uzbrojona armia.<\/em><br \/>\n<em>Ka\u017cdy z nas mo\u017ce do\u0142o\u017cy\u0107 swoj\u0105 cegie\u0142k\u0119, by zwi\u0119kszy\u0107 bezpiecze\u0144stwo Polski.<\/em><br \/>\n<em>W tej ksi\u0105\u017cce trzynastu ekspert\u00f3w opowiada dziennikarce Agnieszce Lichnerowicz o tym, jakie dzia\u0142ania mo\u017cemy wdro\u017cy\u0107 ju\u017c dzi\u015b, \u017ceby w kryzysowym momencie by\u0107 przygotowanym.<\/em><\/p>\n<p><em>Tomasz Piotrowski, genera\u0142 broni \u2013 o mo\u017cliwych scenariuszach wojny i dlaczego nie warto ucieka\u0107 na Costa Brava.<\/em><br \/>\n<em>Weronika Grzebalska, socjolo\u017cka \u2013 o tym, jak wszystkich przygotowa\u0107 do obrony.<\/em><br \/>\n<em>Jan Oleszczuk-Zygmuntowski, ekonomista \u2013 o budowaniu gospodarki odpornej na wojn\u0119 i kryzysy.<\/em><br \/>\n<em>Krystyna Marcinek, ekspertka do spraw bezpiecze\u0144stwa mi\u0119dzynarodowego \u2013 o sposobach odstraszania Rosjan.<\/em><br \/>\n<em>Andrzej Leder, filozof \u2013 o nadziei radykalnej i o tym, jak wyobra\u017camy sobie wojn\u0119 i czy ma to co\u015b wsp\u00f3lnego z rzeczywisto\u015bci\u0105.<\/em><br \/>\n<em>A do tego praktyczny poradnik wojenny dla cywil\u00f3w.<\/em><br \/>\n<em>Dowiedz si\u0119, co robi\u0107, by spa\u0107 spokojniej i wzmocni\u0107 obron\u0119 kraju.<\/em><\/p>\n<p>(za lubimyczytac.pl)<\/p>\n<p>KOD Ma\u0142opolskie zaprasza Ci\u0119 na zaplanowane spotkanie online.<\/p>\n<p>Temat: Klub ksi\u0105\u017ckowy \u2013 \u201eIdzie wojna? Spodziewaj si\u0119 najlepszego, przygotuj na najgorsze\u201d<br class=\"ContentPasted2\" \/>Czas: <strong>5 listopada<\/strong>\u00a02025 08:00 PM<\/p>\n<p class=\"ContentPasted2\"><b>Do\u0142\u0105cz do spotkania:<br \/>\n<a class=\"moz-txt-link-freetext\" href=\"https:\/\/meet.jit.si\/moderated\/14a47f6979177a5c18261583ec3152b86c460b45c4a185f7167d86fa2c5bb379\">https:\/\/meet.jit.si\/moderated\/14a47f6979177a5c18261583ec3152b86c460b45c4a185f7167d86fa2c5bb379<\/a><br \/>\n<\/b>Link otworzy si\u0119 w przegl\u0105darce i nie wymaga \u017cadnych kod\u00f3w.<\/p>\n<div class=\"tribe-block tribe-block__event-website\"><a href=\"https:\/\/meet.jit.si\/moderated\/14a47f6979177a5c18261583ec3152b86c460b45c4a185f7167d86fa2c5bb379\" target=\"_self\" rel=\"noopener\">link do spotkania<\/a><\/div>\n<div><strong>Zapraszam do\u00a0<a href=\"https:\/\/forms.office.com\/e\/7GffdpUewH\">wype\u0142nienia ankiety<\/a><\/strong>, kt\u00f3ra pomo\u017ce nam zaplanowa\u0107 kolejne spotkania. Propozycje kolejnych tytu\u0142\u00f3w prosz\u0119 wpisywa\u0107 jako \u201einna pozycja\u201d w\u00a0<a href=\"https:\/\/forms.office.com\/e\/7GffdpUewH\">ostatniej ankiecie<\/a>, lub,\u00a0 z uzasadnieniem, \u00a0pod adresem\u00a0<a href=\"http:\/\/klubksiazkowy.eu\/?page_id=90\">http:\/\/klubksiazkowy.eu<\/a>\u00a0w zak\u0142adce \u201eUzasadnienia propozycji\u201d. Mo\u017cna tam tak\u017ce zamie\u015bci\u0107 uwagi n\/t ju\u017c omawianych ksi\u0105\u017cek oraz ich oceny. Propozycje te zostan\u0105 uwzgl\u0119dnione w kolejnej ankiecie.<\/div>\n<\/div>\n<\/div>\n<footer class=\"entry-footer\">\n<div id=\"sharelinks\" class=\"share-icons\"><\/div>\n<\/footer>\n","protected":false},"excerpt":{"rendered":"<p>Zapraszamy w \u015brod\u0119,\u00a05 listopada, tradycyjnie o godzinie\u00a020:00. Jako kanw\u0119 do dyskusji proponujemy ksi\u0105\u017ck\u0119 \u201eIdzie wojna? Spodziewaj si\u0119 najlepszego, przygotuj na najgorsze. Rozmowy z ekspertami\u201d Agnieszka Lichnerowicz.<\/p>\n","protected":false},"author":34,"featured_media":38954,"comment_status":"closed","ping_status":"open","sticky":false,"template":"","format":"standard","meta":{"_EventAllDay":false,"_EventTimezone":"","_EventStartDate":"","_EventEndDate":"","_EventStartDateUTC":"","_EventEndDateUTC":"","_EventShowMap":false,"_EventShowMapLink":false,"_EventURL":"","_EventCost":"","_EventCostDescription":"","_EventCurrencySymbol":"","_EventCurrencyCode":"","_EventCurrencyPosition":"","_EventDateTimeSeparator":"","_EventTimeRangeSeparator":"","_EventOrganizerID":[],"_EventVenueID":[],"_OrganizerEmail":"","_OrganizerPhone":"","_OrganizerWebsite":"","_VenueAddress":"","_VenueCity":"","_VenueCountry":"","_VenueProvince":"","_VenueState":"","_VenueZip":"","_VenuePhone":"","_VenueURL":"","_VenueStateProvince":"","_VenueLat":"","_VenueLng":"","_VenueShowMap":false,"_VenueShowMapLink":false,"footnotes":""},"categories":[684],"tags":[],"class_list":["post-38952","post","type-post","status-publish","format-standard","has-post-thumbnail","hentry","category-klub-ksiazkowy","klub-ksiazkowy"],"_links":{"self":[{"href":"https:\/\/kodmalopolska.pl\/index.php?rest_route=\/wp\/v2\/posts\/38952","targetHints":{"allow":["GET"]}}],"collection":[{"href":"https:\/\/kodmalopolska.pl\/index.php?rest_route=\/wp\/v2\/posts"}],"about":[{"href":"https:\/\/kodmalopolska.pl\/index.php?rest_route=\/wp\/v2\/types\/post"}],"author":[{"embeddable":true,"href":"https:\/\/kodmalopolska.pl\/index.php?rest_route=\/wp\/v2\/users\/34"}],"replies":[{"embeddable":true,"href":"https:\/\/kodmalopolska.pl\/index.php?rest_route=%2Fwp%2Fv2%2Fcomments&post=38952"}],"version-history":[{"count":3,"href":"https:\/\/kodmalopolska.pl\/index.php?rest_route=\/wp\/v2\/posts\/38952\/revisions"}],"predecessor-version":[{"id":38957,"href":"https:\/\/kodmalopolska.pl\/index.php?rest_route=\/wp\/v2\/posts\/38952\/revisions\/38957"}],"wp:featuredmedia":[{"embeddable":true,"href":"https:\/\/kodmalopolska.pl\/index.php?rest_route=\/wp\/v2\/media\/38954"}],"wp:attachment":[{"href":"https:\/\/kodmalopolska.pl\/index.php?rest_route=%2Fwp%2Fv2%2Fmedia&parent=38952"}],"wp:term":[{"taxonomy":"category","embeddable":true,"href":"https:\/\/kodmalopolska.pl\/index.php?rest_route=%2Fwp%2Fv2%2Fcategories&post=38952"},{"taxonomy":"post_tag","embeddable":true,"href":"https:\/\/kodmalopolska.pl\/index.php?rest_route=%2Fwp%2Fv2%2Ftags&post=38952"}],"curies":[{"name":"wp","href":"https:\/\/api.w.org\/{rel}","templated":true}]}}