{"id":38859,"date":"2025-07-20T14:22:10","date_gmt":"2025-07-20T12:22:10","guid":{"rendered":"https:\/\/kodmalopolska.pl\/?p=38859"},"modified":"2025-07-20T14:32:16","modified_gmt":"2025-07-20T12:32:16","slug":"22-lipca-dawniej-donald-tusk-felieton-adama-jaskowa-218","status":"publish","type":"post","link":"https:\/\/kodmalopolska.pl\/?p=38859","title":{"rendered":"22 lipca. Dawniej Donald Tusk. Felieton Adama Ja\u015bkowa (219)"},"content":{"rendered":"\n<h2 class=\"wp-block-heading has-medium-font-size\"><br \/>Marcin Pi\u0105tkowski, autor gospodarczej historii Polski <em>Z\u0142oty wiek. Jak Polska zosta\u0142a europejskim liderem wzrostu i jaka czeka j\u0105 przysz\u0142o\u015b\u0107<\/em> (wyd. II zaktualizowane), powiedzia\u0142 <em>Gazecie Wyborczej<\/em>: \u201eWidz\u0119 ogromny dysonans mi\u0119dzy brakiem wizji i\u00a0wiary u\u00a0rz\u0105dz\u0105cych a\u00a0ambicjami Polak\u00f3w i\u00a0Polek\u201d.<\/h2>\n\n\n\n<p>Reaktywacja rekonstrukcji \u2013 przesuni\u0119ta z\u00a01\u00a0lipca na trudno-powiedzie\u0107-kiedy, ale nie na 22 lipca \u2013 rodzi si\u0119 powoli. Pewnie w\u00a0b\u00f3lach i\u00a0splotach okoliczno\u015bci. Jedno jest chyba pewne: premier pozostanie na stanowisku. Przynajmniej do ko\u0144ca roku. Czyli przed 22 lipca jest Donald, a\u00a0po \u2013 Tusk.<\/p>\n\n\n\n<p>A potem? Poniewa\u017c premier jest wra\u017cliwy na sonda\u017ce, ten mo\u017ce urazi\u0107 jego uczucia. SW Research przeprowadzi\u0142 badania na grupie reprezentatywnej, zadaj\u0105c tylko jedno pytanie: \u201eKto b\u0119dzie premierem po najbli\u017cszych wyborach, zak\u0142adaj\u0105c, \u017ce odb\u0119d\u0105 si\u0119 w&nbsp;2027 roku?\u201d. Zwyci\u0119\u017cy\u0142 niedosz\u0142y kandydat KO na prezydenta, organizator piwnej imprezy u&nbsp;Mentzena, Rados\u0142aw Sikorski. Szef MSZ nieznacznie pokona\u0142 opcj\u0119 \u201etrudno powiedzie\u0107\u201d, kt\u00f3ra moim zdaniem powinna wygra\u0107. Trzecie miejsce przypad\u0142o S\u0142awomirowi Mentzenowi, kt\u00f3ry rzutem na ta\u015bm\u0119 przebi\u0142 opcj\u0119 \u201e(ka\u017cdy) inny polityk\u201d. Dopiero pi\u0105te miejsce w&nbsp;sonda\u017cu zaj\u0105\u0142 Tusk, cho\u0107 wyra\u017anie wyprzedzi\u0142 Przemys\u0142awa Czarnka.<\/p>\n\n\n\n<p>Wygl\u0105da na to, \u017ce badani przewiduj\u0105 koalicj\u0119 KO z&nbsp;Konfederacj\u0105, w&nbsp;kt\u00f3rej to Mentzen by\u0142by wicepremierem, o&nbsp;ile oczywi\u015bcie Bosak udzieli mu b\u0142ogos\u0142awie\u0144stwa. Wed\u0142ug innych sonda\u017cy bardziej prawdopodobna jest obecnie powyborcza koalicja Konfederacji z&nbsp;PiS. Przed wyborami jednak \u2013 o&nbsp;ile odb\u0119d\u0105 si\u0119 w&nbsp;konstytucyjnym terminie \u2013 mo\u017ce si\u0119 jeszcze wiele zmieni\u0107. Nowa partia liberalna, \u201eponowoczesna\u201d, b\u0119dzie si\u0119 stara\u0142a podebra\u0107 wyborc\u00f3w Konfederacji lub\/i KO, a&nbsp;Konfederacja Brauna (Korony Polskiej) spr\u00f3buje podebra\u0107 konserwatywnych wyborc\u00f3w Konfederacji Mentzena i&nbsp;Bosaka. \u017beby u\u0142atwi\u0107 wyborcom rozr\u00f3\u017cnienie, pierwsza powinna przyj\u0105\u0107 nazw\u0119 Targowickiej, a&nbsp;druga Barskiej. Albo odwrotnie.<\/p>\n\n\n\n<p>Wszystko to jednak dopiero po wyborach, a&nbsp;na pewno po rekonstrukcji. Z&nbsp;drugiego expos\u00e9, kt\u00f3re by\u0142o raczej <em>ex post<\/em> ni\u017c <em>pro futuro<\/em>, dowiedzieli\u015bmy si\u0119, \u017ce w&nbsp;zasadzie wszystko ju\u017c wiemy. To znaczy, wiemy wszystko o&nbsp;premierze, bo nic nowego nie powiedzia\u0142.<\/p>\n\n\n\n<p>Je\u015bli rekonstrukcja ma poprawi\u0107 sonda\u017ce, to niestety z&nbsp;innego badania wynika, \u017ce Polacy nie wi\u0105\u017c\u0105 z&nbsp;ni\u0105 wielkich nadziei. Jakakolwiek by by\u0142a, i&nbsp;tak w najlepszym przypadku nie podniesie ocen premiera, rz\u0105du i&nbsp;koalicji. A&nbsp;najlepsze przypadki ostatnio nam si\u0119 nie przydarzaj\u0105. Najnowszy sonda\u017c <em>SW Research<\/em> dla <em>Onetu<\/em> wykaza\u0142, \u017ce Polacy s\u0105 sceptyczni wobec rekonstrukcji rz\u0105du Donalda Tuska. Na pytanie, czy planowana rekonstrukcja rz\u0105du przyczyni si\u0119 do poprawy notowa\u0144 koalicji rz\u0105dz\u0105cej, zaledwie 8,1% badanych odpowiedzia\u0142o \u201ezdecydowanie tak\u201d, a&nbsp;19,5% \u201eraczej tak\u201d, co \u0142\u0105cznie daje 27,6% optymist\u00f3w. Przewa\u017caj\u0105 jednak pesymi\u015bci: 42,6% respondent\u00f3w uwa\u017ca, \u017ce zmiany nie przynios\u0105 poprawy. Zreszt\u0105 sonda\u017cy mamy coraz wi\u0119cej, pewnie s\u0105 coraz ta\u0144sze, tyle \u017ce p\u0142yn\u0105ca z&nbsp;nich wiedza ma coraz mniej istotne znaczenie.<\/p>\n\n\n\n<p>Miejmy nadziej\u0119, \u017ce przynajmniej po rekonstrukcji rz\u0105d b\u0119dzie w&nbsp;lepszym stanie ni\u017c koalicja. Ta niestety jest sztucznie utrzymywana przy \u017cyciu przez rz\u0105dzenie. Aktualnie sk\u0142ada si\u0119 z&nbsp;partii, kt\u00f3ra przegrywa wszystkie wybory od 2015 roku, z&nbsp;partii, kt\u00f3ra nie ma ju\u017c wyborc\u00f3w, za chwil\u0119 nie b\u0119dzie mia\u0142a aktywu, a&nbsp;mo\u017ce jeszcze straci\u0107 ostatni szaniec w&nbsp;postaci marsza\u0142ka, z&nbsp;partii, kt\u00f3ra nie ma ju\u017c wyborc\u00f3w ani przysz\u0142o\u015bci, ale ma etaty i&nbsp;synekury, oraz partii, kt\u00f3rej sonda\u017ce daj\u0105 szanse na dalsze \u017cycie polityczne, ale czeka j\u0105 rysuj\u0105cy si\u0119 mgli\u015bcie kongres, a&nbsp;po nim wszystko b\u0119dzie mo\u017cliwe. Taki polityczny kot. Schr\u00f6dingera.<\/p>\n\n\n\n<p>W rezultacie mamy rz\u0105d tymczasowy, kt\u00f3ry nie bardzo chce by\u0107 rz\u0105dem fachowc\u00f3w. O&nbsp;fachowc\u00f3w nie jest zreszt\u0105 \u0142atwo, bo cho\u0107 Stefan Friedman jeszcze \u017cyje, to Jonasz Kofta niestety nie. Marcin Pi\u0105tkowski, autor gospodarczej historii Polski <em>Z\u0142oty wiek. Jak Polska zosta\u0142a europejskim liderem wzrostu i jaka czeka j\u0105 przysz\u0142o\u015b\u0107<\/em> (wyd. II zaktualizowane), powiedzia\u0142 <em>Gazecie Wyborczej<\/em>: \u201eWidz\u0119 ogromny dysonans mi\u0119dzy brakiem wizji i&nbsp;wiary u&nbsp;rz\u0105dz\u0105cych a&nbsp;ambicjami Polak\u00f3w i&nbsp;Polek\u201d. I&nbsp;widzi to coraz wi\u0119cej os\u00f3b \u2013 zar\u00f3wno popieraj\u0105cych dzisiejsz\u0105 w\u0142adz\u0119, jak i&nbsp;dzisiejsz\u0105 opozycj\u0119.<\/p>\n\n\n\n<p><em>R\u00f3wnie\u017c na\u00a0<\/em><a href=\"https:\/\/aristoskr.wordpress.com\/\" target=\"_blank\" rel=\"noreferrer noopener\"><em>aristoskr.wordpress.com<\/em><\/a><\/p>\n\n\n\n<hr class=\"wp-block-separator has-alpha-channel-opacity\"\/>\n\n\n\n<p><em>Felieton jest wyrazem opinii autora. Nie prezentuje stanowiska ZR Ma\u0142opolskie.<\/em><\/p>\n","protected":false},"excerpt":{"rendered":"<p>Reaktywacja rekonstrukcji \u2013 przesuni\u0119ta z\u00a01\u00a0lipca na trudno-powiedzie\u0107-kiedy, ale nie na 22 lipca \u2013 rodzi si\u0119 powoli. Pewnie w\u00a0b\u00f3lach i\u00a0splotach okoliczno\u015bci. Jedno jest chyba pewne: premier pozostanie na stanowisku. Przynajmniej do ko\u0144ca roku. Czyli przed 22 lipca jest Donald, a\u00a0po \u2013 Tusk.<\/p>\n","protected":false},"author":2,"featured_media":20415,"comment_status":"closed","ping_status":"open","sticky":false,"template":"","format":"standard","meta":{"_EventAllDay":false,"_EventTimezone":"","_EventStartDate":"","_EventEndDate":"","_EventStartDateUTC":"","_EventEndDateUTC":"","_EventShowMap":false,"_EventShowMapLink":false,"_EventURL":"","_EventCost":"","_EventCostDescription":"","_EventCurrencySymbol":"","_EventCurrencyCode":"","_EventCurrencyPosition":"","_EventDateTimeSeparator":"","_EventTimeRangeSeparator":"","_EventOrganizerID":[],"_EventVenueID":[],"_OrganizerEmail":"","_OrganizerPhone":"","_OrganizerWebsite":"","_VenueAddress":"","_VenueCity":"","_VenueCountry":"","_VenueProvince":"","_VenueState":"","_VenueZip":"","_VenuePhone":"","_VenueURL":"","_VenueStateProvince":"","_VenueLat":"","_VenueLng":"","_VenueShowMap":false,"_VenueShowMapLink":false,"footnotes":""},"categories":[596],"tags":[],"class_list":["post-38859","post","type-post","status-publish","format-standard","has-post-thumbnail","hentry","category-felietony","felietony"],"_links":{"self":[{"href":"https:\/\/kodmalopolska.pl\/index.php?rest_route=\/wp\/v2\/posts\/38859","targetHints":{"allow":["GET"]}}],"collection":[{"href":"https:\/\/kodmalopolska.pl\/index.php?rest_route=\/wp\/v2\/posts"}],"about":[{"href":"https:\/\/kodmalopolska.pl\/index.php?rest_route=\/wp\/v2\/types\/post"}],"author":[{"embeddable":true,"href":"https:\/\/kodmalopolska.pl\/index.php?rest_route=\/wp\/v2\/users\/2"}],"replies":[{"embeddable":true,"href":"https:\/\/kodmalopolska.pl\/index.php?rest_route=%2Fwp%2Fv2%2Fcomments&post=38859"}],"version-history":[{"count":4,"href":"https:\/\/kodmalopolska.pl\/index.php?rest_route=\/wp\/v2\/posts\/38859\/revisions"}],"predecessor-version":[{"id":38864,"href":"https:\/\/kodmalopolska.pl\/index.php?rest_route=\/wp\/v2\/posts\/38859\/revisions\/38864"}],"wp:featuredmedia":[{"embeddable":true,"href":"https:\/\/kodmalopolska.pl\/index.php?rest_route=\/wp\/v2\/media\/20415"}],"wp:attachment":[{"href":"https:\/\/kodmalopolska.pl\/index.php?rest_route=%2Fwp%2Fv2%2Fmedia&parent=38859"}],"wp:term":[{"taxonomy":"category","embeddable":true,"href":"https:\/\/kodmalopolska.pl\/index.php?rest_route=%2Fwp%2Fv2%2Fcategories&post=38859"},{"taxonomy":"post_tag","embeddable":true,"href":"https:\/\/kodmalopolska.pl\/index.php?rest_route=%2Fwp%2Fv2%2Ftags&post=38859"}],"curies":[{"name":"wp","href":"https:\/\/api.w.org\/{rel}","templated":true}]}}