{"id":38853,"date":"2025-07-20T00:34:24","date_gmt":"2025-07-19T22:34:24","guid":{"rendered":"https:\/\/kodmalopolska.pl\/?p=38853"},"modified":"2025-07-20T00:34:25","modified_gmt":"2025-07-19T22:34:25","slug":"manifestacje-hanby-felieton-fryderyka-zolla-546","status":"publish","type":"post","link":"https:\/\/kodmalopolska.pl\/?p=38853","title":{"rendered":"Manifestacje ha\u0144by. Felieton Fryderyka Zolla (546)"},"content":{"rendered":"\n<h4 class=\"wp-block-heading\">Dzi\u015b w&nbsp;wielu polskich miastach z&nbsp;podpuszczenia Konfederacji odby\u0142y si\u0119 manifestacje przeciwko migrantom. Jest to szczeg\u00f3lnie perwersyjne wykorzystanie wolno\u015bci obywatelskich.<\/h4>\n\n\n\n<p>Polska ma pi\u0119kn\u0105 kart\u0119 protest\u00f3w w&nbsp;obronie godno\u015bci cz\u0142owieka. Dzisiaj jednak Polacy gromadzili si\u0119 przeciwko innym ludziom, przeciwko ich marzeniom, bezpiecze\u0144stwu, prawu do lepszego \u017cycia. Dzia\u0142o si\u0119 to w&nbsp;kraju, kt\u00f3rego obywatele emigrowali na pot\u0119g\u0119, szukaj\u0105c dok\u0142adnie tego samego, czego szukaj\u0105 dzisiejsi migranci. Dowodzi to niewyobra\u017calnego kryzysu moralnego, w&nbsp;jakim znalaz\u0142 si\u0119 nasz nar\u00f3d.<\/p>\n\n\n\n<p>Wczoraj grupa \u201eprawdziwych patriot\u00f3w\u201d w&nbsp;Wa\u0142brzychu pobi\u0142a Wenezuelczyka. Wszechobecna propaganda przeciwko godno\u015bci cz\u0142owieka w&nbsp;potrzebie zbiera swoje \u017cniwo. Pose\u0142 Konrad Berkowicz g\u0142osi, \u017ce za ma\u0142o jest w&nbsp;naszym kraju ksenofobii i&nbsp;\u017ce on jest ze swojej ksenofobii dumny. Pose\u0142 Krzysztof Bosak uwa\u017ca, \u017ce szerzenie k\u0142amstwa o\u015bwi\u0119cimskiego nie dyskwalifikuje pos\u0142a Brauna i&nbsp;nie stanowi przeszkody we wsp\u00f3\u0142pracy z&nbsp;tym cz\u0142owiekiem. Trwa s\u0142owna nagonka na Ukrai\u0144c\u00f3w, kt\u00f3rzy dokonuj\u0105 cud\u00f3w m\u0119stwa w&nbsp;obronie tego, co w&nbsp;naszej tradycji zawsze by\u0142o najwa\u017cniejsze: wolno\u015bci i&nbsp;niepodleg\u0142o\u015bci. Na granicach grasuj\u0105 boj\u00f3wki chwalone przez obecnego i&nbsp;przez przysz\u0142ego prezydenta.<\/p>\n\n\n\n<p>Co si\u0119 z&nbsp;nami sta\u0142o \u2013 z&nbsp;narodem, kt\u00f3ry kiedy\u015b wyruszy\u0142 po wolno\u015b\u0107 pod sztandarami Solidarno\u015bci? Nie przetrwa\u0142o nic z&nbsp;tamtego ducha i&nbsp;tamtej etyki. Obserwujemy, jak rodzi si\u0119 i&nbsp;szerzy faszyzm, i&nbsp;to w&nbsp;swojej najgro\u017aniejszej odmianie. Ponad 50% pytanych w&nbsp;badaniu sonda\u017cowym popiera stra\u017ce obywatelskie na granicy. Dzisiejsze manifestacje przeciwko imigrantom to zapowied\u017a, \u017ce jako nar\u00f3d wchodzimy w&nbsp;czas ha\u0144by. Cena za tak\u0105 ha\u0144b\u0119 jest na og\u00f3\u0142 bardzo wysoka.<\/p>\n\n\n\n<hr class=\"wp-block-separator has-alpha-channel-opacity\"\/>\n\n\n\n<p><em>Felieton jest wyrazem opinii autora. Nie prezentuje stanowiska ZR Ma\u0142opolskie.<\/em><\/p>\n","protected":false},"excerpt":{"rendered":"<p>Dzi\u015b w\u00a0wielu polskich miastach z\u00a0podpuszczenia Konfederacji odby\u0142y si\u0119 manifestacje przeciwko migrantom. Jest to szczeg\u00f3lnie perwersyjne wykorzystanie wolno\u015bci obywatelskich.<\/p>\n","protected":false},"author":2,"featured_media":38769,"comment_status":"closed","ping_status":"open","sticky":false,"template":"","format":"standard","meta":{"_EventAllDay":false,"_EventTimezone":"","_EventStartDate":"","_EventEndDate":"","_EventStartDateUTC":"","_EventEndDateUTC":"","_EventShowMap":false,"_EventShowMapLink":false,"_EventURL":"","_EventCost":"","_EventCostDescription":"","_EventCurrencySymbol":"","_EventCurrencyCode":"","_EventCurrencyPosition":"","_EventDateTimeSeparator":"","_EventTimeRangeSeparator":"","_EventOrganizerID":[],"_EventVenueID":[],"_OrganizerEmail":"","_OrganizerPhone":"","_OrganizerWebsite":"","_VenueAddress":"","_VenueCity":"","_VenueCountry":"","_VenueProvince":"","_VenueState":"","_VenueZip":"","_VenuePhone":"","_VenueURL":"","_VenueStateProvince":"","_VenueLat":"","_VenueLng":"","_VenueShowMap":false,"_VenueShowMapLink":false,"footnotes":""},"categories":[596],"tags":[686,339],"class_list":["post-38853","post","type-post","status-publish","format-standard","has-post-thumbnail","hentry","category-felietony","tag-migranci","tag-nacjonalizm","felietony"],"_links":{"self":[{"href":"https:\/\/kodmalopolska.pl\/index.php?rest_route=\/wp\/v2\/posts\/38853","targetHints":{"allow":["GET"]}}],"collection":[{"href":"https:\/\/kodmalopolska.pl\/index.php?rest_route=\/wp\/v2\/posts"}],"about":[{"href":"https:\/\/kodmalopolska.pl\/index.php?rest_route=\/wp\/v2\/types\/post"}],"author":[{"embeddable":true,"href":"https:\/\/kodmalopolska.pl\/index.php?rest_route=\/wp\/v2\/users\/2"}],"replies":[{"embeddable":true,"href":"https:\/\/kodmalopolska.pl\/index.php?rest_route=%2Fwp%2Fv2%2Fcomments&post=38853"}],"version-history":[{"count":1,"href":"https:\/\/kodmalopolska.pl\/index.php?rest_route=\/wp\/v2\/posts\/38853\/revisions"}],"predecessor-version":[{"id":38854,"href":"https:\/\/kodmalopolska.pl\/index.php?rest_route=\/wp\/v2\/posts\/38853\/revisions\/38854"}],"wp:featuredmedia":[{"embeddable":true,"href":"https:\/\/kodmalopolska.pl\/index.php?rest_route=\/wp\/v2\/media\/38769"}],"wp:attachment":[{"href":"https:\/\/kodmalopolska.pl\/index.php?rest_route=%2Fwp%2Fv2%2Fmedia&parent=38853"}],"wp:term":[{"taxonomy":"category","embeddable":true,"href":"https:\/\/kodmalopolska.pl\/index.php?rest_route=%2Fwp%2Fv2%2Fcategories&post=38853"},{"taxonomy":"post_tag","embeddable":true,"href":"https:\/\/kodmalopolska.pl\/index.php?rest_route=%2Fwp%2Fv2%2Ftags&post=38853"}],"curies":[{"name":"wp","href":"https:\/\/api.w.org\/{rel}","templated":true}]}}