{"id":38788,"date":"2025-06-06T23:05:06","date_gmt":"2025-06-06T21:05:06","guid":{"rendered":"https:\/\/kodmalopolska.pl\/?p=38788"},"modified":"2025-06-06T23:05:06","modified_gmt":"2025-06-06T21:05:06","slug":"bomby-i-swieto-felieton-fryderyka-zolla-539","status":"publish","type":"post","link":"https:\/\/kodmalopolska.pl\/?p=38788","title":{"rendered":"Bomby i \u015bwi\u0119to. Felieton Fryderyka Zolla (539)"},"content":{"rendered":"<h4>Dzi\u015b na Tarnopol spad\u0142y drony i rakiety. Wybuchy wstrz\u0105sa\u0142y miastem, kt\u00f3remu nie dano spa\u0107. Nie ma ju\u017c drewnianej karczmy, w kt\u00f3rej z Sasz\u0105 i Serhijem nieraz jedli\u015bmy kolacj\u0119.<\/h4>\n<p>By\u0142em tam ca\u0142kiem niedawno. Wracali\u015bmy z naszej wyprawy do Boczeczek w obwodzie sumskim, dok\u0105d zawie\u017ali\u015bmy dar od niemieckiej gminy Torstedt: nowoczesny w\u00f3z stra\u017cy po\u017carnej. Wsz\u0119dzie spotykali\u015bmy ludzi wym\u0119czonych wojn\u0105, ale pragn\u0105cych \u017cy\u0107 normalnie.<\/p>\n<p>Walcz\u0105ca Ukraina chroni nas i daje nam czas na przygotowanie si\u0119 do potencjalnego konfliktu z Moskw\u0105. Sejm tymczasem uchwali\u0142 nowe \u015bwi\u0119to: Narodowy Dzie\u0144 Pami\u0119ci Ofiar Ludob\u00f3jstwa dokonanego przez ukrai\u0144skich nacjonalist\u00f3w na obywatelach II RP, mimo \u017ce obchodzony jest ju\u017c Narodowy Dzie\u0144 Pami\u0119ci Ofiar Ludob\u00f3jstwa dokonanego przez ukrai\u0144skich obywateli na obywatelach RP (tu jest mowa o obywatelach ukrai\u0144skich, cho\u0107 po obydwu stronach konfliktu znajdowali si\u0119 obywatele Rzeczypospolitej). Nazwa nowego \u015bwi\u0119ta wskazuje na sprawstwo OUN UPA. Wina dow\u00f3dztwa UPA jest niew\u0105tpliwa, jednak kwestia Wo\u0142ynia, gdzie UPA by\u0142a do\u015b\u0107 s\u0142aba, a ludno\u015b\u0107 tradycyjnie powi\u0105zana z moskiewskim prawos\u0142awiem, oraz przyczyny rzezi wo\u0142y\u0144skiej i jej sprawstwo wymagaj\u0105 dalszych bada\u0144. Niemniej pomordowanym nale\u017cy si\u0119 pami\u0119\u0107.<\/p>\n<p>Uchwa\u0142a Sejmu podj\u0119ta akurat teraz jest jednak aktem fatalnym. Pisa\u0142 o tym w \u201eGazecie Wyborczej\u201d Micha\u0142 Olszewski, kt\u00f3ry r\u00f3wnie\u017c podkre\u015bla\u0142, \u017ce jedno \u015bwi\u0119to zosta\u0142o ju\u017c ustanowione. Wskaza\u0142 te\u017c na promoskiewskie inspiracje inicjator\u00f3w uchwa\u0142y Sejmu. Pos\u0142owie RP chyba jeszcze nie s\u0142yszeli, \u017ce tam na wschodzie toczy si\u0119 wojna. Ich uchwa\u0142a podwa\u017ca przekonanie Ukrai\u0144c\u00f3w, \u017ce Polska ich wspiera, wpycha ich w poczucie osamotnienia. Ponowne podnoszenie kwestii rzezi wo\u0142y\u0144skiej godzi tak\u017ce w rozpocz\u0119ty w\u0142a\u015bnie proces ekshumacji.<\/p>\n<p>Z naszego spo\u0142ecze\u0144stwa wychodz\u0105 najgorsze cechy. Pos\u0142owie os\u0142abiaj\u0105 Ukrain\u0119 w czasie moskiewskiej ofensywy, licz\u0105c na to, \u017ce uda im si\u0119 pop\u0142yn\u0105\u0107 na uwolnionej fali pod\u0142o\u015bci, kt\u00f3ra \u017cywi si\u0119 niech\u0119ci\u0105 do walcz\u0105cych Ukrai\u0144c\u00f3w. Co si\u0119 z nami dzieje? Ludzie dobrej woli staraj\u0105 si\u0119 nie\u015b\u0107 pomoc um\u0119czonej Ukrainie. Nie rezygnujmy z tego.<\/p>\n<hr class=\"wp-block-separator has-alpha-channel-opacity\" \/>\n<table>\n<tbody>\n<tr>\n<td>Wesprzyj Ukrain\u0119\u00a0poprzez Fundacj\u0119 na rzecz Kongresu Katoliczek i Katolik\u00f3w\u00a0(wp\u0142aty z dopiskiem \u201e<strong>Ukraina<\/strong>\u201d)<\/td>\n<td width=\"160\"><a href=\"https:\/\/kongreskk.pl\/fundacja\/\"><img decoding=\"async\" src=\"https:\/\/kodmalopolska.pl\/wp-content\/uploads\/2024\/01\/FundacjaKKK-e1704211837383.jpg\" \/><\/a><\/td>\n<\/tr>\n<\/tbody>\n<\/table>\n<hr class=\"wp-block-separator has-alpha-channel-opacity\" \/>\n<table width=\"100%\">\n<tbody>\n<tr>\n<td><img loading=\"lazy\" decoding=\"async\" class=\"\" src=\"https:\/\/zrzutka.pl\/uploads\/chipin\/wcr3gy\/cover\/orginal\/5db3556c422ef20bf246c50a8338a0dd.jpg\" width=\"290\" height=\"162\" \/><\/td>\n<td>Wspieramy walcz\u0105cych w Ukrainie<\/td>\n<td><iframe src=\"https:\/\/zrzutka.pl\/wcr3gy\/widget\/14\" frameborder=\"0\" scrolling=\"no\" data-mce-fragment=\"1\"><\/iframe><\/td>\n<\/tr>\n<\/tbody>\n<\/table>\n<hr class=\"wp-block-separator has-alpha-channel-opacity\" \/>\n<p>Wp\u0142aty w euro mo\u017cna dokonywa\u0107 bezpo\u015brednio na konto stowarzyszenia\u00a0<strong>Ukrainer-Hilfe Osnabr\u00fcck \u2013 Krakau \u2013 Ternopil e.V.<\/strong>\u00a0(gemeinn\u00fctzig):<br \/>\nSparkasse Osnabr\u00fcck,\u00a0<strong>IBAN DE322655 0105 1552 2824 67, BIC NOLADE22XXX.<\/strong><\/p>\n<hr class=\"wp-block-separator has-alpha-channel-opacity\" \/>\n<p><em>Felieton jest wyrazem opinii autora. Nie prezentuje stanowiska ZR Ma\u0142opolskie.<\/em><\/p>\n","protected":false},"excerpt":{"rendered":"<p>Dzi\u015b na Tarnopol spad\u0142y drony i rakiety. Wybuchy wstrz\u0105sa\u0142y miastem, kt\u00f3remu nie dano spa\u0107. Nie ma ju\u017c drewnianej karczmy, w kt\u00f3rej z Sasz\u0105 i Serhijem nieraz jedli\u015bmy kolacj\u0119.<\/p>\n","protected":false},"author":34,"featured_media":36295,"comment_status":"closed","ping_status":"open","sticky":false,"template":"","format":"standard","meta":{"_EventAllDay":false,"_EventTimezone":"","_EventStartDate":"","_EventEndDate":"","_EventStartDateUTC":"","_EventEndDateUTC":"","_EventShowMap":false,"_EventShowMapLink":false,"_EventURL":"","_EventCost":"","_EventCostDescription":"","_EventCurrencySymbol":"","_EventCurrencyCode":"","_EventCurrencyPosition":"","_EventDateTimeSeparator":"","_EventTimeRangeSeparator":"","_EventOrganizerID":[],"_EventVenueID":[],"_OrganizerEmail":"","_OrganizerPhone":"","_OrganizerWebsite":"","_VenueAddress":"","_VenueCity":"","_VenueCountry":"","_VenueProvince":"","_VenueState":"","_VenueZip":"","_VenuePhone":"","_VenueURL":"","_VenueStateProvince":"","_VenueLat":"","_VenueLng":"","_VenueShowMap":false,"_VenueShowMapLink":false,"footnotes":""},"categories":[596],"tags":[],"class_list":["post-38788","post","type-post","status-publish","format-standard","has-post-thumbnail","hentry","category-felietony","felietony"],"_links":{"self":[{"href":"https:\/\/kodmalopolska.pl\/index.php?rest_route=\/wp\/v2\/posts\/38788","targetHints":{"allow":["GET"]}}],"collection":[{"href":"https:\/\/kodmalopolska.pl\/index.php?rest_route=\/wp\/v2\/posts"}],"about":[{"href":"https:\/\/kodmalopolska.pl\/index.php?rest_route=\/wp\/v2\/types\/post"}],"author":[{"embeddable":true,"href":"https:\/\/kodmalopolska.pl\/index.php?rest_route=\/wp\/v2\/users\/34"}],"replies":[{"embeddable":true,"href":"https:\/\/kodmalopolska.pl\/index.php?rest_route=%2Fwp%2Fv2%2Fcomments&post=38788"}],"version-history":[{"count":1,"href":"https:\/\/kodmalopolska.pl\/index.php?rest_route=\/wp\/v2\/posts\/38788\/revisions"}],"predecessor-version":[{"id":38789,"href":"https:\/\/kodmalopolska.pl\/index.php?rest_route=\/wp\/v2\/posts\/38788\/revisions\/38789"}],"wp:featuredmedia":[{"embeddable":true,"href":"https:\/\/kodmalopolska.pl\/index.php?rest_route=\/wp\/v2\/media\/36295"}],"wp:attachment":[{"href":"https:\/\/kodmalopolska.pl\/index.php?rest_route=%2Fwp%2Fv2%2Fmedia&parent=38788"}],"wp:term":[{"taxonomy":"category","embeddable":true,"href":"https:\/\/kodmalopolska.pl\/index.php?rest_route=%2Fwp%2Fv2%2Fcategories&post=38788"},{"taxonomy":"post_tag","embeddable":true,"href":"https:\/\/kodmalopolska.pl\/index.php?rest_route=%2Fwp%2Fv2%2Ftags&post=38788"}],"curies":[{"name":"wp","href":"https:\/\/api.w.org\/{rel}","templated":true}]}}