{"id":38778,"date":"2025-05-29T22:49:04","date_gmt":"2025-05-29T20:49:04","guid":{"rendered":"https:\/\/kodmalopolska.pl\/?p=38778"},"modified":"2025-05-29T22:49:04","modified_gmt":"2025-05-29T20:49:04","slug":"jak-wszystko-stracic-w-jednej-chwili-felieton-fryderyka-zolla-537","status":"publish","type":"post","link":"https:\/\/kodmalopolska.pl\/?p=38778","title":{"rendered":"Jak wszystko straci\u0107 w jednej chwili. Felieton Fryderyka Zolla (537)"},"content":{"rendered":"<h4>Polska znajduje si\u0119 teraz w szczeg\u00f3lnej sytuacji. Gospodarczo zr\u00f3wna\u0142a si\u0119 z Zachodem. Poniewa\u017c sp\u0119dzam du\u017co czasu w Niemczech, widz\u0119 gigantyczny post\u0119p, jaki si\u0119 u nas dokona\u0142. Polska staje si\u0119 krajem czystszym, wygodniejszym, z lepsz\u0105 infrastruktur\u0105.<\/h4>\n<p>Mamy r\u00f3wnie\u017c znacz\u0105cy wp\u0142yw na Uni\u0119 Europejsk\u0105. Dzi\u0119ki UE mo\u017cemy gra\u0107 w koncercie razem z du\u017co pot\u0119\u017cniejszymi pa\u0144stwami. Polska jest te\u017c coraz silniejsza zbrojnie. Potrzebne jest jednak pilne naprawienie instytucji takich jak s\u0105dy i Trybuna\u0142 Konstytucyjny. Bez tego wszystko mo\u017cemy zmarnowa\u0107.<\/p>\n<p>A okazja do zaprzepaszczenia cywilizacyjnego sukcesu Polski nadarzy si\u0119 ju\u017c w najbli\u017csz\u0105 niedziel\u0119. Jeste\u015bmy o p\u00f3\u0142 kroku od zafundowania sobie ca\u0142kowitego parali\u017cu pa\u0144stwa. Wystarczy, \u017ce oddamy g\u0142os na uczestnika kibolskich ustawek, kumpla ludzi, kt\u00f3rych nigdy nie chcieliby\u015bmy napotka\u0107 na ciemnej ulicy. Wielu z nich b\u0119dzie zapewne mog\u0142o si\u0119 cieszy\u0107 \u0142ask\u0105 kolegi prezydenta, ale reszcie do\u015b\u0107 szybko zrzedn\u0105 miny. Podzia\u0142 spo\u0142ecze\u0144stwa pog\u0142\u0119bi si\u0119 dramatycznie, a nasza przysz\u0142o\u015b\u0107 w Europie stanie pod znakiem zapytania. Walki bokserskie i b\u00f3jki kibolskie to jeszcze nie jest do\u015bwiadczenie dostateczne do pe\u0142nienia funkcji wodza naczelnego.<\/p>\n<p>W niedziel\u0119 nasz los rozstrzygnie si\u0119 na bardzo d\u0142ugo. Wyb\u00f3r Trzaskowskiego \u2013 owszem, dla wielu nie b\u0119d\u0105cy wyborem idealnym \u2013 oznacza uporz\u0105dkowane rz\u0105dy i budow\u0119 silnego, sprawnego pa\u0144stwa. Wyb\u00f3r Nawrockiego natomiast to wprowadzenie chaosu do Polski, koniec marze\u0144 o dzia\u0142aj\u0105cej skutecznie wsp\u00f3lnocie pa\u0144stwowej. Je\u015bli komu\u015b si\u0119 znudzi\u0142o \u017cycie w kraju niepogr\u0105\u017conym w zam\u0119cie, je\u015bli kto\u015b ma ochot\u0119 ponownie do\u015bwiadczy\u0107 wieku XVIII, to w niedziel\u0119 trafi mu si\u0119 wyj\u0105tkowa okazja do realizacji takich pragnie\u0144. My natomiast mamy jeszcze szans\u0119 na uratowanie pa\u0144stwa. Musimy tylko p\u00f3j\u015b\u0107 na wybory zmobilizowani i \u015bwiadomi odpowiedzialno\u015bci.<\/p>\n<p>Wybierzmy w niedziel\u0119 Trzaskowskiego \u2013 dla nas, ale tak\u017ce dla tych, kt\u00f3rzy ci\u0105gle nie dostrzegaj\u0105 zagro\u017cenia, jakim dla Polski jest oddanie g\u0142osu na Nawrockiego. Znowu od niewielu wyborc\u00f3w mo\u017ce zale\u017ce\u0107 wszystko. Nie zmarnujmy zwyci\u0119stwa demokracji. W jej ramach mo\u017cliwe jest osi\u0105ganie r\u00f3\u017cnych cel\u00f3w politycznych i korzystanie z ochrony instytucji praworz\u0105dnego pa\u0144stwa. Nie wybierajmy wielkiej ustawki jako sposobu na rz\u0105dy w Polsce.<\/p>\n<hr class=\"wp-block-separator has-alpha-channel-opacity\" \/>\n<p><em>Felieton jest wyrazem opinii autora. Nie prezentuje stanowiska ZR Ma\u0142opolskie.<\/em><\/p>\n","protected":false},"excerpt":{"rendered":"<p>Polska znajduje si\u0119 teraz w szczeg\u00f3lnej sytuacji. Gospodarczo zr\u00f3wna\u0142a si\u0119 z Zachodem. Poniewa\u017c sp\u0119dzam du\u017co czasu w Niemczech, widz\u0119 gigantyczny post\u0119p, jaki si\u0119 u nas dokona\u0142. Polska staje si\u0119 krajem czystszym, wygodniejszym, z lepsz\u0105 infrastruktur\u0105.<\/p>\n","protected":false},"author":34,"featured_media":38769,"comment_status":"closed","ping_status":"open","sticky":false,"template":"","format":"standard","meta":{"_EventAllDay":false,"_EventTimezone":"","_EventStartDate":"","_EventEndDate":"","_EventStartDateUTC":"","_EventEndDateUTC":"","_EventShowMap":false,"_EventShowMapLink":false,"_EventURL":"","_EventCost":"","_EventCostDescription":"","_EventCurrencySymbol":"","_EventCurrencyCode":"","_EventCurrencyPosition":"","_EventDateTimeSeparator":"","_EventTimeRangeSeparator":"","_EventOrganizerID":[],"_EventVenueID":[],"_OrganizerEmail":"","_OrganizerPhone":"","_OrganizerWebsite":"","_VenueAddress":"","_VenueCity":"","_VenueCountry":"","_VenueProvince":"","_VenueState":"","_VenueZip":"","_VenuePhone":"","_VenueURL":"","_VenueStateProvince":"","_VenueLat":"","_VenueLng":"","_VenueShowMap":false,"_VenueShowMapLink":false,"footnotes":""},"categories":[596],"tags":[],"class_list":["post-38778","post","type-post","status-publish","format-standard","has-post-thumbnail","hentry","category-felietony","felietony"],"_links":{"self":[{"href":"https:\/\/kodmalopolska.pl\/index.php?rest_route=\/wp\/v2\/posts\/38778","targetHints":{"allow":["GET"]}}],"collection":[{"href":"https:\/\/kodmalopolska.pl\/index.php?rest_route=\/wp\/v2\/posts"}],"about":[{"href":"https:\/\/kodmalopolska.pl\/index.php?rest_route=\/wp\/v2\/types\/post"}],"author":[{"embeddable":true,"href":"https:\/\/kodmalopolska.pl\/index.php?rest_route=\/wp\/v2\/users\/34"}],"replies":[{"embeddable":true,"href":"https:\/\/kodmalopolska.pl\/index.php?rest_route=%2Fwp%2Fv2%2Fcomments&post=38778"}],"version-history":[{"count":2,"href":"https:\/\/kodmalopolska.pl\/index.php?rest_route=\/wp\/v2\/posts\/38778\/revisions"}],"predecessor-version":[{"id":38780,"href":"https:\/\/kodmalopolska.pl\/index.php?rest_route=\/wp\/v2\/posts\/38778\/revisions\/38780"}],"wp:featuredmedia":[{"embeddable":true,"href":"https:\/\/kodmalopolska.pl\/index.php?rest_route=\/wp\/v2\/media\/38769"}],"wp:attachment":[{"href":"https:\/\/kodmalopolska.pl\/index.php?rest_route=%2Fwp%2Fv2%2Fmedia&parent=38778"}],"wp:term":[{"taxonomy":"category","embeddable":true,"href":"https:\/\/kodmalopolska.pl\/index.php?rest_route=%2Fwp%2Fv2%2Fcategories&post=38778"},{"taxonomy":"post_tag","embeddable":true,"href":"https:\/\/kodmalopolska.pl\/index.php?rest_route=%2Fwp%2Fv2%2Ftags&post=38778"}],"curies":[{"name":"wp","href":"https:\/\/api.w.org\/{rel}","templated":true}]}}