{"id":38742,"date":"2025-04-16T17:58:30","date_gmt":"2025-04-16T15:58:30","guid":{"rendered":"https:\/\/kodmalopolska.pl\/?p=38742"},"modified":"2025-04-16T17:58:30","modified_gmt":"2025-04-16T15:58:30","slug":"kolejka-do-lekarza-i-flagi-felieton-fryderyka-zolla-533","status":"publish","type":"post","link":"https:\/\/kodmalopolska.pl\/?p=38742","title":{"rendered":"Kolejka do lekarza i flagi. Felieton Fryderyka Zolla (533)"},"content":{"rendered":"<h4>Kandydat Karol de Lux Nawrocki wyg\u0142osi\u0142 pogl\u0105d, kt\u00f3rego po do\u015bwiadczeniach II wojny \u015bwiatowej mia\u0142em nadziej\u0119 w Polsce nigdy nie us\u0142ysze\u0107.<\/h4>\n<p>Ot\u00f3\u017c zdaniem de Lux Nawrockiego Ukrai\u0144cy \u017cyj\u0105cy w Polsce powinni by\u0107 obs\u0142ugiwani przez lekarzy dopiero po Polakach. \u017beby unikn\u0105\u0107 nieporozumie\u0144 co do nieprawdopodobnego znaczenia tych s\u0142\u00f3w, pose\u0142 PiS-u Hora\u0142a wyja\u015bni\u0142, \u017ce kiedy jakie\u015b dobro jest ograniczone, trzeba okre\u015bli\u0107 kryterium dost\u0119pu do tego dobra. I kandydat de Lux wymy\u015bli\u0142 kryterium etniczne. Rysuj\u0105 si\u0119 nam zatem zr\u0119by Polski de Lux: ksenofobicznego, nieprzyjaznego kraju staraj\u0105cego si\u0119 storpedowa\u0107 europejsk\u0105 integracj\u0119 i sk\u0142\u00f3conego z s\u0105siadami. Tyle wiadomo. W innych sprawach de Lux nie ma pogl\u0105du.<\/p>\n<p>Trzeba powiedzie\u0107, \u017ce Rafa\u0142 Trzaskowski do debaty z de Luxem nie by\u0142 przygotowany. Te\u017c powinien mie\u0107 chor\u0105giewk\u0119, kt\u00f3r\u0105 m\u00f3g\u0142by wr\u0119czy\u0107 Nawrockiemu. Brunatn\u0105.<\/p>\n<hr class=\"wp-block-separator has-alpha-channel-opacity\" \/>\n<table>\n<tbody>\n<tr>\n<td>Wesprzyj Ukrain\u0119\u00a0poprzez Fundacj\u0119 na rzecz Kongresu Katoliczek i Katolik\u00f3w\u00a0(wp\u0142aty z dopiskiem \u201e<strong>Ukraina<\/strong>\u201d)<\/td>\n<td width=\"160\"><a href=\"https:\/\/kongreskk.pl\/fundacja\/\"><img decoding=\"async\" src=\"https:\/\/kodmalopolska.pl\/wp-content\/uploads\/2024\/01\/FundacjaKKK-e1704211837383.jpg\" \/><\/a><\/td>\n<\/tr>\n<\/tbody>\n<\/table>\n<hr class=\"wp-block-separator has-alpha-channel-opacity\" \/>\n<table width=\"100%\">\n<tbody>\n<tr>\n<td><img loading=\"lazy\" decoding=\"async\" class=\"\" src=\"https:\/\/zrzutka.pl\/uploads\/chipin\/wcr3gy\/cover\/orginal\/5db3556c422ef20bf246c50a8338a0dd.jpg\" width=\"290\" height=\"162\" \/><\/td>\n<td>Wspieramy walcz\u0105cych w Ukrainie<\/td>\n<td><iframe src=\"https:\/\/zrzutka.pl\/wcr3gy\/widget\/14\" frameborder=\"0\" scrolling=\"no\" data-mce-fragment=\"1\"><\/iframe><\/td>\n<\/tr>\n<\/tbody>\n<\/table>\n<hr class=\"wp-block-separator has-alpha-channel-opacity\" \/>\n<p>Wp\u0142aty w euro mo\u017cna dokonywa\u0107 bezpo\u015brednio na konto stowarzyszenia\u00a0<strong>Ukrainer-Hilfe Osnabr\u00fcck \u2013 Krakau \u2013 Ternopil e.V.<\/strong>\u00a0(gemeinn\u00fctzig):<br \/>\nSparkasse Osnabr\u00fcck,\u00a0<strong>IBAN DE322655 0105 1552 2824 67, BIC NOLADE22XXX.<\/strong><\/p>\n<hr class=\"wp-block-separator has-alpha-channel-opacity\" \/>\n<p><em>Felieton jest wyrazem opinii autora. Nie prezentuje stanowiska ZR Ma\u0142opolskie.<\/em><\/p>\n","protected":false},"excerpt":{"rendered":"<p>Kandydat Karol de Lux Nawrocki wyg\u0142osi\u0142 pogl\u0105d, kt\u00f3rego po do\u015bwiadczeniach II wojny \u015bwiatowej mia\u0142em nadziej\u0119 w Polsce nigdy nie us\u0142ysze\u0107.<\/p>\n","protected":false},"author":34,"featured_media":36295,"comment_status":"closed","ping_status":"open","sticky":false,"template":"","format":"standard","meta":{"_EventAllDay":false,"_EventTimezone":"","_EventStartDate":"","_EventEndDate":"","_EventStartDateUTC":"","_EventEndDateUTC":"","_EventShowMap":false,"_EventShowMapLink":false,"_EventURL":"","_EventCost":"","_EventCostDescription":"","_EventCurrencySymbol":"","_EventCurrencyCode":"","_EventCurrencyPosition":"","_EventDateTimeSeparator":"","_EventTimeRangeSeparator":"","_EventOrganizerID":[],"_EventVenueID":[],"_OrganizerEmail":"","_OrganizerPhone":"","_OrganizerWebsite":"","_VenueAddress":"","_VenueCity":"","_VenueCountry":"","_VenueProvince":"","_VenueState":"","_VenueZip":"","_VenuePhone":"","_VenueURL":"","_VenueStateProvince":"","_VenueLat":"","_VenueLng":"","_VenueShowMap":false,"_VenueShowMapLink":false,"footnotes":""},"categories":[596],"tags":[],"class_list":["post-38742","post","type-post","status-publish","format-standard","has-post-thumbnail","hentry","category-felietony","felietony"],"_links":{"self":[{"href":"https:\/\/kodmalopolska.pl\/index.php?rest_route=\/wp\/v2\/posts\/38742","targetHints":{"allow":["GET"]}}],"collection":[{"href":"https:\/\/kodmalopolska.pl\/index.php?rest_route=\/wp\/v2\/posts"}],"about":[{"href":"https:\/\/kodmalopolska.pl\/index.php?rest_route=\/wp\/v2\/types\/post"}],"author":[{"embeddable":true,"href":"https:\/\/kodmalopolska.pl\/index.php?rest_route=\/wp\/v2\/users\/34"}],"replies":[{"embeddable":true,"href":"https:\/\/kodmalopolska.pl\/index.php?rest_route=%2Fwp%2Fv2%2Fcomments&post=38742"}],"version-history":[{"count":3,"href":"https:\/\/kodmalopolska.pl\/index.php?rest_route=\/wp\/v2\/posts\/38742\/revisions"}],"predecessor-version":[{"id":38745,"href":"https:\/\/kodmalopolska.pl\/index.php?rest_route=\/wp\/v2\/posts\/38742\/revisions\/38745"}],"wp:featuredmedia":[{"embeddable":true,"href":"https:\/\/kodmalopolska.pl\/index.php?rest_route=\/wp\/v2\/media\/36295"}],"wp:attachment":[{"href":"https:\/\/kodmalopolska.pl\/index.php?rest_route=%2Fwp%2Fv2%2Fmedia&parent=38742"}],"wp:term":[{"taxonomy":"category","embeddable":true,"href":"https:\/\/kodmalopolska.pl\/index.php?rest_route=%2Fwp%2Fv2%2Fcategories&post=38742"},{"taxonomy":"post_tag","embeddable":true,"href":"https:\/\/kodmalopolska.pl\/index.php?rest_route=%2Fwp%2Fv2%2Ftags&post=38742"}],"curies":[{"name":"wp","href":"https:\/\/api.w.org\/{rel}","templated":true}]}}