{"id":38572,"date":"2025-01-24T23:31:27","date_gmt":"2025-01-24T22:31:27","guid":{"rendered":"https:\/\/kodmalopolska.pl\/?p=38572"},"modified":"2025-01-24T23:33:19","modified_gmt":"2025-01-24T22:33:19","slug":"kazdy-moze-chciec-klimatyczna-felieton-adama-jaskowa-198","status":"publish","type":"post","link":"https:\/\/kodmalopolska.pl\/?p=38572","title":{"rendered":"Ka\u017cdy mo\u017ce chcie\u0107. Felieton Adama Ja\u015bkowa (198)"},"content":{"rendered":"<h4>Mamy wysyp kandydat\u00f3w, cho\u0107 na razie s\u0105 to raczej kandydaci na kandydat\u00f3w, z r\u00f3\u017cnymi motywacjami i has\u0142ami. Jeden z nich m\u00f3wi o sobie, \u017ce kandyduje, chocia\u017c nie chce wygra\u0107, bo nie ma kompetencji do bycia prezydentem. Tak jakby brak kompetencji mia\u0142 kogo\u015b dyskwalifikowa\u0107 przy ubieganiu si\u0119 o funkcje polityczne. Niestety, od dawna nie dyskwalifikuje.<\/h4>\n<p>To ja znowu o wyborach. Chcia\u0142bym dowcipnie zauwa\u017cy\u0107, \u017ce wybory startuj\u0105 w zasadzie od Zera. Wygl\u0105da na to, \u017ce kandydaci wpadli w kana\u0142, a jeden w\u0142a\u015bnie z niego wyszed\u0142.<\/p>\n<p>W historii kina by\u0142y ju\u017c filmy o wyborach prezydenckich, cho\u0107by \u201eFa\u0142szywy senator\u201d z Eddiem Murphym. W zasadzie senator by\u0142 tam prawdziwy, tylko wybory jakby fa\u0142szywe. Polecam, bo film jest pouczaj\u0105cy. Nasza wiedza o systemach wyborczych w USA (tak, maj\u0105 tam wiele system\u00f3w w r\u00f3\u017cnych stanach) jest mikra. Na przyk\u0142ad, do tej pory mo\u017cna w USA odziedziczy\u0107 mandat wyborczy po ma\u0142\u017conku, je\u015bli ten zmar\u0142 w trakcie kadencji.<\/p>\n<p>Inne ciekawe filmowe spojrzenie na wybory, te\u017c ameryka\u0144skie, to \u201eMiliony Brewstera\u201d. Tytu\u0142owy Brewster ma odziedziczy\u0107 wielki maj\u0105tek pod warunkiem, \u017ce w ci\u0105gu miesi\u0105ca roztrwoni jego cz\u0119\u015b\u0107. Na szcz\u0119\u015bcie w tym terminie odbywaj\u0105 si\u0119 wybory, wi\u0119c jest okazja przepali\u0107 kas\u0119 bez ich wygrywania. Brewster przyjmuje szczeg\u00f3lne has\u0142o wyborcze: apeluje, by nie g\u0142osowa\u0107 na \u201e\u017cadnego z powy\u017cszych\u201d. Rozpocz\u0119t\u0105 niedawno kampani\u0119 wyborcz\u0105 mo\u017cna by takim w\u0142a\u015bnie has\u0142em reklamowa\u0107.<\/p>\n<p>Mamy wysyp kandydat\u00f3w, cho\u0107 na razie s\u0105 to raczej kandydaci na kandydat\u00f3w, z r\u00f3\u017cnymi motywacjami i has\u0142ami. Jeden z nich m\u00f3wi o sobie, \u017ce kandyduje, chocia\u017c nie chce wygra\u0107, bo nie ma kompetencji do bycia prezydentem. Tak jakby brak kompetencji mia\u0142 kogo\u015b dyskwalifikowa\u0107 przy ubieganiu si\u0119 o funkcje polityczne. Niestety, od dawna nie dyskwalifikuje.<\/p>\n<p>Inny kandydat o dosy\u0107 niemiecko brzmi\u0105cym nazwisku zarzuca konkurentowi, \u017ce jego nazwisko nie jest wystarczaj\u0105co polskie, jak gdyby nazwiska \u2013 obojga zreszt\u0105 kandydat\u00f3w \u2013 stanowi\u0142y ich atuty czy te\u017c deficyty. Moim zdaniem nazwiska to jedyne, co ci ludzie maj\u0105 ciekawego.<\/p>\n<p>Wi\u0119kszo\u015b\u0107 kandydat\u00f3w traktuje wybory jak czelend\u017c na TikToku, rywalizuj\u0105c o jak najwi\u0119ksz\u0105 liczb\u0119 lajk\u00f3w. Kandydat, kt\u00f3remu zarzucono nie do\u015b\u0107 polskie nazwisko, stwierdzi\u0142, \u017ce kandydat, kt\u00f3ry pochwali\u0142 si\u0119 brakiem kompetencji, jest powa\u017cniejszym kandydatem ni\u017c inni. Mo\u017ce mie\u0107 racj\u0119, a przynajmniej nie uwa\u017cam, by \u00f3w pretendent by\u0142 mniej powa\u017cny ni\u017c niekt\u00f3rzy. C\u00f3\u017c, te\u017c ceni\u0119 szczero\u015b\u0107, ale bezczelno\u015b\u0107 i socjopati\u0119 jakby mniej.<\/p>\n<p>Napisa\u0142em nie tak dawno, \u017ce to Mentzen jest wymarzonym kandydatem Kaczy\u0144skiego: wysoki (niemal), wykszta\u0142cony, z doktoratem, ze znajomo\u015bci\u0105 j\u0119zyk\u00f3w, rodzinny (\u017cona i troje dzieci), katolik i \u2013 jeszcze \u2013 niezwi\u0105zany z PiS. Wobec wysypu ch\u0119tnych do urz\u0119du musz\u0119 przyzna\u0107, \u017ce nowy kandydat, ten bez kompetencji, jest jeszcze bli\u017cszy temu idea\u0142owi. W dodatku w m\u0142odo\u015bci by\u0142 harcerzem, a teraz odni\u00f3s\u0142 sukces: od zera do kana\u0142u. I Mentzen, i \u201eadoptowany\u201d syn Kaczy\u0144skiego Nawrocki czym\u015b takim poszczyci\u0107 si\u0119 nie mog\u0105. W zasadzie jedynym dot\u0105d sukcesem Nawrockiego jest uzyskanie namaszczenia na kandydata. No i brak zarzut\u00f3w ze strony prokuratury. Przynajmniej do dnia, w kt\u00f3rym ten tekst jest pisany.<\/p>\n<p>Zdecydowanie sukcesem kandydat\u00f3w bez sukces\u00f3w jest ewidentny wp\u0142yw na akcenty polityczne kampanii. Trzaskowski m\u00f3wi Mentzenem, a premier Tusk premierem Morawieckim. Cho\u0107 Tusk obiecywa\u0142, \u017ce nic, co zosta\u0142o dane (przez poprzednie rz\u0105dy), nie zostanie przez jego rz\u0105d zabrane, jednak pochwali\u0142 pomys\u0142 zabierania. Obaj sugeruj\u0105, by zabiera\u0107, w dodatku bez \u0142adu, sk\u0142adu i sensu. Wi\u0119kszo\u015b\u0107 ekspert\u00f3w twierdzi, \u017ce ograniczanie uchod\u017acom z Ukrainy praw do \u015bwiadcze\u0144 socjalnych w Polsce jest bezsensowne. Zreszt\u0105, ponad 65% aktywnych zawodowo Ukrai\u0144c\u00f3w ju\u017c pracuje, a nast\u0119pni te\u017c by chcieli. Postulat kandydata Trzaskowskiego i jego akceptacja przez premiera sprawiaj\u0105 wra\u017cenie, \u017ce obaj maj\u0105 kompetencje zbli\u017cone do kandydata z \u201eKana\u0142u Zero\u201d. No chyba, \u017ce to u\u017cyty z premedytacj\u0105 prawicowy wytrych polityczny. To by z kolei wskazywa\u0142o, \u017ce obaj celuj\u0105 w elektorat Konfederacji. A nie do\u015b\u0107, \u017ce ten\u017ce elektorat ma ju\u017c dw\u00f3ch kandydat\u00f3w o niezbyt swojsko brzmi\u0105cych nazwiskach, to jeszcze kandydat z centrum (Warszawy) do nich si\u0119 dobiera. Piek\u0142o, gdyby istnia\u0142o, nie by\u0142oby wybrukowane dobrymi ch\u0119ciami, ale obietnicami wyborczymi, cho\u0107 to \u2013 jak wiemy \u2013 materia\u0142 kruchy, nietrwa\u0142y i podatny na byle podmuchy wiatr\u00f3w.<\/p>\n<p>Po lewej stronie piaskownicy te\u017c robi si\u0119 t\u0142oczno. Nie tak dawni jeszcze sojusznicy lewicy g\u0142\u00f3wnego nurtu podj\u0119li dzia\u0142ania, kt\u00f3rych konsekwencje mog\u0105 sprawi\u0107, \u017ce kandydatka Nowej Lewicy nie poprawi wyniku z ostatnich dw\u00f3ch start\u00f3w kandydat\u00f3w SLD. No chyba, \u017ce (co jest dosy\u0107 prawdopodobne) byli sojusznicy odpadn\u0105 na etapie zbierania podpis\u00f3w. Wtedy przy dobrej i oryginalnej kampanii lewicowa kandydatka mog\u0142aby nawet pokona\u0107 niezale\u017cnego kandydata Szymona Ho\u0142owni, czyli Ho\u0142owni\u0119 w osobie w\u0142asnej.<\/p>\n<p>Ostatni z moich ulubionych film\u00f3w o prezydentach to oczywi\u015bcie \u201eKacza Zupa\u201d. Bracia Marx okazali si\u0119 nies\u0142ychanie przewiduj\u0105cy i ponadczasowi. Groucho, prezydent Freedonii , sprawowa\u0142 sw\u00f3j urz\u0105d chyba nie gorzej ni\u017c Andrzej Duda i mia\u0142 chytry plan na popraw\u0119 sytuacji pa\u0144stwa. Po prostu chcia\u0142 si\u0119 bogato o\u017ceni\u0107 i maj\u0105tek przysz\u0142ej \u017cony zu\u017cy\u0107 na podreperowanie pa\u0144stwowych finans\u00f3w. Kto wie, czy nie by\u0142oby to dobre rozwi\u0105zanie na dzi\u015b. Nie wiem, czy kt\u00f3ra\u015b z najbogatszych kobiet \u015bwiata (do wyboru s\u0105 Francuzka i Amerykanka) nie zechcia\u0142aby wyj\u015b\u0107 za prezydenta elekta. Oczywi\u015bcie, powinien to by\u0107 kawaler, ale tacy niestety nie kandyduj\u0105. W tej sytuacji m\u00f3g\u0142by si\u0119 dla kraju po\u015bwi\u0119ci\u0107 prawdziwy katolik, bo ko\u015bcielne uniewa\u017cnienie ma\u0142\u017ce\u0144stwa uzyskuje si\u0119 w Polsce szybciej ni\u017c zwyk\u0142e rozwody. To co, czy kto\u015b si\u0119 po\u015bwi\u0119ci dla Ojczyzny ratowania?<\/p>\n<p><em>r\u00f3wnie\u017c na\u00a0<\/em><a href=\"https:\/\/aristoskr.wordpress.com\/\" target=\"_blank\" rel=\"noreferrer noopener\">aristoskr.wordpress.com<\/a><\/p>\n<hr \/>\n<p><em>Felieton jest wyrazem opinii autora. Nie prezentuje stanowiska ZR<\/em>.<\/p>\n","protected":false},"excerpt":{"rendered":"<p>Mamy wysyp  kandydat\u00f3w, cho\u0107 na razie s\u0105 to raczej kandydaci na kandydat\u00f3w, z r\u00f3\u017cnymi motywacjami i has\u0142ami. Jeden z nich m\u00f3wi o sobie, \u017ce kandyduje, chocia\u017c nie chce wygra\u0107, bo nie ma kompetencji do bycia prezydentem. Tak jakby brak kompetencji mia\u0142 kogo\u015b dyskwalifikowa\u0107 przy ubieganiu si\u0119 o funkcje polityczne. Niestety, od dawna nie dyskwalifikuje.<\/p>\n","protected":false},"author":34,"featured_media":20415,"comment_status":"closed","ping_status":"open","sticky":false,"template":"","format":"standard","meta":{"_EventAllDay":false,"_EventTimezone":"","_EventStartDate":"","_EventEndDate":"","_EventStartDateUTC":"","_EventEndDateUTC":"","_EventShowMap":false,"_EventShowMapLink":false,"_EventURL":"","_EventCost":"","_EventCostDescription":"","_EventCurrencySymbol":"","_EventCurrencyCode":"","_EventCurrencyPosition":"","_EventDateTimeSeparator":"","_EventTimeRangeSeparator":"","_EventOrganizerID":[],"_EventVenueID":[],"_OrganizerEmail":"","_OrganizerPhone":"","_OrganizerWebsite":"","_VenueAddress":"","_VenueCity":"","_VenueCountry":"","_VenueProvince":"","_VenueState":"","_VenueZip":"","_VenuePhone":"","_VenueURL":"","_VenueStateProvince":"","_VenueLat":"","_VenueLng":"","_VenueShowMap":false,"_VenueShowMapLink":false,"footnotes":""},"categories":[596],"tags":[],"class_list":["post-38572","post","type-post","status-publish","format-standard","has-post-thumbnail","hentry","category-felietony","felietony"],"_links":{"self":[{"href":"https:\/\/kodmalopolska.pl\/index.php?rest_route=\/wp\/v2\/posts\/38572","targetHints":{"allow":["GET"]}}],"collection":[{"href":"https:\/\/kodmalopolska.pl\/index.php?rest_route=\/wp\/v2\/posts"}],"about":[{"href":"https:\/\/kodmalopolska.pl\/index.php?rest_route=\/wp\/v2\/types\/post"}],"author":[{"embeddable":true,"href":"https:\/\/kodmalopolska.pl\/index.php?rest_route=\/wp\/v2\/users\/34"}],"replies":[{"embeddable":true,"href":"https:\/\/kodmalopolska.pl\/index.php?rest_route=%2Fwp%2Fv2%2Fcomments&post=38572"}],"version-history":[{"count":0,"href":"https:\/\/kodmalopolska.pl\/index.php?rest_route=\/wp\/v2\/posts\/38572\/revisions"}],"wp:featuredmedia":[{"embeddable":true,"href":"https:\/\/kodmalopolska.pl\/index.php?rest_route=\/wp\/v2\/media\/20415"}],"wp:attachment":[{"href":"https:\/\/kodmalopolska.pl\/index.php?rest_route=%2Fwp%2Fv2%2Fmedia&parent=38572"}],"wp:term":[{"taxonomy":"category","embeddable":true,"href":"https:\/\/kodmalopolska.pl\/index.php?rest_route=%2Fwp%2Fv2%2Fcategories&post=38572"},{"taxonomy":"post_tag","embeddable":true,"href":"https:\/\/kodmalopolska.pl\/index.php?rest_route=%2Fwp%2Fv2%2Ftags&post=38572"}],"curies":[{"name":"wp","href":"https:\/\/api.w.org\/{rel}","templated":true}]}}