{"id":38556,"date":"2025-01-21T20:24:12","date_gmt":"2025-01-21T19:24:12","guid":{"rendered":"https:\/\/kodmalopolska.pl\/?p=38556"},"modified":"2025-01-22T20:22:45","modified_gmt":"2025-01-22T19:22:45","slug":"straz-pozarna-i-biblioteka-felieton-fryderyka-zolla-528","status":"publish","type":"post","link":"https:\/\/kodmalopolska.pl\/?p=38556","title":{"rendered":"Stra\u017c po\u017carna i biblioteka. Felieton Fryderyka Zolla (528)"},"content":{"rendered":"<p><strong>Ta wyprawa do Ukrainy by\u0142a jedn\u0105 z najbardziej poruszaj\u0105cych. Zacz\u0119\u0142a si\u0119 w Melle w Dolnej Saksonii. Tamtejsza pani burmistrz po raz kolejny zgodzi\u0142a si\u0119 przekaza\u0107 Ukrainie samoch\u00f3d stra\u017cy po\u017carnej, a rada wiejskiej gminy Boczeczky po\u0142o\u017conej niedaleko Konotopu w obwodzie sumskim, tu\u017c przy granicy z ziemiami Moskwy, w\u0142a\u015bnie zwr\u00f3ci\u0142a si\u0119 do nas z pro\u015bb\u0105 o pomoc. Na obszarze 33 km<sup>2<\/sup> mieszka\u0144cy gminy mieli do dyspozycji tylko jeden pi\u0119\u0107dziesi\u0119cioletni w\u00f3z stra\u017cacki, starego zi\u0142a, a zdarza\u0142o si\u0119, \u017ce w okolicy p\u0142on\u0119\u0142o naraz osiem dom\u00f3w. I tak si\u0119 szcz\u0119\u015bliwie z\u0142o\u017cy\u0142o, \u017ce mogli\u015bmy przekaza\u0107 Boczeczkom wspania\u0142y samoch\u00f3d z Melle.<\/strong><\/p>\n<p>Mieli\u015bmy te\u017c dwa inne istotne zadania. Pisa\u0142em ju\u017c tu kiedy\u015b, \u017ce na Zachodnioukrai\u0144skim Uniwersytecie Narodowym w Tarnopolu tworzymy przy wsp\u00f3\u0142pracy z Europejskim Instytutem Prawa (European Law Institute) i wieloma europejskimi wydawnictwami, w tym C.H. Beck Polska i Wolters Kluwer Polska, bibliotek\u0119 prawa por\u00f3wnawczego i europejskiego. Teraz dzi\u0119ki ogromnej pomocy lorda Johna Thomasa oraz International Law Book Facility uzyskali\u015bmy wspania\u0142\u0105 darowizn\u0119 najnowszej angielskiej literatury prawniczej. By\u0142a to niemal tona ksi\u0105\u017cek, a ponadto prawie tyle samo z polskich wydawnictw. Dzi\u0119ki wsparciu Agnieszki Szyluk dostali\u015bmy r\u00f3wnie\u017c sprz\u0119t medyczny, a doktor Robert Sch\u00f6nberg otrzyma\u0142 leki od niemieckich aptekarzy. Robert i jego syn Konrad prowadzili udane negocjacje z miastem Melle.<\/p>\n<p>W Krakowie zapakowali\u015bmy ksi\u0105\u017cki do samochodu stra\u017cy po\u017carnej z Melle oraz do stra\u017cackiego busa, kt\u00f3ry nasza organizacja Pomoc dla Ukrainy, Krak\u00f3w, Osnabbr\u00fcck, Tarnopol, uzyska\u0142a od gminy Torstedt. Nie by\u0142o \u0142atwo podo\u0142a\u0107 formalno\u015bciom zwi\u0105zanym z przekroczeniem granicy. Nie wiem, dlaczego Ukrai\u0144cy i Polacy nie mog\u0105 stworzy\u0107 wsp\u00f3lnego systemu dokument\u00f3w. Marzy\u0142aby si\u0119 s\u0142u\u017cba celna, kt\u00f3ra po jednej i po drugiej stronie s\u0142u\u017cy obywatelom, a nie traktuje ich jak potencjalnych z\u0142oczy\u0144c\u00f3w. W Medyce sp\u0119dzili\u015bmy na zimnie oko\u0142o o\u015bmiu m\u0119cz\u0105cych godzin. Mimo pozor\u00f3w nowoczesno\u015bci wci\u0105\u017c panuje tu radziecko\u015b\u0107 z wszechw\u0142adz\u0105 urz\u0119dnik\u00f3w.<\/p>\n<p>Granic\u0119 przekroczyli\u015bmy noc\u0105. Na jazd\u0119 do Tarnopola by\u0142o ju\u017c za p\u00f3\u017ano, zm\u0119czenie dawa\u0142o si\u0119 we znaki. Spali\u015bmy przy granicy w S\u0105dowej Wiszni u naszej znajomej. Stamt\u0105d ruszyli\u015bmy do Tarnopola na wr\u0119czenie \u015bwiadectw uczestnikom programu w j\u0119zyku angielskim po\u015bwi\u0119conego prawu europejskiemu, a tak\u017ce polskoj\u0119zycznego programu Szko\u0142a Prawa Polskiego i Europejskiego, kt\u00f3rym od ponad 25 lat kieruje Uniwersytet Jagiello\u0144ski. W programy te zaanga\u017cowanych jest wielu uczonych z Europy. Mimo wci\u0105\u017c trwaj\u0105cych ferii studenci stawili si\u0119 licznie \u2013 \u015bwietni, spragnieni Europy, zamierzaj\u0105cy budowa\u0107 swoj\u0105 europejsk\u0105 Ukrain\u0119. Mam nadziej\u0119, \u017ce Europa o nich nie zapomni i nie zawiedzie ich aspiracji.<\/p>\n<p>W nocy wy\u0142y syreny. Na wp\u00f3\u0142 \u015bpi\u0105c, pomy\u015bla\u0142em, \u017ce przecie\u017c jestem w Krakowie, a tutaj nie ma wojny. Na Tarnopol jednak niedawno spad\u0142y rakiety. Zgin\u0119li znajomi naszych znajomych; wsz\u0119dzie wyczuwa si\u0119 b\u00f3l. Nast\u0119pnego dnia w obecno\u015bci medi\u00f3w przekazali\u015bmy przywiezione ksi\u0105\u017cki. Widzia\u0142em, jak pani prorektor cieszy si\u0119 z nowo otwartych mo\u017cliwo\u015bci pracy naukowej. Nasz zapakowany ksi\u0105\u017ckami samoch\u00f3d stra\u017cy po\u017carnej sta\u0142 si\u0119 symbolem nadziei na dobr\u0105 przysz\u0142o\u015b\u0107.<\/p>\n<p>Nazajutrz ruszyli\u015bmy w d\u0142ug\u0105 drog\u0119 na wsch\u00f3d, kt\u00f3ra wiod\u0142a przez Krzemieniec. Pracujemy tam nad upami\u0119tnieniem Timka Padury. Mam nadziej\u0119, \u017ce jeszcze nie raz odwiedz\u0119 to pi\u0119kne miasteczko, \u015bwiadka naszej wsp\u00f3lnej historii. O dziewi\u0105tej rano wraz z burmistrzem i cz\u0142onkami zarz\u0105du gminy wyszli\u015bmy na ulic\u0119: w ca\u0142ej Ukrainie jest to chwila \u017ca\u0142oby. Potem odwiedzili\u015bmy miejsce pami\u0119ci. W ka\u017cdej ukrai\u0144skiej miejscowo\u015bci przybywa portret\u00f3w poleg\u0142ych \u2013 koleg\u00f3w, s\u0105siad\u00f3w. Trudno opisa\u0107 zwi\u0105zany z tym smutek i \u017cal. Przekazali\u015bmy szpitalowi niewielki transport medyczny i pojechali\u015bmy dalej.<\/p>\n<p>Przy porz\u0105dnej kijowskiej autostradzie obok czystych, zadbanych stacji benzynowych trafia\u0142y si\u0119 stacje wypalone, ze szcz\u0105tkami samochod\u00f3w. Po drodze widzieli\u015bmy wiele paradoks\u00f3w: pulsuj\u0105ce szyldy reklamowe, a tu\u017c obok \u015blady wojny. Przejechali\u015bmy przez Dniepr w Kijowie. Stolica Ukrainy zachwyca swoim ogromem, cho\u0107 wida\u0107 blizny atak\u00f3w. Miasto do\u015bwiadczy\u0142o ich tak\u017ce zaraz po naszym powrocie do Polski.<\/p>\n<p>P\u00f3\u017anym wieczorem dotarli\u015bmy do Konotopu. Wcze\u015bniej min\u0119li\u015bmy Baturyn, kozack\u0105 stolic\u0119, kt\u00f3ra w 1709 roku zosta\u0142a zmasakrowana przez Moskw\u0119. Pod Konotopem czeka\u0142a ju\u017c policja, \u017ceby nas poprowadzi\u0107 na miejsce noclegu. Nasi gospodarze m\u00f3wili po ukrai\u0144sku. Wida\u0107 by\u0142o wyra\u017anie, \u017ce jeste\u015bmy na terenie, kt\u00f3ry przez kilka dni w XVII wieku by\u0142 stolic\u0105 kozackiej Ukrainy: wsz\u0119dzie tu wyczuwa si\u0119 niez\u0142omnego ukrai\u0144skiego ducha. Mniej wi\u0119cej 30 kilometr\u00f3w stamt\u0105d przebiega granica z Moskw\u0105. Niedaleko przep\u0142ywa rzeka Sejm, kt\u00f3ra sw\u00f3j pocz\u0105tek bierze w okolicach Kurska. Kiedy\u015b by\u0142a kryszta\u0142owo czysta, teraz Moskale spuszczaj\u0105 do niej wszystkie nieczysto\u015bci. Ekologiczna agresja to jedna ze moskiewskich strategii niszczenia wolnej Ukrainy. Spali\u015bmy wszyscy g\u0142\u0119bokim snem nad pi\u0119knym stawem w\u015br\u00f3d sosnowego lasu. Jad\u0142em tam najlepsz\u0105 soliank\u0119 w \u017cyciu. Wojna, cho\u0107 bardzo bliska, by\u0142a jakby nieobecna.<\/p>\n<p>W kolejnym, kulminacyjnym dniu naszej wyprawy podjechali\u015bmy pod zadbany budynek rady gminy Boczeczky, gdzie czeka\u0142 na nas w\u00f3jt z urz\u0119dnikami, w tym pani\u0105 Iryn\u0105, niezwykle zaradn\u0105 organizatork\u0105 naszego wyjazdu, a tak\u017ce mieszka\u0144cy i \u015bliczna dziewczyna w regionalnym stroju z wielkim bochnem chleba. Obok sta\u0142 stary zi\u0142, kt\u00f3ry p\u0119dzi\u0142 do po\u017car\u00f3w przez ostatnie 50 lat. Nasz samoch\u00f3d stra\u017cy po\u017carnej pochodzi\u0142 jakby z zupe\u0142nie innej epoki. Nie da si\u0119 opisa\u0107 rado\u015bci tamtejszego stra\u017caka z trzydziestoletnim do\u015bwiadczeniem, kt\u00f3ry z dum\u0105 przej\u0105\u0142 nowy w\u00f3z.<\/p>\n<div class=\"rl-gallery-container \" id=\"rl-gallery-container-1\" data-gallery_id=\"0\"> <div class=\"rl-gallery rl-basicmasonry-gallery \" id=\"rl-gallery-1\" data-gallery_no=\"1\"> <div class=\"rl-gutter-sizer\"><\/div><div class=\"rl-grid-sizer\"><\/div> <div class=\"rl-gallery-item rl-gallery-item-width-4\" > <div class=\"rl-gallery-item-content\"> <a href=\"https:\/\/kodmalopolska.pl\/wp-content\/uploads\/2025\/01\/Zdjecie-WhatsApp-2025-01-20-o-12.39.34_180d7230.jpg\" title=\"\" data-rl_title=\"\" class=\"rl-gallery-link\" data-rl_caption=\"\" data-rel=\"lightbox-gallery-bGlnaHRib3gtZ2FsbGVyeS0x\" data-rl_title=\"\" data-rl_caption=\"\"><img loading=\"lazy\" decoding=\"async\" src=\"https:\/\/kodmalopolska.pl\/wp-content\/uploads\/2025\/01\/Zdjecie-WhatsApp-2025-01-20-o-12.39.34_180d7230-400x300.jpg\" width=\"400\" height=\"300\" alt=\"\" \/><\/a> <\/div> <\/div> <div class=\"rl-gallery-item\" > <div class=\"rl-gallery-item-content\"> <a href=\"https:\/\/kodmalopolska.pl\/wp-content\/uploads\/2025\/01\/Zdjecie-WhatsApp-2025-01-20-o-12.39.34_9f780862-1.jpg\" title=\"\" data-rl_title=\"\" class=\"rl-gallery-link\" data-rl_caption=\"\" data-rel=\"lightbox-gallery-bGlnaHRib3gtZ2FsbGVyeS0x\" data-rl_title=\"\" data-rl_caption=\"\"><img loading=\"lazy\" decoding=\"async\" src=\"https:\/\/kodmalopolska.pl\/wp-content\/uploads\/2025\/01\/Zdjecie-WhatsApp-2025-01-20-o-12.39.34_9f780862-1-400x300.jpg\" width=\"400\" height=\"300\" alt=\"\" \/><\/a> <\/div> <\/div> <div class=\"rl-gallery-item\" > <div class=\"rl-gallery-item-content\"> <a href=\"https:\/\/kodmalopolska.pl\/wp-content\/uploads\/2025\/01\/Zdjecie-WhatsApp-2025-01-20-o-12.38.23_f9794427.jpg\" title=\"\" data-rl_title=\"\" class=\"rl-gallery-link\" data-rl_caption=\"\" data-rel=\"lightbox-gallery-bGlnaHRib3gtZ2FsbGVyeS0x\" data-rl_title=\"\" data-rl_caption=\"\"><img loading=\"lazy\" decoding=\"async\" src=\"https:\/\/kodmalopolska.pl\/wp-content\/uploads\/2025\/01\/Zdjecie-WhatsApp-2025-01-20-o-12.38.23_f9794427-400x300.jpg\" width=\"400\" height=\"300\" alt=\"\" \/><\/a> <\/div> <\/div> <div class=\"rl-gallery-item\" > <div class=\"rl-gallery-item-content\"> <a href=\"https:\/\/kodmalopolska.pl\/wp-content\/uploads\/2025\/01\/Zdjecie-WhatsApp-2025-01-20-o-12.40.35_47b72a22.jpg\" title=\"\" data-rl_title=\"\" class=\"rl-gallery-link\" data-rl_caption=\"\" data-rel=\"lightbox-gallery-bGlnaHRib3gtZ2FsbGVyeS0x\" data-rl_title=\"\" data-rl_caption=\"\"><img loading=\"lazy\" decoding=\"async\" src=\"https:\/\/kodmalopolska.pl\/wp-content\/uploads\/2025\/01\/Zdjecie-WhatsApp-2025-01-20-o-12.40.35_47b72a22-400x300.jpg\" width=\"400\" height=\"300\" alt=\"\" \/><\/a> <\/div> <\/div> <\/div> <\/div>\n<p>Po powitaniu zwiedzili\u015bmy gmin\u0119. Nie chcieli\u015bmy ogl\u0105da\u0107 zniszcze\u0144, interesowa\u0142a nas przysz\u0142o\u015b\u0107. Zobaczyli\u015bmy wi\u0119c dobrze zarz\u0105dzan\u0105 przychodni\u0119. Byli\u015bmy u miejscowego farmera, g\u0142\u00f3wnego podatnika gminy, we wzorowym gospodarstwie rolnym zatrudniaj\u0105cym 250 os\u00f3b. W\u0142a\u015bciciel, starszy pan, ma ponad tysi\u0105c kr\u00f3w, kilkaset danieli, utrzymuje te\u017c ma\u0142e muzeum pojazd\u00f3w. W tych trudnych czasach tworzy si\u0119 tu gospodarcza podstawa przysz\u0142o\u015bci Ukrainy. Odwiedzili\u015bmy r\u00f3wnie\u017c szko\u0142\u0119 w starym pa\u0142acu ksi\u0105\u017c\u0105t Lwowych: wspania\u0142e zadbane sale lekcyjne, a pod ziemi\u0105 zawilgocony schron, w kt\u00f3rym cz\u0119sto trzeba prowadzi\u0107 zaj\u0119cia. W salach by\u0142y flagi Unii. To najbardziej wysuni\u0119ta na wsch\u00f3d plac\u00f3wka, gdzie dzieci ucz\u0105 si\u0119 europejskich warto\u015bci. Na korytarzu widzieli\u015bmy zdj\u0119cia 23-letniego absolwenta, kt\u00f3ry zgin\u0105\u0142 za Ukrain\u0119 i za Europ\u0119: m\u0142ode \u017cycie bestialsko przerwane przez naje\u017ad\u017aczych bandyt\u00f3w. Byli\u015bmy te\u017c w miejscu pami\u0119ci. Ka\u017cdy polityk europejski, kt\u00f3ry wstrzymywa\u0142 pomoc dla Ukrainy, przyczyni\u0142 si\u0119 do rosn\u0105cej liczby wystawionych tam portret\u00f3w poleg\u0142ych \u017co\u0142nierzy. Na koniec trzeba by\u0142o si\u0119 po\u017cegna\u0107 z tymi go\u015bcinnymi, serdecznymi lud\u017ami, kt\u00f3rzy cieszyli si\u0119 tak bardzo, \u017ce kto\u015b o nich pami\u0119ta. Chcia\u0142bym po wojnie przyjecha\u0107 tam na wakacje.<\/p>\n<p>Przez ca\u0142y czas towarzyszy\u0142 nam w drodze ukrai\u0144ski oficer Rus\u0142an, a z jego opowie\u015bci mo\u017cna by u\u0142o\u017cy\u0107 ksi\u0105\u017ck\u0119. Dojechali\u015bmy do Lwowa, do mojego ukochanego hotelu Maestral, gdzie czekali na nas przyjaciele. Niedawno w pobli\u017cu uderzy\u0142y rakiety. Zniszczono domy, wylecia\u0142y okna. Troch\u0119 dalej zgin\u0119\u0142a rodzina. Dzieci si\u0119 boj\u0105. Mieszka\u0144cy Ukrainy trwaj\u0105 jednak niez\u0142omnie. Potwornie zm\u0119czeni wojn\u0105, ale nieugi\u0119ci.<\/p>\n<p>Podr\u00f3\u017c ta pokaza\u0142a raz jeszcze, jak bardzo uda\u0142a si\u0119 reforma ukrai\u0144skiego samorz\u0105du. Wsz\u0119dzie spotykali\u015bmy samorz\u0105dowc\u00f3w oddanych swoim ma\u0142ym ojczyznom. Mam nadziej\u0119, \u017ce tak\u017ce dzi\u0119ki Wam b\u0119dziemy mogli nadal wspiera\u0107 Ukrain\u0119, kraj nam tak bliski. W drodze powrotnej zatrzymali\u015bmy si\u0119 w Samborze, \u017ceby jeszcze przez chwil\u0119 odetchn\u0105\u0107 Ukrain\u0105. Granic\u0119 przekroczyli\u015bmy sprawnie. Tak min\u0105\u0142 bardzo intensywny tydzie\u0144. Wiktor i ja zostali\u015bmy w Krakowie, a Olafa i Roberta czeka\u0142a jeszcze d\u0142uga droga do Niemiec.<\/p>\n<p>Prosimy Was o pomoc. Trwa zbi\u00f3rka KOD. Pieni\u0105dze mo\u017cna te\u017c wp\u0142aca\u0107 na konto Fundacji Kongresu Katoliczek i Katolik\u00f3w, z dopiskiem \u201eUkraina\u201d, a w Niemczech na konto stowarzyszenia Ukrainer-Hilfe Osnabr\u00fcck &#8211; Krakau &#8211; Ternopil e.V. (gemeinn\u00fctzig)<\/p>\n<hr class=\"wp-block-separator has-alpha-channel-opacity\" \/>\n<table>\n<tbody>\n<tr>\n<td>Wesprzyj Ukrain\u0119\u00a0poprzez Fundacj\u0119 na rzecz Kongresu Katoliczek i Katolik\u00f3w\u00a0(wp\u0142aty z dopiskiem \u201e<strong>Ukraina<\/strong>\u201d)<\/td>\n<td width=\"160\"><a href=\"https:\/\/kongreskk.pl\/fundacja\/\"><img decoding=\"async\" src=\"https:\/\/kodmalopolska.pl\/wp-content\/uploads\/2024\/01\/FundacjaKKK-e1704211837383.jpg\" \/><\/a><\/td>\n<\/tr>\n<\/tbody>\n<\/table>\n<hr class=\"wp-block-separator has-alpha-channel-opacity\" \/>\n<table width=\"100%\">\n<tbody>\n<tr>\n<td><img loading=\"lazy\" decoding=\"async\" class=\"\" src=\"https:\/\/zrzutka.pl\/uploads\/chipin\/wcr3gy\/cover\/orginal\/5db3556c422ef20bf246c50a8338a0dd.jpg\" width=\"290\" height=\"162\" \/><\/td>\n<td>Wspieramy walcz\u0105cych w Ukrainie<\/td>\n<td><iframe src=\"https:\/\/zrzutka.pl\/wcr3gy\/widget\/14\" frameborder=\"0\" scrolling=\"no\" data-mce-fragment=\"1\"><\/iframe><\/td>\n<\/tr>\n<\/tbody>\n<\/table>\n<hr class=\"wp-block-separator has-alpha-channel-opacity\" \/>\n<p>Wp\u0142aty w euro mo\u017cna dokonywa\u0107 bezpo\u015brednio na konto stowarzyszenia <strong>Ukrainer-Hilfe Osnabr\u00fcck &#8211; Krakau &#8211; Ternopil e.V.<\/strong> (gemeinn\u00fctzig):<br \/>\nSparkasse Osnabr\u00fcck, <strong>IBAN DE322655 0105 1552 2824 67, BIC NOLADE22XXX.<\/strong><\/p>\n<hr class=\"wp-block-separator has-alpha-channel-opacity\" \/>\n<p><em>Felieton jest wyrazem opinii autora. Nie prezentuje stanowiska ZR Ma\u0142opolskie.<\/em><\/p>\n","protected":false},"excerpt":{"rendered":"<p>Ta wyprawa do Ukrainy by\u0142a jedn\u0105 z najbardziej poruszaj\u0105cych. Zacz\u0119\u0142a si\u0119 w Melle w Dolnej Saksonii. Tamtejsza pani burmistrz po raz kolejny zgodzi\u0142a si\u0119 przekaza\u0107 Ukrainie samoch\u00f3d stra\u017cy po\u017carnej, a rada wiejskiej gminy Boczeczky po\u0142o\u017conej niedaleko Konotopu w obwodzie sumskim, tu\u017c przy granicy z ziemiami Moskwy, w\u0142a\u015bnie zwr\u00f3ci\u0142a si\u0119 do nas z pro\u015bb\u0105 o pomoc. Na obszarze 33 km2 mieszka\u0144cy gminy mieli do dyspozycji tylko jeden pi\u0119\u0107dziesi\u0119cioletni w\u00f3z stra\u017cacki, starego zi\u0142a, a zdarza\u0142o si\u0119, \u017ce w okolicy p\u0142on\u0119\u0142o naraz osiem dom\u00f3w. I tak si\u0119 szcz\u0119\u015bliwie z\u0142o\u017cy\u0142o, \u017ce mogli\u015bmy przekaza\u0107 Boczeczkom wspania\u0142y samoch\u00f3d z Melle.<\/p>\n","protected":false},"author":34,"featured_media":36295,"comment_status":"closed","ping_status":"open","sticky":false,"template":"","format":"standard","meta":{"_EventAllDay":false,"_EventTimezone":"","_EventStartDate":"","_EventEndDate":"","_EventStartDateUTC":"","_EventEndDateUTC":"","_EventShowMap":false,"_EventShowMapLink":false,"_EventURL":"","_EventCost":"","_EventCostDescription":"","_EventCurrencySymbol":"","_EventCurrencyCode":"","_EventCurrencyPosition":"","_EventDateTimeSeparator":"","_EventTimeRangeSeparator":"","_EventOrganizerID":[],"_EventVenueID":[],"_OrganizerEmail":"","_OrganizerPhone":"","_OrganizerWebsite":"","_VenueAddress":"","_VenueCity":"","_VenueCountry":"","_VenueProvince":"","_VenueState":"","_VenueZip":"","_VenuePhone":"","_VenueURL":"","_VenueStateProvince":"","_VenueLat":"","_VenueLng":"","_VenueShowMap":false,"_VenueShowMapLink":false,"footnotes":""},"categories":[596],"tags":[],"class_list":["post-38556","post","type-post","status-publish","format-standard","has-post-thumbnail","hentry","category-felietony","felietony"],"_links":{"self":[{"href":"https:\/\/kodmalopolska.pl\/index.php?rest_route=\/wp\/v2\/posts\/38556","targetHints":{"allow":["GET"]}}],"collection":[{"href":"https:\/\/kodmalopolska.pl\/index.php?rest_route=\/wp\/v2\/posts"}],"about":[{"href":"https:\/\/kodmalopolska.pl\/index.php?rest_route=\/wp\/v2\/types\/post"}],"author":[{"embeddable":true,"href":"https:\/\/kodmalopolska.pl\/index.php?rest_route=\/wp\/v2\/users\/34"}],"replies":[{"embeddable":true,"href":"https:\/\/kodmalopolska.pl\/index.php?rest_route=%2Fwp%2Fv2%2Fcomments&post=38556"}],"version-history":[{"count":0,"href":"https:\/\/kodmalopolska.pl\/index.php?rest_route=\/wp\/v2\/posts\/38556\/revisions"}],"wp:featuredmedia":[{"embeddable":true,"href":"https:\/\/kodmalopolska.pl\/index.php?rest_route=\/wp\/v2\/media\/36295"}],"wp:attachment":[{"href":"https:\/\/kodmalopolska.pl\/index.php?rest_route=%2Fwp%2Fv2%2Fmedia&parent=38556"}],"wp:term":[{"taxonomy":"category","embeddable":true,"href":"https:\/\/kodmalopolska.pl\/index.php?rest_route=%2Fwp%2Fv2%2Fcategories&post=38556"},{"taxonomy":"post_tag","embeddable":true,"href":"https:\/\/kodmalopolska.pl\/index.php?rest_route=%2Fwp%2Fv2%2Ftags&post=38556"}],"curies":[{"name":"wp","href":"https:\/\/api.w.org\/{rel}","templated":true}]}}