{"id":38529,"date":"2024-12-20T20:20:44","date_gmt":"2024-12-20T19:20:44","guid":{"rendered":"https:\/\/kodmalopolska.pl\/?p=38529"},"modified":"2024-12-20T20:20:44","modified_gmt":"2024-12-20T19:20:44","slug":"poszly-konie-felieton-adama-jaskowa-193","status":"publish","type":"post","link":"https:\/\/kodmalopolska.pl\/?p=38529","title":{"rendered":"Posz\u0142y konie. Felieton Adama Ja\u015bkowa (193)"},"content":{"rendered":"<h4>Czy czego\u015b specjalnego mo\u017cemy si\u0119 spodziewa\u0107 po kampanii wyborczej? Nie s\u0105dz\u0119. O\u017cywi\u0107 j\u0105 mog\u0105 jedynie skrzyd\u0142owi kandydaci, prawo- i lewo-. Czy to zrobi\u0105, czy postawi\u0105 interesuj\u0105ce pytania \u2013 zobaczymy. Dot\u0105d ani koalicja, ani opozycja nie zajmuj\u0105 si\u0119 najbardziej istotnymi problemami.<\/h4>\n<p>Stary (czeski) dowcip ko\u0144ski: kto\u015b zapyta\u0142 \u015blepego konia, czy wystartuje w s\u0142ynnej Wielkiej Pardubickiej, na co ko\u0144 (kt\u00f3ry m\u00f3wi\u0142) odpar\u0142 z typowo czesk\u0105 flegm\u0105: \u201eNie widz\u0119 przeszk\u00f3d\u201d. Ja te\u017c nie widz\u0119 przeszk\u00f3d, by zadedykowa\u0107 kawa\u0142 \u2013 z czesk\u0105 brod\u0105 \u2013 kandydatom na urz\u0105d Prezydenta Polski.<\/p>\n<p>Prawdopodobnie znamy ju\u017c wszystkich kandydat\u00f3w, kt\u00f3rzy wystartuj\u0105 w wyborach, a przynajmniej przyst\u0105pi\u0105 do zbierania podpis\u00f3w. To pierwsza przeszkoda, kt\u00f3rej mo\u017ce nie sprosta\u0107 nawet ko\u0144 o dobrym wzroku. Przewidywane problemy z jej pokonaniem oraz brak funduszy mog\u0105 spowodowa\u0107, \u017ce Razem nie wystawi swojego \u017celaznego kandydata i nie w\u0142\u0105czy si\u0119 do wy\u015bcigu. Jak kiedy\u015b wspomnia\u0142em, nazwy polskich partii s\u0105 symboliczne, to znaczy symbolizuj\u0105 warto\u015bci, kt\u00f3re ani rusz nie chc\u0105 si\u0119 zmaterializowa\u0107 w praktycznym dzia\u0142aniu tych\u017ce partii. To niepisane prawo III RP. Przypominam, \u017ce oficjalna nazwa partii Razem to Lewica Razem. Partia ta prze\u017cywa regularne roz\u0142amy mniej wi\u0119cej co dwa lata i w\u0142a\u015bnie prze\u017cy\u0142a (ale czy faktycznie prze\u017cy\u0142a, to si\u0119 jeszcze oka\u017ce) kolejny. Jedyn\u0105 sta\u0142\u0105 rzecz\u0105, a w zasadzie osob\u0105, w Razem jest jej (wsp\u00f3\u0142)przewodnicz\u0105cy. No, ale nie czas na du\u0144skie \u0142zy, gdy p\u0142on\u0105 lasy.<\/p>\n<p>Pewniakiem do osi\u0105gniecia sukcesu jest kandydat Konfederacji, S\u0142awomir Mentzen. Sukces b\u0119dzie nieco pyrrusowy, ale pokonanie samego marsza\u0142ka Ho\u0142owni wydaje si\u0119 dzi\u015b ( w grudniu 2024) niemal pewne. Niewiadomy natomiast jest jeszcze program, przekaz, opowie\u015b\u0107, jak\u0105 uraczy, uwiedzie wyborc\u00f3w \u00f3w kandydat. Mentzen uko\u0144czy\u0142 studia na Uniwersytecie Miko\u0142aja Kopernika w Toruniu, gdzie zdoby\u0142 tytu\u0142 doktora nauk ekonomicznych. Jego aktywno\u015b\u0107, szczeg\u00f3lnie w mediach spo\u0142eczno\u015bciowych, jest imponuj\u0105ca: Facebook, Youtube, TikTok, X. No i piwo \u2013 Browar Mentzen. W zasadzie Mentzen m\u00f3g\u0142by jednoosobowo zrobi\u0107 reaktywacj\u0119 Polskiej Partii Przyjaci\u00f3\u0142 Piwa.<\/p>\n<p>Uwaga, wtr\u0119t: czy jego kandydowanie nie b\u0119dzie narusza\u0142o ustawy o wychowaniu w trze\u017awo\u015bci?<\/p>\n<p>Przygl\u0105daj\u0105c si\u0119 dok\u0142adniej sylwetce kandydata, mo\u017cna uzna\u0107, \u017ce Mentzen jest w zasadzie wymarzonym kandydatem Kaczy\u0144skiego. Wysoki (niemal), wykszta\u0142cony, z doktoratem, zna j\u0119zyki, rodzinny (\u017cona i troje dzieci), katolik i (jeszcze) niezwi\u0105zany z PiS. Moim zdaniem to jego powinien prezes Kaczy\u0144ski adoptowa\u0107 i wystawi\u0107 jako kandydata Zjednoczonej Prawicy.<\/p>\n<p>Najwi\u0119cej wolno b\u0119dzie \u2013 mam nadziej\u0119 \u2013 kandydatce Nowej (starej) Lewicy. Nie ma wiele do stracenia, a wiele do zyskania. Naj\u0142atwiej, jak s\u0105dz\u0119, poprawi poprzednie wyniki kandydat\u00f3w Lewicy (SLD) \u2013 wynik Biedronia z 2020 roku ( 2,22%), a kto wie, mo\u017ce i wynik Og\u00f3rek z 2015 (2,38%), cho\u0107 warto pami\u0119ta\u0107, \u017ce w liczbie zebranych g\u0142os\u00f3w Biedro\u0144 jednak wyprzedzi\u0142 Og\u00f3rek o 78 246 g\u0142os\u00f3w. Niemniej belka nie jest dla Biejat ustawiona w przeszkodzie zbyt wysoko. Ale te\u017c nie mo\u017cna uzna\u0107 sytuacji za ca\u0142kiem \u0142atw\u0105. Biejat nie jest ulubion\u0105 kandydatk\u0105 Nowej Lewicy ani jej wyborc\u00f3w. Nie jest te\u017c na pewno ulubienic\u0105 Lewicy Razem, od kt\u00f3rej odesz\u0142a po ostatnim kryzysie. Mo\u017ce jednak przeku\u0107 t\u0119 s\u0142abo\u015b\u0107 w atut, wybieraj\u0105c swobod\u0119 w kszta\u0142towaniu swojego przekazu wyborczego. Jej szansa to kontestacja nie tylko PiS, ale i tradycji PO, a nawet odwa\u017cna krytyka aktualnego rz\u0105du. Biejat mo\u017ce, a nawet powinna powa\u017cy\u0107 si\u0119 na przedstawienie systemowej alternatywy, kt\u00f3ra zak\u0142ada\u0142aby daleko id\u0105ce zmiany, w tym r\u00f3wnie\u017c zmiany w Konstytucji.<\/p>\n<p>Trudniej na pewno b\u0119dzie Ho\u0142owni. Sam sobie wysoko ustawi\u0142 belk\u0119, a kto wie, czy zamiast rywalizowa\u0107 o drug\u0105 tur\u0119, nie b\u0119dzie musia\u0142 walczy\u0107 w derbach marsza\u0142kowskich z (wice)marsza\u0142ek Senatu o zaszczytn\u0105 \u2013 lub nie \u2013 czwart\u0105 lokat\u0119. Gwiazda marsza\u0142ka (Sejmu) znacznie przyblad\u0142a, a w dodatku bardzo trudno b\u0119dzie \u0142\u0105czy\u0107 rol\u0119 kandydata do pierwszego urz\u0119du w pa\u0144stwie z realizowaniem funkcji drugiego (urz\u0119du).<\/p>\n<p>Na koniec prawdopodobnie zostan\u0105 na parkurze (kontynuuj\u0105c ko\u0144sk\u0105 parafraz\u0119) kandydaci PO i PiS czy \u2013 jak uparcie twierdz\u0105 niekt\u00f3rzy symetry\u015bci \u2013 POPiS. Nie potrafi\u0119 dzi\u015b przewidzie\u0107, kt\u00f3ry z nich zako\u0144czy sukcesem pierwsz\u0105, a tym bardziej drug\u0105 tur\u0119.<\/p>\n<p>S\u0142abo\u015bci\u0105 Rafa\u0142a Trzaskowskiego na pewno b\u0119dzie rz\u0105d (utraconych) nadziei i to, \u017ce Trzaskowski ju\u017c raz przegra\u0142, a mobilizacja wyborc\u00f3w b\u0119dzie teraz daleko trudniejsza ni\u017c pi\u0119\u0107 lat czy cho\u0107by rok temu. Sonda\u017ce wskazuj\u0105, \u017ce kandydat PO ma ju\u017c sw\u00f3j ustabilizowany elektorat, ale te\u017c \u017ce bardzo trudno b\u0119dzie go powi\u0119kszy\u0107.<\/p>\n<p>Jego rywal Nawrocki, ma belk\u0119 w przeszkodzie ustawion\u0105 o wiele ni\u017cej. Nikt nie wymaga od niego, by wygra\u0142, ma jedynie dosta\u0107 si\u0119 do drugiej tury, a to wed\u0142ug grudniowych sonda\u017cy powinno przyj\u015b\u0107 mu \u0142atwo. A potem\u2026 To, co potem, b\u0119dzie zale\u017ca\u0142o od kampanii wyborczej, nawet nie tyle samego Nawrockiego, ile pozosta\u0142ych kandydat\u00f3w, a w szczeg\u00f3lno\u015bci Trzaskowskiego. Warto pami\u0119ta\u0107, \u017ce sonda\u017ce dawa\u0142y Komorowskiemu zwyci\u0119stwo nad Dud\u0105 ju\u017c w pierwszej turze\u2026<\/p>\n<p>Czy czego\u015b specjalnego mo\u017cemy si\u0119 spodziewa\u0107 po kampanii wyborczej? Nie s\u0105dz\u0119. O\u017cywi\u0107 j\u0105 mog\u0105 jedynie skrzyd\u0142owi kandydaci, prawo- i lewo-. Czy to zrobi\u0105, czy postawi\u0105 interesuj\u0105ce pytania \u2013 zobaczymy. Dot\u0105d ani koalicja, ani opozycja nie zajmuj\u0105 si\u0119 najbardziej istotnymi problemami. W dodatku rz\u0105dowi nie wszystko idzie jak po ma\u015ble \u2013 i to nie dlatego, \u017ce mas\u0142o dro\u017ceje. Nadal nie wypracowano powa\u017cnych strategii w najwa\u017cniejszych sektorach gospodarczych i spo\u0142ecznych. W sferze gospodarki mamy bardziej rz\u0105d kontynuacji ni\u017c zmiany. W sferze spo\u0142ecznej rysuje si\u0119 minimalny post\u0119p, w pozosta\u0142ych ministrowie raczej drepcz\u0105 w miejscu lub chodz\u0105 w k\u00f3\u0142ko. A komunikacja rz\u0105du ze spo\u0142ecze\u0144stwem i konsultacje z spo\u0142ecznymi interesariuszami nie zachwycaj\u0105 tych ostatnich, cho\u0107 ci doceniaj\u0105, \u017ce w og\u00f3le co\u015b takiego si\u0119 odbywa. Generalnie mamy w\u0142adz\u0119 ma\u0142ych zachwyt\u00f3w i ma\u0142ych (lub wi\u0119kszych ) rozczarowa\u0144. To nie wr\u00f3\u017cy najlepiej na przysz\u0142y rok.<\/p>\n<p><em>r\u00f3wnie\u017c na\u00a0<\/em><a href=\"https:\/\/aristoskr.wordpress.com\/\" target=\"_blank\" rel=\"noreferrer noopener\">aristoskr.wordpress.com<\/a><\/p>\n<hr \/>\n<p><em>Felieton jest wyrazem opinii autora. Nie prezentuje stanowiska ZR<\/em>.<\/p>\n","protected":false},"excerpt":{"rendered":"<p>Czy czego\u015b specjalnego mo\u017cemy si\u0119 spodziewa\u0107 po kampanii wyborczej? Nie s\u0105dz\u0119. O\u017cywi\u0107 j\u0105 mog\u0105 jedynie skrzyd\u0142owi kandydaci, prawo- i lewo-. Czy to zrobi\u0105, czy postawi\u0105 interesuj\u0105ce pytania \u2013 zobaczymy. Dot\u0105d ani koalicja, ani opozycja nie zajmuj\u0105 si\u0119 najbardziej istotnymi problemami.<\/p>\n","protected":false},"author":34,"featured_media":20415,"comment_status":"closed","ping_status":"open","sticky":false,"template":"","format":"standard","meta":{"_EventAllDay":false,"_EventTimezone":"","_EventStartDate":"","_EventEndDate":"","_EventStartDateUTC":"","_EventEndDateUTC":"","_EventShowMap":false,"_EventShowMapLink":false,"_EventURL":"","_EventCost":"","_EventCostDescription":"","_EventCurrencySymbol":"","_EventCurrencyCode":"","_EventCurrencyPosition":"","_EventDateTimeSeparator":"","_EventTimeRangeSeparator":"","_EventOrganizerID":[],"_EventVenueID":[],"_OrganizerEmail":"","_OrganizerPhone":"","_OrganizerWebsite":"","_VenueAddress":"","_VenueCity":"","_VenueCountry":"","_VenueProvince":"","_VenueState":"","_VenueZip":"","_VenuePhone":"","_VenueURL":"","_VenueStateProvince":"","_VenueLat":"","_VenueLng":"","_VenueShowMap":false,"_VenueShowMapLink":false,"footnotes":""},"categories":[596],"tags":[],"class_list":["post-38529","post","type-post","status-publish","format-standard","has-post-thumbnail","hentry","category-felietony","felietony"],"_links":{"self":[{"href":"https:\/\/kodmalopolska.pl\/index.php?rest_route=\/wp\/v2\/posts\/38529","targetHints":{"allow":["GET"]}}],"collection":[{"href":"https:\/\/kodmalopolska.pl\/index.php?rest_route=\/wp\/v2\/posts"}],"about":[{"href":"https:\/\/kodmalopolska.pl\/index.php?rest_route=\/wp\/v2\/types\/post"}],"author":[{"embeddable":true,"href":"https:\/\/kodmalopolska.pl\/index.php?rest_route=\/wp\/v2\/users\/34"}],"replies":[{"embeddable":true,"href":"https:\/\/kodmalopolska.pl\/index.php?rest_route=%2Fwp%2Fv2%2Fcomments&post=38529"}],"version-history":[{"count":0,"href":"https:\/\/kodmalopolska.pl\/index.php?rest_route=\/wp\/v2\/posts\/38529\/revisions"}],"wp:featuredmedia":[{"embeddable":true,"href":"https:\/\/kodmalopolska.pl\/index.php?rest_route=\/wp\/v2\/media\/20415"}],"wp:attachment":[{"href":"https:\/\/kodmalopolska.pl\/index.php?rest_route=%2Fwp%2Fv2%2Fmedia&parent=38529"}],"wp:term":[{"taxonomy":"category","embeddable":true,"href":"https:\/\/kodmalopolska.pl\/index.php?rest_route=%2Fwp%2Fv2%2Fcategories&post=38529"},{"taxonomy":"post_tag","embeddable":true,"href":"https:\/\/kodmalopolska.pl\/index.php?rest_route=%2Fwp%2Fv2%2Ftags&post=38529"}],"curies":[{"name":"wp","href":"https:\/\/api.w.org\/{rel}","templated":true}]}}