{"id":38489,"date":"2024-11-24T11:49:15","date_gmt":"2024-11-24T10:49:15","guid":{"rendered":"https:\/\/kodmalopolska.pl\/?p=38489"},"modified":"2024-11-24T11:49:15","modified_gmt":"2024-11-24T10:49:15","slug":"ekonomiczne-herezje-felieton-adama-jaskowa-191","status":"publish","type":"post","link":"https:\/\/kodmalopolska.pl\/?p=38489","title":{"rendered":"Ekonomiczne herezje. Felieton Adama Ja\u015bkowa (191)"},"content":{"rendered":"<h4>Nie wiem jak Premier Tusk zachowa si\u0119 wobec unijnych propozycji podatkowych, bo jak dot\u0105d polskie rz\u0105dy (post)solidarnie torpedowa\u0142y wszystkie nowe takie projekty. Zobaczymy co Premier tak naprawd\u0119 zrobi po wyborach prezydenckich. Co zaproponuje, czy ma gdzie\u015b w sejfie schowane strategie, kt\u00f3re b\u0119dzie w stanie uzgodni\u0107 z koalicjantami.\u00a0Czy te\u017c po wyborach koalicja si\u0119 rozsypie i b\u0119d\u0105 nowe wybory, w drug\u0105 rocznic\u0119 wygranych.<\/h4>\n<p>\u201eUE musi to zrobi\u0107 (podnie\u015b\u0107 podatki), bo inaczej czeka j\u0105 dezintegracja\u201d to konkluzja dyskusji Open Eyes Economy Summit w Krakowie. 15,3 bln (bilion \u2013 tysi\u0105c miliard\u00f3w) dolar\u00f3w &#8211; tyle wed\u0142ug najnowszych raport\u00f3w wynosi obecnie d\u0142ug publiczny Unii Europejskiej. Dla por\u00f3wnania d\u0142ug rz\u0105du USA wzr\u00f3s\u0142 w tym roku do 35,7 bln dolar\u00f3w.<\/p>\n<p>Dyskutanci byli wyj\u0105tkowo zgodni, Unia Europejska nie ma wyj\u015bcia, musi szuka\u0107 nowych \u017ar\u00f3de\u0142 dochod\u00f3w. Marek Belka przytomnie zauwa\u017cy\u0142, \u017ce rozmowa o nowych \u017ar\u00f3d\u0142ach dochod\u00f3w Unii to tak naprawd\u0119 rozmowa o nowych podatkach. Musimy mie\u0107 unijne podatki, \u017ceby si\u0119 rozwija\u0142y unijne projekty. Bez unijnych projekt\u00f3w, unijnych inwestycji Unia nie b\u0119dzie mia\u0142a sensu.<\/p>\n<p>Od 2026 b\u0119dzie wprowadzony podatek wyr\u00f3wnawczy od emisji CO2 na towary importowane, m.in. stal, cement, nawozy, aluminium. Ma to wyr\u00f3wna\u0107 konkurencyjno\u015b\u0107 produkt\u00f3w unijnych i tych spoza Unii.<\/p>\n<p>Kolejna kwestia to danina od transakcji finansowych (financial transaction tax &#8211; FTT) .<\/p>\n<p>Propozycja upad\u0142a dziesi\u0119\u0107 lat temu, r\u00f3wnie\u017c dzi\u0119ki Polsce. Unia Europejska zaproponowa\u0142a w\u00f3wczas og\u00f3lnounijne podatki: 0,1 procent od przeniesienia akcji i obligacji oraz 0,01 procent od kontrakt\u00f3w na instrumenty pochodne.<br \/>\nTeraz sprawa mo\u017ce wr\u00f3ci\u0107, o ile np. rz\u0105d Tuska si\u0119 nie sprzeciwi.<\/p>\n<p><em>&#8211; Je\u015bli bud\u017cet unijny nadal b\u0119dzie oparty na partycypacji narodowej poszczeg\u00f3lnych pa\u0144stw cz\u0142onkowskich, to b\u0119dziemy mie\u0107 w Unii k\u0142\u00f3tnie prowadz\u0105ce do destabilizacji. \u017beby d\u0105\u017cy\u0107 do stabilizacji, Unia potrzebuje nowych \u017ar\u00f3de\u0142 dochod\u00f3w, czyli z podatk\u00f3w, bo do tego si\u0119 do sprowadza.<\/em> \u2013 to zn\u00f3w Marek Belka. &#8211; <em>A spo\u0142ecze\u0144stwom unijnym wyt\u0142umaczy\u0107, \u017ce te podatki s\u0142u\u017c\u0105 im. Bo je\u015bli tego nie zrobimy, trzeba b\u0119dzie obci\u0105\u0107 wydatki, a to jest misja samob\u00f3jcza.<\/em><\/p>\n<p>I w tym miejscu mo\u017cemy wr\u00f3ci\u0107 do naszych, polskich baran\u00f3w, w rz\u0105dzie i parlamencie. Polska ma nadal degresywny system podatkowy i wszystkie jego korekty, dziwnym trafem przynosz\u0105 korzy\u015bci najlepiej zarabiaj\u0105cym. Podobnie jest z kwesti\u0105 obni\u017cenia sk\u0142adek na ubezpieczenie zdrowotne, dumnie nazywan\u0105 reform\u0105. W trosce o interesy najmniej zarabiaj\u0105cych samozatrudnionych i przedsi\u0119biorc\u00f3w zamierza si\u0119 wprowadzi\u0107 przepisy kt\u00f3re dadz\u0105 najwi\u0119ksze korzy\u015bci najlepiej zarabiaj\u0105cym.<\/p>\n<p>W 2023 roku mediana wynagrodze\u0144 ca\u0142kowitych prezes\u00f3w bank\u00f3w wynosi\u0142a ponad 4,5 mln PLN. Stanowi to wzrost o 12,1% w stosunku do roku 2022. Na szczycie listy wyl\u0105dowali prezesi Santander Banku 6,2 miliona z\u0142otych rocznych zarobk\u00f3w za rok 2023, Mbanku nieco powy\u017cej 6 mln oraz Banku Milenium, tu ju\u017c marne 5,1 miliona .<\/p>\n<p>Oni oczywi\u015bci najwi\u0119cej zyskaliby na planowanej na rok 2026 obni\u017cce sk\u0142adki zdrowotnej.<\/p>\n<p>Wpisany do kamieni milowych KPO podatek od pojazd\u00f3w spalinowych zosta\u0142 zamieniony na dop\u0142aty do pojazd\u00f3w elektrycznych. Nie wiadomo, czy skorzysta na tym bardziej Elon od Tesli czy chi\u0144scy producenci elektryk\u00f3w przebojem wchodz\u0105cy do Polski. Na pewno prezesom bank\u00f3w nie b\u0119dzie \u0142atwo wybra\u0107 do jakiego elektryka wzi\u0105\u0107 dop\u0142at\u0119.<\/p>\n<p>No chyba \u017ce na dop\u0142aty do elektryk\u00f3w braknie pieni\u0119dzy, jak prawdopodobnie na wiele innych rzeczy. I nikt te\u017c na razie nie zamierza t\u0142umaczy\u0107 obywatelom, \u017ce podatki s\u0105 dobre i potrzebne.<\/p>\n<p>Propozycje obni\u017cenia sk\u0142adki zdrowotnej wywo\u0142a\u0142y przynajmniej medialn\u0105 dyskusj\u0119, w kt\u00f3rej przewa\u017ca\u0142y g\u0142osy krytyczne. I to nie tylko dlatego, \u017ce premier postanowi\u0142 odst\u0105pi\u0107 od wszelkich, nawet tych wymaganych prawem, konsultacji.<\/p>\n<p>W bud\u017cecie nie b\u0119dzie pieni\u0119dzy ani na realizacje przer\u00f3\u017cnych \u201ekonkret\u00f3w\u201d, ani na realizacje potrzebnych inwestycji. Tym bardziej, \u017ce koalicja rz\u0105dowa nie przedstawi\u0142a jak dot\u0105d \u017cadnych strategii w \u017cadnej z dziedzin. Poza edukacj\u0105 w zasadzie rz\u0105d realizuje mniej lub bardziej wiernie strategie przyj\u0119te przez PiS.<\/p>\n<p>Nie wiem jak Premier Tusk zachowa si\u0119 wobec unijnych propozycji podatkowych, bo jak dot\u0105d polskie rz\u0105dy (post)solidarnie torpedowa\u0142y wszystkie nowe takie projekty. Zobaczymy co Premier tak naprawd\u0119 zrobi po wyborach prezydenckich. Co zaproponuje, czy ma gdzie\u015b w sejfie schowane strategie, kt\u00f3re b\u0119dzie w stanie uzgodni\u0107 z koalicjantami.<\/p>\n<p>Czy te\u017c po wyborach koalicja si\u0119 rozsypie i b\u0119d\u0105 nowe wybory, w drug\u0105 rocznic\u0119 wygranych.<\/p>\n<p>Ps. Wszystkie cytaty z Open Eyes Economy Summit za Gazet\u0105 Wyborcz\u0105. Dane o wynagrodzeniach prezes\u00f3w bank\u00f3w za raportem \u201eWynagrodzenia cz\u0142onk\u00f3w zarz\u0105d\u00f3w bank\u00f3w w 2023\u201d Sedlak &amp; Sedlak.<\/p>\n<p><em>r\u00f3wnie\u017c na\u00a0<\/em><a href=\"https:\/\/aristoskr.wordpress.com\/\" target=\"_blank\" rel=\"noreferrer noopener\">aristoskr.wordpress.com<\/a><\/p>\n<hr \/>\n<p><em>Felieton jest wyrazem opinii autora. Nie prezentuje stanowiska ZR<\/em>.<\/p>\n","protected":false},"excerpt":{"rendered":"<p>Nie wiem jak Premier Tusk zachowa si\u0119 wobec unijnych propozycji podatkowych, bo jak dot\u0105d polskie rz\u0105dy (post)solidarnie torpedowa\u0142y wszystkie nowe takie projekty. Zobaczymy co Premier tak naprawd\u0119 zrobi po wyborach prezydenckich. Co zaproponuje, czy ma gdzie\u015b w sejfie schowane strategie, kt\u00f3re b\u0119dzie w stanie uzgodni\u0107 z koalicjantami. Czy te\u017c po wyborach koalicja si\u0119 rozsypie i b\u0119d\u0105 nowe wybory, w drug\u0105 rocznic\u0119 wygranych.<\/p>\n","protected":false},"author":34,"featured_media":20415,"comment_status":"closed","ping_status":"open","sticky":false,"template":"","format":"standard","meta":{"_EventAllDay":false,"_EventTimezone":"","_EventStartDate":"","_EventEndDate":"","_EventStartDateUTC":"","_EventEndDateUTC":"","_EventShowMap":false,"_EventShowMapLink":false,"_EventURL":"","_EventCost":"","_EventCostDescription":"","_EventCurrencySymbol":"","_EventCurrencyCode":"","_EventCurrencyPosition":"","_EventDateTimeSeparator":"","_EventTimeRangeSeparator":"","_EventOrganizerID":[],"_EventVenueID":[],"_OrganizerEmail":"","_OrganizerPhone":"","_OrganizerWebsite":"","_VenueAddress":"","_VenueCity":"","_VenueCountry":"","_VenueProvince":"","_VenueState":"","_VenueZip":"","_VenuePhone":"","_VenueURL":"","_VenueStateProvince":"","_VenueLat":"","_VenueLng":"","_VenueShowMap":false,"_VenueShowMapLink":false,"footnotes":""},"categories":[596],"tags":[],"class_list":["post-38489","post","type-post","status-publish","format-standard","has-post-thumbnail","hentry","category-felietony","felietony"],"_links":{"self":[{"href":"https:\/\/kodmalopolska.pl\/index.php?rest_route=\/wp\/v2\/posts\/38489","targetHints":{"allow":["GET"]}}],"collection":[{"href":"https:\/\/kodmalopolska.pl\/index.php?rest_route=\/wp\/v2\/posts"}],"about":[{"href":"https:\/\/kodmalopolska.pl\/index.php?rest_route=\/wp\/v2\/types\/post"}],"author":[{"embeddable":true,"href":"https:\/\/kodmalopolska.pl\/index.php?rest_route=\/wp\/v2\/users\/34"}],"replies":[{"embeddable":true,"href":"https:\/\/kodmalopolska.pl\/index.php?rest_route=%2Fwp%2Fv2%2Fcomments&post=38489"}],"version-history":[{"count":0,"href":"https:\/\/kodmalopolska.pl\/index.php?rest_route=\/wp\/v2\/posts\/38489\/revisions"}],"wp:featuredmedia":[{"embeddable":true,"href":"https:\/\/kodmalopolska.pl\/index.php?rest_route=\/wp\/v2\/media\/20415"}],"wp:attachment":[{"href":"https:\/\/kodmalopolska.pl\/index.php?rest_route=%2Fwp%2Fv2%2Fmedia&parent=38489"}],"wp:term":[{"taxonomy":"category","embeddable":true,"href":"https:\/\/kodmalopolska.pl\/index.php?rest_route=%2Fwp%2Fv2%2Fcategories&post=38489"},{"taxonomy":"post_tag","embeddable":true,"href":"https:\/\/kodmalopolska.pl\/index.php?rest_route=%2Fwp%2Fv2%2Ftags&post=38489"}],"curies":[{"name":"wp","href":"https:\/\/api.w.org\/{rel}","templated":true}]}}