{"id":38474,"date":"2024-11-13T20:30:34","date_gmt":"2024-11-13T19:30:34","guid":{"rendered":"https:\/\/kodmalopolska.pl\/?p=38474"},"modified":"2024-11-13T20:30:34","modified_gmt":"2024-11-13T19:30:34","slug":"interes-narodowy-felieton-fryderyka-zolla-521","status":"publish","type":"post","link":"https:\/\/kodmalopolska.pl\/?p=38474","title":{"rendered":"Interes narodowy. Felieton Fryderyka Zolla (521)"},"content":{"rendered":"<h4>S\u0142uchaj\u0105c wypowiedzi r\u00f3\u017cnych ekspert\u00f3w geopolityki, takich jak w bardzo interesuj\u0105cej sk\u0105din\u0105d HISTORII REALNEJ Piotra Zychowicza, mo\u017cna us\u0142ysze\u0107 odmienian\u0105 przez wszystkie przypadki fraz\u0119 o polskim interesie narodowym.<\/h4>\n<p>Zdaniem jednego z zaproszonych ekspert\u00f3w, w\u015br\u00f3d polskich polityk\u00f3w brak jest takich, kt\u00f3rzy si\u0119 odpowiednio polskim interesem narodowym kieruj\u0105. Pe\u0142no natomiast tych ho\u0142duj\u0105cych obcym interesom, ameryka\u0144skim, niemieckim czy ukrai\u0144skim. Dobrze zdefiniowany interes narodowy wyznaczy\u0142by wiele granic, np. w pomocy Ukrainie. Najlepiej, \u017ceby\u015bmy si\u0119 trzymali daleko. Gdyby si\u0119 da\u0142o tak przenie\u015b\u0107 Polsk\u0119 gdzie\u015b daleko&#8230;<\/p>\n<p>Ponadto eksperci ucz\u0105 nas, \u017ce w polityce nie s\u0105 istotne nakazy moralno\u015bci, przyja\u017ani i solidarno\u015bci. O wszystkim rozstrzyga interes. S\u0142ycha\u0107 tu echa Carla Schmitta, \u017ce w stosunkach mi\u0119dzynarodowych nie obowi\u0105zuj\u0105 zasady przenoszone z obowi\u0105zuj\u0105cej mi\u0119dzy lud\u017ami etyki chrze\u015bcija\u0144skiej, etyki mi\u0142osierdzia. Tylko interesy. Ukrainie pomagamy, bo interesy i tylko w ich granicach. Do stosunk\u00f3w mi\u0119dzy pa\u0144stwami nie stosuj\u0105 si\u0119 uczucia.<\/p>\n<p>Dobrze, \u017ce nie jestem politykiem. Cho\u0107 co\u015b mi podpowiada, \u017ce polityka oparta na tak rozumianych interesach, oderwana od moralno\u015bci, o sojuszach decyduj\u0105ca bez oparcia si\u0119 na jakichkolwiek warto\u015bciach, w kt\u00f3rym\u015b momencie ko\u0144czy si\u0119 katastrof\u0105. Przy\u015bwiecaj\u0105ca KOD zasada W\u0142adys\u0142awa Bartoszewskiego, o tym, \u017ce warto by\u0107 przyzwoitym, dotyczy tak\u017ce relacji mi\u0119dzy pa\u0144stwami. Mam nadziej\u0119, \u017ce pomoc walcz\u0105cej i cierpi\u0105cej Ukrainie nie stanowi jedynie rezultatu zimnej oceny interes\u00f3w, ale jest wynikiem przekonania o tym, gdzie w tym konflikcie jest dobro a gdzie z\u0142o. Jestem oburzony, \u017ce polscy politycy zacz\u0119li uzale\u017cnia\u0107 cz\u0142onkostwo Ukrainy w UE od spe\u0142nienia warunk\u00f3w w polsko-ukrai\u0144skim sporze historyczno-moralnym. Ta wojna rozpocz\u0119\u0142a si\u0119 Majdanem, po kt\u00f3rym flaga UE ma ten sam kolor, kt\u00f3ry nosi sotnia tych, kt\u00f3rzy na Majdanie zgin\u0119li za nasz\u0105 wsp\u00f3ln\u0105 Europ\u0119. Dzi\u015b gin\u0105 pokolenia Ukrai\u0144c\u00f3w za to, \u017ceby Ukraina stanowi\u0142a cz\u0119\u015b\u0107 demokratycznej i wolnej Europy. T\u0105 nadziej\u0105 nie wolno nam nigdy gra\u0107, nawet je\u017celi po wojnie b\u0119dziemy chcieli, aby Ukrai\u0144cy uszanowali tak\u017ce nasz\u0105 pami\u0119\u0107.<\/p>\n<p>M\u00f3j przyjaciel prof. Serhij Banach otrzyma od Prezydenta RP Krzy\u017c Oficerski Orderu Zas\u0142ugi. Ukaza\u0142o si\u0119 ju\u017c postanowienie Prezydenta w tej sprawie. Teraz, w czasie r\u00f3\u017cnych napi\u0119\u0107 mi\u0119dzy Polsk\u0105 a Ukrain\u0105 to odznaczenie dla dziekana tarnopolskiego Wydzia\u0142u Prawa i walcz\u0105cego na froncie oficera ukrai\u0144skiej armii ma symboliczne znaczenie. Pokazuje wag\u0119 polsko-ukrai\u0144skiej wsp\u00f3\u0142pracy uniwersyteckiej, u podstaw kt\u00f3rej s\u0105 prawdziwe przyja\u017anie i poczucie wsp\u00f3lnoty losu. Mija tysi\u0119czny dzie\u0144 pe\u0142noskalowej wojny. Pomy\u015blmy o naszych ukrai\u0144skich braciach i siostrach nie przez pryzmat geopolitycznych interes\u00f3w, tylko wsp\u00f3\u0142czuj\u0105cym sercem. Paradoksalnie ten spos\u00f3b my\u015blenia najpe\u0142niej odpowiada geopolitycznym interesom. Prowadzi do zwyci\u0119stwa Ukrainy, Polski i Europy. Nie dajmy sobie wm\u00f3wi\u0107 konieczno\u015bci my\u015blenia egoistycznymi kategoriami w\u0105skich narodowych interes\u00f3w. Bo wtedy przegramy i militarnie, i moralnie. Musimy si\u0119 zdoby\u0107 na wysi\u0142ek solidarno\u015bci, na zrozumienie, \u017ce idzie o wolno\u015b\u0107 wasz\u0105 i nasz\u0105. Wspierajmy walcz\u0105c\u0105 Ukrain\u0119, kieruj\u0105c si\u0119 cz\u0142owiecze\u0144stwem a nie geopolityk\u0105. Trwaj\u0105 nasze zbi\u00f3rki. Pom\u00f3\u017ccie. Wtedy licznik wojennych dni w ko\u0144cu przestanie bi\u0107.<\/p>\n<hr class=\"wp-block-separator has-alpha-channel-opacity\" \/>\n<table>\n<tbody>\n<tr>\n<td>\u00a0\u00a0Wesprzyj Ukrain\u0119\u00a0poprzez Fundacj\u0119 na rzecz Kongresu Katoliczek i Katolik\u00f3w\u00a0(wp\u0142aty z dopiskiem \u201e<strong>Ukraina<\/strong>\u201d)<\/td>\n<td width=\"160\"><a href=\"https:\/\/kongreskk.pl\/fundacja\/\"><img decoding=\"async\" src=\"https:\/\/kodmalopolska.pl\/wp-content\/uploads\/2024\/01\/FundacjaKKK-e1704211837383.jpg\" \/><\/a><\/td>\n<\/tr>\n<\/tbody>\n<\/table>\n<hr class=\"wp-block-separator has-alpha-channel-opacity\" \/>\n<table width=\"100%\">\n<tbody>\n<tr>\n<td><img loading=\"lazy\" decoding=\"async\" class=\"\" src=\"https:\/\/zrzutka.pl\/uploads\/chipin\/wcr3gy\/cover\/orginal\/5db3556c422ef20bf246c50a8338a0dd.jpg\" width=\"290\" height=\"162\" \/><\/td>\n<td>Wspieramy walcz\u0105cych w Ukrainie<\/td>\n<td><iframe src=\"https:\/\/zrzutka.pl\/wcr3gy\/widget\/14\" frameborder=\"0\" scrolling=\"no\" data-mce-fragment=\"1\"><\/iframe><\/td>\n<\/tr>\n<\/tbody>\n<\/table>\n<hr class=\"wp-block-separator has-alpha-channel-opacity\" \/>\n<p><em>Felieton jest wyrazem opinii autora. Nie prezentuje stanowiska ZR Ma\u0142opolskie.<\/em><\/p>\n","protected":false},"excerpt":{"rendered":"<p>S\u0142uchaj\u0105c wypowiedzi r\u00f3\u017cnych ekspert\u00f3w geopolityki, takich jak w bardzo interesuj\u0105cej sk\u0105din\u0105d HISTORII REALNEJ Piotra Zychowicza, mo\u017cna us\u0142ysze\u0107 odmienian\u0105 przez wszystkie przypadki fraz\u0119 o polskim interesie narodowym.<\/p>\n","protected":false},"author":34,"featured_media":36295,"comment_status":"closed","ping_status":"open","sticky":false,"template":"","format":"standard","meta":{"_EventAllDay":false,"_EventTimezone":"","_EventStartDate":"","_EventEndDate":"","_EventStartDateUTC":"","_EventEndDateUTC":"","_EventShowMap":false,"_EventShowMapLink":false,"_EventURL":"","_EventCost":"","_EventCostDescription":"","_EventCurrencySymbol":"","_EventCurrencyCode":"","_EventCurrencyPosition":"","_EventDateTimeSeparator":"","_EventTimeRangeSeparator":"","_EventOrganizerID":[],"_EventVenueID":[],"_OrganizerEmail":"","_OrganizerPhone":"","_OrganizerWebsite":"","_VenueAddress":"","_VenueCity":"","_VenueCountry":"","_VenueProvince":"","_VenueState":"","_VenueZip":"","_VenuePhone":"","_VenueURL":"","_VenueStateProvince":"","_VenueLat":"","_VenueLng":"","_VenueShowMap":false,"_VenueShowMapLink":false,"footnotes":""},"categories":[596],"tags":[],"class_list":["post-38474","post","type-post","status-publish","format-standard","has-post-thumbnail","hentry","category-felietony","felietony"],"_links":{"self":[{"href":"https:\/\/kodmalopolska.pl\/index.php?rest_route=\/wp\/v2\/posts\/38474","targetHints":{"allow":["GET"]}}],"collection":[{"href":"https:\/\/kodmalopolska.pl\/index.php?rest_route=\/wp\/v2\/posts"}],"about":[{"href":"https:\/\/kodmalopolska.pl\/index.php?rest_route=\/wp\/v2\/types\/post"}],"author":[{"embeddable":true,"href":"https:\/\/kodmalopolska.pl\/index.php?rest_route=\/wp\/v2\/users\/34"}],"replies":[{"embeddable":true,"href":"https:\/\/kodmalopolska.pl\/index.php?rest_route=%2Fwp%2Fv2%2Fcomments&post=38474"}],"version-history":[{"count":0,"href":"https:\/\/kodmalopolska.pl\/index.php?rest_route=\/wp\/v2\/posts\/38474\/revisions"}],"wp:featuredmedia":[{"embeddable":true,"href":"https:\/\/kodmalopolska.pl\/index.php?rest_route=\/wp\/v2\/media\/36295"}],"wp:attachment":[{"href":"https:\/\/kodmalopolska.pl\/index.php?rest_route=%2Fwp%2Fv2%2Fmedia&parent=38474"}],"wp:term":[{"taxonomy":"category","embeddable":true,"href":"https:\/\/kodmalopolska.pl\/index.php?rest_route=%2Fwp%2Fv2%2Fcategories&post=38474"},{"taxonomy":"post_tag","embeddable":true,"href":"https:\/\/kodmalopolska.pl\/index.php?rest_route=%2Fwp%2Fv2%2Ftags&post=38474"}],"curies":[{"name":"wp","href":"https:\/\/api.w.org\/{rel}","templated":true}]}}