{"id":38382,"date":"2024-09-13T21:45:09","date_gmt":"2024-09-13T19:45:09","guid":{"rendered":"https:\/\/kodmalopolska.pl\/?p=38382"},"modified":"2024-09-13T21:45:09","modified_gmt":"2024-09-13T19:45:09","slug":"sadzenie-debu-wolnosci","status":"publish","type":"post","link":"https:\/\/kodmalopolska.pl\/?p=38382","title":{"rendered":"Sadzenie D\u0119bu wolno\u015bci"},"content":{"rendered":"<h4>Wspieramy inicjatywy bliskie naszym warto\u015bciom!<\/h4>\n<div class=\"xdj266r x11i5rnm xat24cr x1mh8g0r x1vvkbs\"><em>Unia Europejskich Demokrat\u00f3w zaprasza na doroczne \u015bwi\u0119to sadzenia \u201eD\u0119bu Wolno\u015bci\u201d z okazji 35 rocznicy powo\u0142ania pierwszego niekomunistycznego rz\u0105du Premiera Tadeusza Mazowieckiego.<\/em><br class=\"html-br\" \/><em>W tym roku Mistrzem Ceremonia\u0142u b\u0119dzie Bogdan Klich \u2013 senator, pose\u0142, pose\u0142 do PE, w czasach PRL dzia\u0142acz opozycji demokratycznej, wsp\u00f3\u0142za\u0142o\u017cyciel NZS, RWiP, Solidarno\u015bci, wi\u0119zie\u0144 stanu wojennego, po 1989 zaanga\u017cowany w Komitecie Obywatelskim, cz\u0142onek ROAD, UD, UW, PO, minister obrony narodowej w latach 2007 \u2013 2011.<\/em><br class=\"html-br\" \/><em>Spotkamy si\u0119 <strong>20 wrze\u015bnia (pi\u0105tek) o godz. 13 pod Kopcem Marsza\u0142ka J\u00f3zefa Pi\u0142sudskiego<\/strong> w Krakowie.<\/em><br class=\"html-br\" \/><em>Wszyscy, kt\u00f3rzy b\u0119d\u0105 przemieszcza\u0107 si\u0119 w\u0142asnym transportem, mog\u0105 wjecha\u0107 pod Kopiec na has\u0142o \u201eD\u0105b Wolno\u015bci\u201d.<\/em><br class=\"html-br\" \/><em>Serdecznie Wszystkich pozdrawiam, do zobaczenia pod Kopcem 20 wrze\u015bnia!<\/em><\/div>\n<div class=\"x11i5rnm xat24cr x1mh8g0r x1vvkbs xtlvy1s\"><\/div>\n<div class=\"x11i5rnm xat24cr x1mh8g0r x1vvkbs xtlvy1s\"><em>Przewodnicz\u0105ca UED<\/em><br class=\"html-br\" \/><em>El\u017cbieta Bi\u0144czycka<\/em><\/div>\n","protected":false},"excerpt":{"rendered":"<p>Wspieramy inicjatywy bliskie naszym warto\u015bciom!<\/p>\n","protected":false},"author":34,"featured_media":38383,"comment_status":"closed","ping_status":"open","sticky":false,"template":"","format":"standard","meta":{"_EventAllDay":false,"_EventTimezone":"","_EventStartDate":"","_EventEndDate":"","_EventStartDateUTC":"","_EventEndDateUTC":"","_EventShowMap":false,"_EventShowMapLink":false,"_EventURL":"","_EventCost":"","_EventCostDescription":"","_EventCurrencySymbol":"","_EventCurrencyCode":"","_EventCurrencyPosition":"","_EventDateTimeSeparator":"","_EventTimeRangeSeparator":"","_EventOrganizerID":[],"_EventVenueID":[],"_OrganizerEmail":"","_OrganizerPhone":"","_OrganizerWebsite":"","_VenueAddress":"","_VenueCity":"","_VenueCountry":"","_VenueProvince":"","_VenueState":"","_VenueZip":"","_VenuePhone":"","_VenueURL":"","_VenueStateProvince":"","_VenueLat":"","_VenueLng":"","_VenueShowMap":false,"_VenueShowMapLink":false,"footnotes":""},"categories":[28],"tags":[],"class_list":["post-38382","post","type-post","status-publish","format-standard","has-post-thumbnail","hentry","category-malopolskie-news","malopolskie-news"],"_links":{"self":[{"href":"https:\/\/kodmalopolska.pl\/index.php?rest_route=\/wp\/v2\/posts\/38382","targetHints":{"allow":["GET"]}}],"collection":[{"href":"https:\/\/kodmalopolska.pl\/index.php?rest_route=\/wp\/v2\/posts"}],"about":[{"href":"https:\/\/kodmalopolska.pl\/index.php?rest_route=\/wp\/v2\/types\/post"}],"author":[{"embeddable":true,"href":"https:\/\/kodmalopolska.pl\/index.php?rest_route=\/wp\/v2\/users\/34"}],"replies":[{"embeddable":true,"href":"https:\/\/kodmalopolska.pl\/index.php?rest_route=%2Fwp%2Fv2%2Fcomments&post=38382"}],"version-history":[{"count":0,"href":"https:\/\/kodmalopolska.pl\/index.php?rest_route=\/wp\/v2\/posts\/38382\/revisions"}],"wp:featuredmedia":[{"embeddable":true,"href":"https:\/\/kodmalopolska.pl\/index.php?rest_route=\/wp\/v2\/media\/38383"}],"wp:attachment":[{"href":"https:\/\/kodmalopolska.pl\/index.php?rest_route=%2Fwp%2Fv2%2Fmedia&parent=38382"}],"wp:term":[{"taxonomy":"category","embeddable":true,"href":"https:\/\/kodmalopolska.pl\/index.php?rest_route=%2Fwp%2Fv2%2Fcategories&post=38382"},{"taxonomy":"post_tag","embeddable":true,"href":"https:\/\/kodmalopolska.pl\/index.php?rest_route=%2Fwp%2Fv2%2Ftags&post=38382"}],"curies":[{"name":"wp","href":"https:\/\/api.w.org\/{rel}","templated":true}]}}