{"id":38374,"date":"2024-09-08T17:39:18","date_gmt":"2024-09-08T15:39:18","guid":{"rendered":"https:\/\/kodmalopolska.pl\/?p=38374"},"modified":"2024-09-08T17:50:35","modified_gmt":"2024-09-08T15:50:35","slug":"krotka-historia-deja-vu-w-sprawie-metra-felieton-adama-jaskowa-183","status":"publish","type":"post","link":"https:\/\/kodmalopolska.pl\/?p=38374","title":{"rendered":"Kr\u00f3tka historia deja vu w\u00a0sprawie metra. Felieton Adama Ja\u015bkowa (183)"},"content":{"rendered":"\n<h4 class=\"wp-block-heading\">Co ciekawe krakowski magistrat dysponuje opracowaniami, kt\u00f3re na podstawie bada\u0144 rozwoju aglomeracji oraz tzw. potok\u00f3w pasa\u017cerskich, kwestionuj\u0105 sens budowy metra. A&nbsp;trzeba pami\u0119ta\u0107, \u017ce powstawa\u0142y w&nbsp;czasach, kiedy nast\u0119powa\u0142 dosy\u0107 szybki wzrost liczby mieszka\u0144c\u00f3w Krakowa i&nbsp;rozw\u00f3j aglomeracji. Teraz perspektywy s\u0105 ju\u017c zupe\u0142nie inne, wi\u0119c tym bardziej brak wszelkich podstaw do \u0142adowania si\u0119 w&nbsp;metro.<\/h4>\n\n\n\n<p>Temat budowy metra jest prawie tak stary\u2026 jak m\u00f3j m\u0142odszy brat. Dawno, dawno temu w&nbsp;czasach minionego PRL\u2011u Krak\u00f3w mia\u0142 takie cia\u0142o jak <em>Rada Naukowa Krak\u00f3w 2000<\/em>. Wtedy na prze\u0142omie lat 60-70 zastanawiano si\u0119 jak mo\u017ce wygl\u0105da\u0107 i&nbsp;jak m\u00f3g\u0142by wygl\u0105da\u0107 Krak\u00f3w w&nbsp;XXI wieku. Standardem wtedy by\u0142y 20\u2011letnie plany rozwojowe opracowywane dla ca\u0142ego kraju, dla makroregion\u00f3w i&nbsp;region\u00f3w. Krak\u00f3w postanowi\u0142 wybiec nieco przed szereg i&nbsp;we wrze\u015bniu 1971 powo\u0142ano do \u017cycia takie w\u0142a\u015bnie, wy\u017cej wspomniane cia\u0142o. Na jego czele stan\u0105\u0142 \u00f3wczesny prezes krakowskiego oddzia\u0142u PAN.<\/p>\n\n\n\n<p>W latach 80. XX wieku Krak\u00f3w planowa\u0142 budow\u0119 linii metra \u0142\u0105cz\u0105cej Now\u0105 Hut\u0119 ze \u015ar\u00f3dmie\u015bciem. Realizacja inwestycji rozpocz\u0119\u0142a si\u0119 w&nbsp;1974. Zacz\u0119to wtedy prace nad 180-metrowym odcinkiem tunelu przebiegaj\u0105cym pod modernizowanym krakowskim w\u0119z\u0142em kolejowym. Wed\u0142ug pocz\u0105tkowych za\u0142o\u017ce\u0144 obiekt mia\u0142 mie\u0107 przebieg wsch\u00f3d-zach\u00f3d i&nbsp;by\u0107 znacznie d\u0142u\u017cszy \u2013 od Ronda Mogilskiego a\u017c do ul.&nbsp;Karmelickiej. S\u0142u\u017cy on dzi\u015b jako fragment szybkiego tramwaju i&nbsp;rozs\u0105dnie powinien zosta\u0107 przed\u0142u\u017cony od al.&nbsp;S\u0142owackiego do ul. Karmelickiej, a&nbsp;by\u0107 mo\u017ce jeszcze kawa\u0142ek dalej \u2013 do stadionu miejskiego im.&nbsp;Reymana.<\/p>\n\n\n\n<p>W&nbsp;kombinacie hutniczym (dawniej Lenina a&nbsp;potem Sendzimira) pracowa\u0142o prawie 40 tys. os\u00f3b. Dzi\u015b w&nbsp;Hucie ArcelorMittal pracuje 10 razy mniej. A&nbsp;jak d\u0142ugo b\u0119dzie jeszcze dzia\u0142 nie wiadomo i&nbsp;raczej nie nale\u017cy w&nbsp;tej sprawie snu\u0107 dalekosi\u0119\u017cnych plan\u00f3w. Mimo to w\u0142adze Krakowa forsuj\u0105 budow\u0119 metra w&nbsp;kszta\u0142cie naszkicowanym ponad 50 lat temu. Konsekwencja czy brak kontaktu z&nbsp;rzeczywisto\u015bci\u0105? Wedle ostatnich plan\u00f3w budowa pierwszej, i&nbsp;chyba jednak jedynej, linii metra ma si\u0119 zako\u0144czy\u0107 przed 2040 rokiem. Akurat wtedy, gdy liczba mieszka\u0144c\u00f3w Polski zacznie si\u0119 drastycznie zmniejsza\u0107 \u2013 podobnie jak (nieco mniej drastycznie) liczba mieszka\u0144c\u00f3w Krakowa i&nbsp;aglomeracji krakowskiej. Tak przewiduje prognoza GUS opracowana na podstawie spisu powszechnego. Niestety t\u0119 prognoz\u0119 nale\u017cy zweryfikowa\u0107, bo dane z&nbsp;kolejnych lat po spisie sugeruj\u0105, \u017ce proces depopulacji Polski b\u0119dzie przebiega\u0142 szybciej i&nbsp;bardziej intensywnie.<\/p>\n\n\n\n<p>Kto b\u0119dzie wi\u0119c je\u017adzi\u0142 metrem? Na pewno nie polscy politycy i&nbsp;decydenci, bo oni wsiadaj\u0105 do komunikacji publicznej wy\u0142\u0105cznie w okresie oko\u0142owyborczym. Czyli tu\u017c przed wyborami i&nbsp;czasem po.<\/p>\n\n\n\n<p>A&nbsp;propos g\u0142osowania. Jednym z&nbsp;argument\u00f3w podnoszonych za budow\u0105 metra jest wola mieszka\u0144c\u00f3w, wyra\u017cona w&nbsp;referendum. A&nbsp;jak to by\u0142o z&nbsp;t\u0105 wol\u0105 i&nbsp;z&nbsp;tym referendum? Domagali si\u0119 go przeciwnicy organizacji zimowych igrzysk w&nbsp;Krakowie. Podzia\u0142 by\u0142 jasny. Wszystkie powa\u017cne si\u0142y polityczne w&nbsp;radzie miasta i&nbsp;poza ni\u0105 chcia\u0142y igrzysk. Igrzyska te\u017c by\u0142y popierane przez Prezydenta Majchrowskiego. Igrzysk nie chcia\u0142o tylko Stowarzyszenie Krak\u00f3w przeciw Igrzyskom. I&nbsp;jeszcze wasz uni\u017cony felietonista. Na specjalnej sesji Radni PO zaproponowali rozszerzenie katalogu pyta\u0144 o&nbsp;metro, \u015bcie\u017cki rowerowe i&nbsp;monitoring. By\u0107 mo\u017ce przyczyni\u0142o si\u0119 to do zwi\u0119kszenia frekwencji. Wynios\u0142a ona 35,96%, co oznacza\u0142o, \u017ce referendum by\u0142o wa\u017cne.<\/p>\n\n\n\n<p>Uzyskano nast\u0119puj\u0105ce wyniki:<\/p>\n\n\n\n<ol class=\"wp-block-list\">\n<li><em>Czy jest Pani\/Pan za zorganizowaniem i\u00a0przeprowadzeniem przez Krak\u00f3w Zimowych Igrzysk Olimpijskich w\u00a02022 roku?<\/em> G\u0142os\u00f3w na tak \u2013 62453 (30,28%); g\u0142os\u00f3w na nie \u2013 143796 (69,72%).<\/li>\n\n\n\n<li><em>Czy jest Pani\/Pan za budow\u0105 metra w\u00a0Krakowie?<\/em> G\u0142os\u00f3w na tak \u2013 112856 (55,11%); g\u0142os\u00f3w na nie \u2013 91939 (44,89%).<\/li>\n\n\n\n<li><em>Czy jest Pani\/Pan za stworzeniem w\u00a0Krakowie systemu monitoringu wizyjnego, kt\u00f3rego celem by\u0142aby poprawa bezpiecze\u0144stwa w\u00a0Mie\u015bcie?<\/em> G\u0142os\u00f3w na tak \u2013 142772 (69,73%); g\u0142os\u00f3w na nie \u2013 61969 (30,27%).<\/li>\n\n\n\n<li><em>Czy zdaniem Pani\/Pana w\u00a0Krakowie powinno si\u0119 budowa\u0107 wi\u0119cej \u015bcie\u017cek rowerowych?<\/em> G\u0142os\u00f3w na tak \u2013 175033 (85,20%); g\u0142os\u00f3w na nie \u2013 30398 (14,80%).<\/li>\n<\/ol>\n\n\n\n<p>Za budow\u0105 metra w&nbsp;Krakowie zag\u0142osowa\u0142o mniej ni\u017c 20 % uprawnionych do g\u0142osowania i&nbsp;by\u0142o to du\u017co mniej, jak wida\u0107, ni\u017c popieraj\u0105cych budow\u0119 og\u00f3lnomiejskiego monitoringu, kt\u00f3ry zreszt\u0105 do tej pory nie powsta\u0142. Oczywi\u015bcie koszt takiego monitoringu jest o&nbsp;wiele ni\u017cszy od budowy metra. Niewielkim fragmentem koszt\u00f3w metra by\u0142by te\u017c koszt wymiany o\u015bwietlenia w&nbsp;ca\u0142ym mie\u015bcie. A&nbsp;to te\u017c poprawi\u0142oby to komfort \u017cycia mieszka\u0144c\u00f3w, w&nbsp;tym r\u00f3wnie\u017c kierowc\u00f3w.<\/p>\n\n\n\n<p>Co ciekawe krakowski magistrat dysponuje opracowaniami, kt\u00f3re na podstawie bada\u0144 rozwoju aglomeracji oraz tzw. potok\u00f3w pasa\u017cerskich, kwestionuj\u0105 sens budowy metra. A&nbsp;trzeba pami\u0119ta\u0107, \u017ce powstawa\u0142y w&nbsp;czasach, kiedy nast\u0119powa\u0142 dosy\u0107 szybki wzrost liczby mieszka\u0144c\u00f3w Krakowa i&nbsp;rozw\u00f3j aglomeracji. Teraz perspektywy s\u0105 ju\u017c zupe\u0142nie inne, wi\u0119c tym bardziej brak wszelkich podstaw do \u0142adowania si\u0119 w&nbsp;metro.<\/p>\n\n\n\n<p>Jak s\u0142usznie powiedzia\u0142 Gazecie Krakowskiej 7&nbsp;wrze\u015bnia 2024 prof. dr hab. in\u017c. Tadeusz S\u0142omka, geolog, by\u0142y rektor Akademii G\u00f3rniczo Hutniczej w&nbsp;Krakowie, rekomendowany do rady budowy metra, \u201cBudowa metra to przede wszystkim kwestia pieni\u0119dzy.\u201d Ja bym doda\u0142 jeszcze sensu i&nbsp;potrzeby. A&nbsp;ani tego pierwszego, ani pozosta\u0142ych nie ma. Zdeterminowani zwolennicy metra podnosz\u0105 jeszcze jeden jakoby argument \u2013 metro da schronienie w&nbsp;razie wojny. Ot\u00f3\u017c nie bardzo. \u201cMetro warszawskie zosta\u0142o zinwentaryzowane, je\u017celi chodzi o&nbsp;powierzchni\u0119, kt\u00f3ra mo\u017ce potencjalnie s\u0142u\u017cy\u0107 jako miejsce schronienia ludno\u015bci. Metro mo\u017ce przyda\u0107 si\u0119 w&nbsp;razie zagro\u017cenia, ale jak na razie \u017cadnych oficjalnych standard\u00f3w nie spe\u0142nia.\u201d \u2013 zdradzi\u0142a 20 kwietnia 2024 stacji RMF rzeczniczka warszawskiego magistratu. Kolejne deja vu.<\/p>\n\n\n\n<p>Przepraszam je\u015bli b\u0119dzie wam si\u0119 wydawa\u0107, \u017ce to wszystko gdzie\u015b wcze\u015bniej widzieli\u015bcie. Ale o&nbsp;tym pisa\u0142 ju\u017c Kochanowski w&nbsp;<em>Pie\u015bni o <\/em><em>spustoszeniu Podola<\/em>. Cho\u0107 mog\u0142o te\u017c chodzi\u0107 mu o&nbsp;metro. A&nbsp;na pewno o&nbsp;Polak\u00f3w.<\/p>\n\n\n\n<p>R\u00f3wnie\u017c na <a href=\"https:\/\/aristoskr.wordpress.com\/\">aristoskr.wordpress.com<\/a><\/p>\n\n\n\n<hr class=\"wp-block-separator has-alpha-channel-opacity\"\/>\n\n\n\n<p><em>Felieton jest wyrazem opinii autora. Nie prezentuje stanowiska ZR<\/em>.<\/p>\n","protected":false},"excerpt":{"rendered":"<p>Co ciekawe krakowski magistrat dysponuje opracowaniami, kt\u00f3re na podstawie bada\u0144 rozwoju aglomeracji oraz tzw. potok\u00f3w pasa\u017cerskich, kwestionuj\u0105 sens budowy metra. A\u00a0trzeba pami\u0119ta\u0107, \u017ce powstawa\u0142y w\u00a0czasach, kiedy nast\u0119powa\u0142 dosy\u0107 szybki wzrost liczby mieszka\u0144c\u00f3w Krakowa i\u00a0rozw\u00f3j aglomeracji. Teraz perspektywy s\u0105 ju\u017c zupe\u0142nie inne, wi\u0119c tym bardziej brak wszelkich podstaw do \u0142adowania si\u0119 w\u00a0metro.<\/p>\n","protected":false},"author":2,"featured_media":20415,"comment_status":"closed","ping_status":"open","sticky":false,"template":"","format":"standard","meta":{"_EventAllDay":false,"_EventTimezone":"","_EventStartDate":"","_EventEndDate":"","_EventStartDateUTC":"","_EventEndDateUTC":"","_EventShowMap":false,"_EventShowMapLink":false,"_EventURL":"","_EventCost":"","_EventCostDescription":"","_EventCurrencySymbol":"","_EventCurrencyCode":"","_EventCurrencyPosition":"","_EventDateTimeSeparator":"","_EventTimeRangeSeparator":"","_EventOrganizerID":[],"_EventVenueID":[],"_OrganizerEmail":"","_OrganizerPhone":"","_OrganizerWebsite":"","_VenueAddress":"","_VenueCity":"","_VenueCountry":"","_VenueProvince":"","_VenueState":"","_VenueZip":"","_VenuePhone":"","_VenueURL":"","_VenueStateProvince":"","_VenueLat":"","_VenueLng":"","_VenueShowMap":false,"_VenueShowMapLink":false,"footnotes":""},"categories":[596],"tags":[679,208],"class_list":["post-38374","post","type-post","status-publish","format-standard","has-post-thumbnail","hentry","category-felietony","tag-adam-jaskow","tag-krakow","felietony"],"_links":{"self":[{"href":"https:\/\/kodmalopolska.pl\/index.php?rest_route=\/wp\/v2\/posts\/38374","targetHints":{"allow":["GET"]}}],"collection":[{"href":"https:\/\/kodmalopolska.pl\/index.php?rest_route=\/wp\/v2\/posts"}],"about":[{"href":"https:\/\/kodmalopolska.pl\/index.php?rest_route=\/wp\/v2\/types\/post"}],"author":[{"embeddable":true,"href":"https:\/\/kodmalopolska.pl\/index.php?rest_route=\/wp\/v2\/users\/2"}],"replies":[{"embeddable":true,"href":"https:\/\/kodmalopolska.pl\/index.php?rest_route=%2Fwp%2Fv2%2Fcomments&post=38374"}],"version-history":[{"count":0,"href":"https:\/\/kodmalopolska.pl\/index.php?rest_route=\/wp\/v2\/posts\/38374\/revisions"}],"wp:featuredmedia":[{"embeddable":true,"href":"https:\/\/kodmalopolska.pl\/index.php?rest_route=\/wp\/v2\/media\/20415"}],"wp:attachment":[{"href":"https:\/\/kodmalopolska.pl\/index.php?rest_route=%2Fwp%2Fv2%2Fmedia&parent=38374"}],"wp:term":[{"taxonomy":"category","embeddable":true,"href":"https:\/\/kodmalopolska.pl\/index.php?rest_route=%2Fwp%2Fv2%2Fcategories&post=38374"},{"taxonomy":"post_tag","embeddable":true,"href":"https:\/\/kodmalopolska.pl\/index.php?rest_route=%2Fwp%2Fv2%2Ftags&post=38374"}],"curies":[{"name":"wp","href":"https:\/\/api.w.org\/{rel}","templated":true}]}}