{"id":38363,"date":"2024-09-01T23:19:43","date_gmt":"2024-09-01T21:19:43","guid":{"rendered":"https:\/\/kodmalopolska.pl\/?p=38363"},"modified":"2024-09-01T23:19:43","modified_gmt":"2024-09-01T21:19:43","slug":"czego-nas-uczy-1-wrzesnia-felieton-fryderyka-zolla-516","status":"publish","type":"post","link":"https:\/\/kodmalopolska.pl\/?p=38363","title":{"rendered":"Czego nas uczy 1 wrze\u015bnia? Felieton Fryderyka Zolla (516)"},"content":{"rendered":"<h4>Rocznica 1 wrze\u015bnia 1939 to jedna z najsmutniejszych polskich rocznic. O tamtym dniu opowiada\u0142a mi babcia i cho\u0107 urodzi\u0142em si\u0119 ponad 30 lat p\u00f3\u017aniej, \u017cy\u0142 on w mojej wyobra\u017ani zasilanej rodzinnymi opowie\u015bciami. Dlatego dzie\u0144 24 lutego 2022 odczu\u0142em jak powr\u00f3t tamtego do\u015bwiadczenia. Wojna, kt\u00f3ra si\u0119 wtedy rozp\u0119ta\u0142a, wykazuje du\u017ce podobie\u0144stwo do wrze\u015bniowego najazdu. I uzmys\u0142awia te\u017c szkody, jakie wywo\u0142uje kunktatorstwo Europy.<\/h4>\n<p>Fatalne wyniki wybor\u00f3w w Saksonii i w Turyngii s\u0105 gro\u017anym memento. Ci ludzie tak bardzo chc\u0105 si\u0119 wymiksowa\u0107 z wojny, \u017ce a\u017c \u015bci\u0105gn\u0105 j\u0105 nam na g\u0142owy. W bud\u017cecie na przysz\u0142y rok Niemcy nie przewiduj\u0105 pomocy dla Ukrainy poza ju\u017c realizowanymi i op\u00f3\u017anionym programami. W\u0142osi mieli wakacje, wi\u0119c ich fabryki nie zapewni\u0142y Ukrainie obiecanych dostaw. A my odmawiamy przekazania MiG-\u00f3w 29, kt\u00f3re w\u0142a\u015bnie teraz, a nie za ile\u015b lat, s\u0105 dla Ukrai\u0144c\u00f3w na wag\u0119 prze\u017cycia.<\/p>\n<p>Katastrofa ukrai\u0144skiego F16, jednego spo\u015br\u00f3d sze\u015bciu, pokazuje dramatyzm sytuacji. Do str\u0105cania dron\u00f3w i rakiet MiG-i by\u0142yby lepsze \u2013 oswojone, mniej kosztowne. Pozwoli\u0142yby chroni\u0107 bezcenne F16 potrzebne przeciwko samolotom bombarduj\u0105cym ukrai\u0144skie miasta na wschodzie.<\/p>\n<p>Dramatycznie brakuje pe\u0142nego wsparcia z naszej strony. Europa prowadzi swoj\u0105 dziwn\u0105 wojn\u0119 jak w roku 1939 \u2013 i do\u015bwiadczy skutk\u00f3w tej polityki. A wystarczy\u0142oby dostarczy\u0107 bro\u0144 na czas. Gdyby latem 2022 roku Ukrai\u0144cy dostali to, co przekazano im p\u00f3\u017aniej, a czego odmawiano w decyduj\u0105cej chwili, armia ukrai\u0144ska wyzwoli\u0142aby okupowane tereny. Teraz nasze wahanie mo\u017ce doprowadzi\u0107 do za\u0142amania si\u0119 frontu w Donbasie. Ci\u0105gle jest to dla nas nierealna, daleka wojna, jak dla Francuz\u00f3w i Brytyjczyk\u00f3w atak na Polsk\u0119 w 1939 roku.<\/p>\n<p>Owszem, pomogli\u015bmy na pocz\u0105tku i jako\u015b tam pomagamy nadal, ale to nie za\u0142atwia sprawy. Wr\u00f3g, kt\u00f3ry nadchodzi, jest \u015bmiertelnym zagro\u017ceniem dla naszej cywilizacji. Poczytajmy troch\u0119 historii, je\u015bli jej nie pami\u0119tamy. Ludzie z tamtych czas\u00f3w wszystko to przerabiali. Pope\u0142niamy te same b\u0142\u0119dy, a do g\u0142owy nam nie przychodzi, \u017ce Francuzami i Brytyjczykami z 1939 roku mo\u017cemy by\u0107 dzisiaj my. Panie Ministrze Obrony, mo\u017ce warto si\u0119 zastanowi\u0107, czego uczy nas rocznica wybuchu wojny?<\/p>\n<p>PS 1 Trwaj\u0105 zbi\u00f3rki na wsparcie armii ukrai\u0144skiej. Wp\u0142acajcie, prosz\u0119, na konto Fundacji na rzecz Kongresu Katoliczek i Katolik\u00f3w z dopiskiem \u201eUkraina\u201d lub na zbi\u00f3rk\u0119 KOD. To bardzo wa\u017cne.<\/p>\n<p>PS 2 Rafa\u0142, dzi\u0119ki za tak wielkie wsparcie. Jest na wag\u0119 z\u0142ota.<\/p>\n<hr class=\"wp-block-separator has-alpha-channel-opacity\" \/>\n<table>\n<tbody>\n<tr>\n<td>\u00a0\u00a0Wesprzyj Ukrain\u0119\u00a0poprzez Fundacj\u0119 na rzecz Kongresu Katoliczek i Katolik\u00f3w\u00a0(wp\u0142aty z dopiskiem \u201e<strong>Ukraina<\/strong>\u201d)<\/td>\n<td width=\"160\"><a href=\"https:\/\/kongreskk.pl\/fundacja\/\"><img decoding=\"async\" src=\"https:\/\/kodmalopolska.pl\/wp-content\/uploads\/2024\/01\/FundacjaKKK-e1704211837383.jpg\" \/><\/a><\/td>\n<\/tr>\n<\/tbody>\n<\/table>\n<hr class=\"wp-block-separator has-alpha-channel-opacity\" \/>\n<table width=\"100%\">\n<tbody>\n<tr>\n<td><img loading=\"lazy\" decoding=\"async\" class=\"\" src=\"https:\/\/zrzutka.pl\/uploads\/chipin\/wcr3gy\/cover\/orginal\/5db3556c422ef20bf246c50a8338a0dd.jpg\" width=\"290\" height=\"162\" \/><\/td>\n<td>Wspieramy walcz\u0105cych w Ukrainie<\/td>\n<td><iframe src=\"https:\/\/zrzutka.pl\/wcr3gy\/widget\/14\" frameborder=\"0\" scrolling=\"no\" data-mce-fragment=\"1\"><\/iframe><\/td>\n<\/tr>\n<\/tbody>\n<\/table>\n<hr class=\"wp-block-separator has-alpha-channel-opacity\" \/>\n<p><em>Felieton jest wyrazem opinii autora. Nie prezentuje stanowiska ZR Ma\u0142opolskie.<\/em><\/p>\n","protected":false},"excerpt":{"rendered":"<p>Rocznica 1 wrze\u015bnia 1939 to jedna z najsmutniejszych polskich rocznic. O tamtym dniu opowiada\u0142a mi babcia i cho\u0107 urodzi\u0142em si\u0119 ponad 30 lat p\u00f3\u017aniej, \u017cy\u0142 on w mojej wyobra\u017ani zasilanej rodzinnymi opowie\u015bciami. Dlatego dzie\u0144 24 lutego 2022 odczu\u0142em jak powr\u00f3t tamtego do\u015bwiadczenia. Wojna, kt\u00f3ra si\u0119 wtedy rozp\u0119ta\u0142a, wykazuje du\u017ce podobie\u0144stwo do wrze\u015bniowego najazdu. I uzmys\u0142awia te\u017c szkody, jakie wywo\u0142uje kunktatorstwo Europy.<\/p>\n","protected":false},"author":34,"featured_media":29765,"comment_status":"closed","ping_status":"open","sticky":false,"template":"","format":"standard","meta":{"_EventAllDay":false,"_EventTimezone":"","_EventStartDate":"","_EventEndDate":"","_EventStartDateUTC":"","_EventEndDateUTC":"","_EventShowMap":false,"_EventShowMapLink":false,"_EventURL":"","_EventCost":"","_EventCostDescription":"","_EventCurrencySymbol":"","_EventCurrencyCode":"","_EventCurrencyPosition":"","_EventDateTimeSeparator":"","_EventTimeRangeSeparator":"","_EventOrganizerID":[],"_EventVenueID":[],"_OrganizerEmail":"","_OrganizerPhone":"","_OrganizerWebsite":"","_VenueAddress":"","_VenueCity":"","_VenueCountry":"","_VenueProvince":"","_VenueState":"","_VenueZip":"","_VenuePhone":"","_VenueURL":"","_VenueStateProvince":"","_VenueLat":"","_VenueLng":"","_VenueShowMap":false,"_VenueShowMapLink":false,"footnotes":""},"categories":[596],"tags":[],"class_list":["post-38363","post","type-post","status-publish","format-standard","has-post-thumbnail","hentry","category-felietony","felietony"],"_links":{"self":[{"href":"https:\/\/kodmalopolska.pl\/index.php?rest_route=\/wp\/v2\/posts\/38363","targetHints":{"allow":["GET"]}}],"collection":[{"href":"https:\/\/kodmalopolska.pl\/index.php?rest_route=\/wp\/v2\/posts"}],"about":[{"href":"https:\/\/kodmalopolska.pl\/index.php?rest_route=\/wp\/v2\/types\/post"}],"author":[{"embeddable":true,"href":"https:\/\/kodmalopolska.pl\/index.php?rest_route=\/wp\/v2\/users\/34"}],"replies":[{"embeddable":true,"href":"https:\/\/kodmalopolska.pl\/index.php?rest_route=%2Fwp%2Fv2%2Fcomments&post=38363"}],"version-history":[{"count":0,"href":"https:\/\/kodmalopolska.pl\/index.php?rest_route=\/wp\/v2\/posts\/38363\/revisions"}],"wp:featuredmedia":[{"embeddable":true,"href":"https:\/\/kodmalopolska.pl\/index.php?rest_route=\/wp\/v2\/media\/29765"}],"wp:attachment":[{"href":"https:\/\/kodmalopolska.pl\/index.php?rest_route=%2Fwp%2Fv2%2Fmedia&parent=38363"}],"wp:term":[{"taxonomy":"category","embeddable":true,"href":"https:\/\/kodmalopolska.pl\/index.php?rest_route=%2Fwp%2Fv2%2Fcategories&post=38363"},{"taxonomy":"post_tag","embeddable":true,"href":"https:\/\/kodmalopolska.pl\/index.php?rest_route=%2Fwp%2Fv2%2Ftags&post=38363"}],"curies":[{"name":"wp","href":"https:\/\/api.w.org\/{rel}","templated":true}]}}