{"id":38323,"date":"2024-08-24T13:32:47","date_gmt":"2024-08-24T11:32:47","guid":{"rendered":"https:\/\/kodmalopolska.pl\/?p=38323"},"modified":"2024-08-24T13:33:40","modified_gmt":"2024-08-24T11:33:40","slug":"dzien-niepodleglosci-ukrainy-felieton-fryderyka-zolla-515","status":"publish","type":"post","link":"https:\/\/kodmalopolska.pl\/?p=38323","title":{"rendered":"Dzie\u0144 Niepodleg\u0142o\u015bci Ukrainy. Felieton Fryderyka Zolla (515)"},"content":{"rendered":"<h4>Dzi\u015b Ukraina obchodzi kolejny Dzie\u0144 Niepodleg\u0142o\u015bci. Niepodleg\u0142o\u015b\u0107 by\u0142a dla pokole\u0144 Ukrai\u0144c\u00f3w niespe\u0142nionym marzeniem, za kt\u00f3re p\u0142acili krwi\u0105. I nadal p\u0142ac\u0105, ale niepodleg\u0142a Ukraina powsta\u0142a i tego moskiewscy zbrodniarze ju\u017c nie zmieni\u0105.<\/h4>\n<p>Walka Ukrainy u\u015bwiadamia nam znaczenie podstawowych warto\u015bci Zachodu: wolno\u015bci, demokracji, europejsko\u015bci, suwerenno\u015bci, prawa. \u017byli\u015bmy w nadziei, \u017ce wojna w Europie odesz\u0142a w przesz\u0142o\u015b\u0107 i \u017ce zebrane do\u015bwiadczenia nie pozwol\u0105 \u017cadnemu przyw\u00f3dcy na zbrodni\u0119 rozp\u0119tania nowej. Okazuje si\u0119, \u017ce niewiele nauczyli\u015bmy si\u0119 z historii.<\/p>\n<p>Dzie\u0144 Niepodleg\u0142o\u015bci Ukrainy jest \u015bwi\u0119tem Europy. Europejskie bezpiecze\u0144stwo i przysz\u0142o\u015b\u0107 zale\u017c\u0105 od tego, czy Ukrai\u0144com uda si\u0119 niepodleg\u0142o\u015b\u0107 zachowa\u0107. Musimy ich w tym wspiera\u0107. Trwa zbi\u00f3rka pieni\u0119dzy dla Si\u0142 Zbrojnych Ukrainy. W lipcu dzi\u0119ki Waszemu wsparciu dostarczyli\u015bmy kolejne partie dron\u00f3w. To by\u0142 trudny wyjazd. Na granicy sp\u0119dzili\u015bmy d\u0142ugie godziny z transportem humanitarnym (drony kupili\u015bmy bezpo\u015brednio w Ukrainie). Po czekaj\u0105cych tam ludziach wida\u0107 zm\u0119czenie, stres.<\/p>\n<p>Obecna operacja kurska by\u0142a bardzo potrzebna, aby przywr\u00f3ci\u0107 wiar\u0119, nadziej\u0119 i si\u0142y. Putin da\u0142 te\u017c wa\u017cn\u0105 wskaz\u00f3wk\u0119: powiedzia\u0142, \u017ce z kim\u015b, kto narusza granice, zagra\u017ca elektrowniom atomowym i ludno\u015bci cywilnej, nie mo\u017cna rozmawia\u0107 o pokoju. Wynika st\u0105d niezbicie, \u017ce ze zbrodniarzem Putinem, kt\u00f3ry narusza granice, uderza w ludno\u015b\u0107 cywiln\u0105 i pali opony w okupowanej elektrowni atomowej, nie nale\u017cy zawiera\u0107 traktat\u00f3w. Nie dotrzyma \u017cadnego z nich, bo rozumie tylko j\u0119zyk si\u0142y.<\/p>\n<p>W wakacyjnych upa\u0142ach zapominamy czasem, \u017ce bardzo niedaleko rozstrzyga si\u0119 nasza przysz\u0142o\u015b\u0107, a rezultat tych zmaga\u0144 zale\u017cy te\u017c od naszej solidarno\u015bci i determinacji. W Dzie\u0144 Niepodleg\u0142o\u015bci \u017cyczymy Ukrainie, \u017ceby wytrwa\u0142a i wygra\u0142a nie tylko wojn\u0119, ale te\u017c pok\u00f3j. Dlatego opr\u00f3cz \u017co\u0142nierzy, szpitali i stra\u017cy po\u017carnej wspieramy r\u00f3wnie\u017c uniwersytety. W Tarnopolu tworzymy uniwersyteck\u0105 bibliotek\u0119 Europejskiego Instytutu Prawa, a tak\u017ce Szko\u0142y Prawa Polskiego i Europejskiego, mi\u0119dzy innymi dzi\u0119ki wydawnictwu C.H. Beck Polska, renomowanemu wydawnictwu Mohr Siebeck i Europejskiemu Instytutowi Prawa, kt\u00f3re zapewni\u0142y nam ogromnie cenne ksi\u0105\u017cki dla nowych pokole\u0144 ukrai\u0144skich prawnik\u00f3w. Ksi\u0105\u017cki te s\u0105 symbolem przysz\u0142o\u015bci Ukrainy w zjednoczonej Europie i w zachodnich systemach bezpiecze\u0144stwa.<\/p>\n<p>Wp\u0142acajcie, prosz\u0119, na zbi\u00f3rk\u0119 KOD i na konto Kongresu Katoliczek i Katolik\u00f3w z dopiskiem \u201eUkraina\u201d.<\/p>\n<hr class=\"wp-block-separator has-alpha-channel-opacity\" \/>\n<table>\n<tbody>\n<tr>\n<td>\u00a0\u00a0Wesprzyj Ukrain\u0119\u00a0poprzez Fundacj\u0119 na rzecz Kongresu Katoliczek i Katolik\u00f3w\u00a0(wp\u0142aty z dopiskiem \u201e<strong>Ukraina<\/strong>\u201d)<\/td>\n<td width=\"160\"><a href=\"https:\/\/kongreskk.pl\/fundacja\/\"><img decoding=\"async\" src=\"https:\/\/kodmalopolska.pl\/wp-content\/uploads\/2024\/01\/FundacjaKKK-e1704211837383.jpg\" \/><\/a><\/td>\n<\/tr>\n<\/tbody>\n<\/table>\n<hr class=\"wp-block-separator has-alpha-channel-opacity\" \/>\n<table width=\"100%\">\n<tbody>\n<tr>\n<td><img loading=\"lazy\" decoding=\"async\" class=\"\" src=\"https:\/\/zrzutka.pl\/uploads\/chipin\/wcr3gy\/cover\/orginal\/5db3556c422ef20bf246c50a8338a0dd.jpg\" width=\"290\" height=\"162\" \/><\/td>\n<td>Wspieramy walcz\u0105cych w Ukrainie<\/td>\n<td><iframe src=\"https:\/\/zrzutka.pl\/wcr3gy\/widget\/14\" frameborder=\"0\" scrolling=\"no\" data-mce-fragment=\"1\"><\/iframe><\/td>\n<\/tr>\n<\/tbody>\n<\/table>\n<hr class=\"wp-block-separator has-alpha-channel-opacity\" \/>\n<p><em>Felieton jest wyrazem opinii autora. Nie prezentuje stanowiska ZR Ma\u0142opolskie.<\/em><\/p>\n","protected":false},"excerpt":{"rendered":"<p>Dzi\u015b Ukraina obchodzi kolejny Dzie\u0144 Niepodleg\u0142o\u015bci. Niepodleg\u0142o\u015b\u0107 by\u0142a dla pokole\u0144 Ukrai\u0144c\u00f3w niespe\u0142nionym marzeniem, za kt\u00f3re p\u0142acili krwi\u0105. I nadal p\u0142ac\u0105, ale niepodleg\u0142a Ukraina powsta\u0142a i tego moskiewscy zbrodniarze ju\u017c nie zmieni\u0105.<\/p>\n","protected":false},"author":34,"featured_media":29765,"comment_status":"closed","ping_status":"open","sticky":false,"template":"","format":"standard","meta":{"_EventAllDay":false,"_EventTimezone":"","_EventStartDate":"","_EventEndDate":"","_EventStartDateUTC":"","_EventEndDateUTC":"","_EventShowMap":false,"_EventShowMapLink":false,"_EventURL":"","_EventCost":"","_EventCostDescription":"","_EventCurrencySymbol":"","_EventCurrencyCode":"","_EventCurrencyPosition":"","_EventDateTimeSeparator":"","_EventTimeRangeSeparator":"","_EventOrganizerID":[],"_EventVenueID":[],"_OrganizerEmail":"","_OrganizerPhone":"","_OrganizerWebsite":"","_VenueAddress":"","_VenueCity":"","_VenueCountry":"","_VenueProvince":"","_VenueState":"","_VenueZip":"","_VenuePhone":"","_VenueURL":"","_VenueStateProvince":"","_VenueLat":"","_VenueLng":"","_VenueShowMap":false,"_VenueShowMapLink":false,"footnotes":""},"categories":[596],"tags":[],"class_list":["post-38323","post","type-post","status-publish","format-standard","has-post-thumbnail","hentry","category-felietony","felietony"],"_links":{"self":[{"href":"https:\/\/kodmalopolska.pl\/index.php?rest_route=\/wp\/v2\/posts\/38323","targetHints":{"allow":["GET"]}}],"collection":[{"href":"https:\/\/kodmalopolska.pl\/index.php?rest_route=\/wp\/v2\/posts"}],"about":[{"href":"https:\/\/kodmalopolska.pl\/index.php?rest_route=\/wp\/v2\/types\/post"}],"author":[{"embeddable":true,"href":"https:\/\/kodmalopolska.pl\/index.php?rest_route=\/wp\/v2\/users\/34"}],"replies":[{"embeddable":true,"href":"https:\/\/kodmalopolska.pl\/index.php?rest_route=%2Fwp%2Fv2%2Fcomments&post=38323"}],"version-history":[{"count":0,"href":"https:\/\/kodmalopolska.pl\/index.php?rest_route=\/wp\/v2\/posts\/38323\/revisions"}],"wp:featuredmedia":[{"embeddable":true,"href":"https:\/\/kodmalopolska.pl\/index.php?rest_route=\/wp\/v2\/media\/29765"}],"wp:attachment":[{"href":"https:\/\/kodmalopolska.pl\/index.php?rest_route=%2Fwp%2Fv2%2Fmedia&parent=38323"}],"wp:term":[{"taxonomy":"category","embeddable":true,"href":"https:\/\/kodmalopolska.pl\/index.php?rest_route=%2Fwp%2Fv2%2Fcategories&post=38323"},{"taxonomy":"post_tag","embeddable":true,"href":"https:\/\/kodmalopolska.pl\/index.php?rest_route=%2Fwp%2Fv2%2Ftags&post=38323"}],"curies":[{"name":"wp","href":"https:\/\/api.w.org\/{rel}","templated":true}]}}