{"id":38286,"date":"2024-08-04T21:54:10","date_gmt":"2024-08-04T19:54:10","guid":{"rendered":"https:\/\/kodmalopolska.pl\/?p=38286"},"modified":"2024-08-05T02:08:49","modified_gmt":"2024-08-05T00:08:49","slug":"ngo%e2%80%91sy-dzialaja-jak-dzieci-we-mgle-felieton-kuby-urbanowicza-11","status":"publish","type":"post","link":"https:\/\/kodmalopolska.pl\/?p=38286","title":{"rendered":"NGO\u2011sy dzia\u0142aj\u0105 jak dzieci we mgle. Felieton Kuby Urbanowicza (11)"},"content":{"rendered":"<h4>Widz\u0119, \u017ce ca\u0142a demokratyczna ferajna organizacji sk\u0105din\u0105d zas\u0142u\u017conych, plus zestaw znacz\u0105cych nazwisk, podpisa\u0142a <span style=\"text-decoration: underline;\"><a href=\"https:\/\/www.naszademokracja.pl\/petitions\/nie-badzmy-obojetni\" target=\"_blank\" rel=\"noopener\">apel o\u00a0deeskalacj\u0119<\/a><\/span> pod nieco ju\u017c zu\u017cytym tytu\u0142em \u201eNie b\u0105d\u017amy oboj\u0119tni!\u201d Ale ten apel znaczy du\u017co mniej ni\u017c wyst\u0105pienia w\u00a0obronie pokoju na \u015bwiecie w\u00a0strefie sowieckiej, bo, zw\u0142aszcza na pocz\u0105tku, sporo ludzi w\u00a0to wierzy\u0142o. Teraz patrzymy na inflacj\u0119 petycji i\u00a0protest\u00f3w, symulacj\u0119 dzia\u0142a\u0144 oraz zapychanie naszej uwagi.<\/h4>\n<h4><a  href=\"https:\/\/kodmalopolska.pl\/wp-content\/uploads\/2024\/08\/166-166477.webp\" data-rel=\"lightbox-gallery-0\" data-rl_title=\"\" data-rl_caption=\"\" title=\"\"><img loading=\"lazy\" decoding=\"async\" class=\"aligncenter size-full wp-image-38287\" src=\"https:\/\/kodmalopolska.pl\/wp-content\/uploads\/2024\/08\/166-166477.webp\" alt=\"\" width=\"1488\" height=\"758\" srcset=\"https:\/\/kodmalopolska.pl\/wp-content\/uploads\/2024\/08\/166-166477.webp 1488w, https:\/\/kodmalopolska.pl\/wp-content\/uploads\/2024\/08\/166-166477-400x204.webp 400w, https:\/\/kodmalopolska.pl\/wp-content\/uploads\/2024\/08\/166-166477-1129x575.webp 1129w\" sizes=\"auto, (max-width: 1488px) 100vw, 1488px\" \/><\/a><\/h4>\n<p dir=\"auto\">Robienie takiej akcji teraz wydaje si\u0119 szkodliwe, bo stoimy coraz bli\u017cej zdrady aparatu w\u0142adzy, kt\u00f3ra zaczyna si\u0119 coraz lepiej dogadywa\u0107 z\u00a0PiS\u2011em. Rozliczenia (w tym komisja pod wyj\u0105tkowo nieudacznym kierownictwem) to jest tylko teatrzyk lalkowy dla entuzjast\u00f3w PO \u2013 ich dzia\u0142ania faktycznie nastawione s\u0105 na eskalacj\u0119, bo do niczego innego nie s\u0105 zdolni ni\u017c rzucenie paru wyzwisk przed kamerami. Obywatele mog\u0105 si\u0119 zar\u017cn\u0105\u0107 i\u00a0zaeskalowa\u0107, a\u00a0w\u0142adza ju\u017c si\u0119 w\u0142a\u015bciwie dogada\u0142a. To wida\u0107 jak na d\u0142oni na przyk\u0142adzie obsady osobowej w\u00a0wojsku i\u00a0s\u0142u\u017cbach \u2013 Kosiniak zostawi\u0142 ca\u0142\u0105 nieudoln\u0105 generalicj\u0119 pisowsk\u0105. To s\u0105 ludzie, kt\u00f3rzy nie potrafi\u0105 nic, nawet po angielsku si\u0119 odezwa\u0107 w\u00a0\u015brodowisku natowskim. Za to \u015bwietnie rozumiej\u0105 na czym polega rola politycznego nominata obsadzonego na zbyt wysokim dla siebie sto\u0142ku. CBA, zamiast zosta\u0107 zlikwidowan\u0105, prze\u017cywa drug\u0105 m\u0142odo\u015b\u0107. Ca\u0142kowicie pisowska za\u0142oga, kt\u00f3rej dali jak\u0105\u015b pani\u0105 do kierownictwa dla niepoznaki, rekrutuje nowych, sobie podleg\u0142ych ludzi i\u00a0dostaje zadania operacyjne do wykonania. S\u0142u\u017cbami kieruje Siemoniak, kt\u00f3ry zna si\u0119 troch\u0119 na policji a\u00a0nie na s\u0142u\u017cbach, a\u00a0fachowi oficerowie AW, SKW, ABW, kt\u00f3rzy zostali wyparci przez PiS, siedz\u0105 na drzewie, a\u00a0niekt\u00f3rzy s\u0105 \u015bcigani przez pisowskich s\u0119dzi\u00f3w.<\/p>\n<p dir=\"auto\">Czy na widok tej szopki i\u00a0w\u0142adzy, kt\u00f3ra boi si\u0119 podj\u0105\u0107 realne (a\u00a0nie showma\u0144skie) dzia\u0142ania mam podpisywa\u0107 apel o\u00a0deeskalacj\u0119? To s\u0105 przecie\u017c karty do r\u0119ki leniwych polityk\u00f3w. Dlaczego nic nie robili\u015bcie? Ano by\u0142y apele, \u017ceby nie eskalowa\u0107. Boicie si\u0119 napis\u00f3w na ulicy? To znaczy, \u017ce do niczego si\u0119 nie nadajecie. Niestety.<\/p>\n<p dir=\"auto\">Coraz hojniej dofinansowane organizacje prodemokratyczne okazuj\u0105 si\u0119 sztampowym jarmarkiem z\u00a0\u0142atwo przewidywalnymi has\u0142ami i\u00a0bez wi\u0119kszych pretensji do my\u015blenia. To si\u0119 dzieje te\u017c dlatego, \u017ce spo\u0142ecze\u0144stwo obywatelskie nie jest nale\u017cycie informowane o\u00a0rzeczywistych zagro\u017ceniach. Na przyk\u0142ad o\u00a0dziarsko formuj\u0105cej si\u0119 mafii rosyjsko-ukrai\u0144skiej i\u00a0dzia\u0142aj\u0105cych we wsp\u00f3\u0142pracy z\u00a0ni\u0105, bez wi\u0119kszych przeszk\u00f3d, tanich grupach dywersyjnych, rekrutuj\u0105cych (dos\u0142ownie za par\u0119 dolar\u00f3w) spo\u015br\u00f3d dziesi\u0105tk\u00f3w tysi\u0119cy nigdzie nie zarejestrowanej, niepracuj\u0105cej, nieucz\u0105cej si\u0119 m\u0142odzie\u017cy zza wschodniej granicy. A\u00a0kontrwywiad jak le\u017ca\u0142, tak le\u017cy \u2013 odbudowuje si\u0119 bardzo powoli. Nie s\u0142ysza\u0142em o\u00a0\u017cadnych znacz\u0105cych \u015brodkach wydatkowanych w\u00a0tym kierunku.<\/p>\n<p dir=\"auto\">Wiele NGO\u2011s\u00f3w \u2013 w\u00a0tym te zas\u0142u\u017cone, kt\u00f3re przyczyni\u0142y si\u0119 do pokonania populist\u00f3w \u2013 stoi na rozdro\u017cu. Za PiS\u2011u organizowa\u0142y demonstracje, petycje, protesty. Teraz nie wiedz\u0105, czy demonstrowa\u0107 i\u00a0przeciwko czemu. A\u00a0trzeba co\u015b robi\u0107, \u017ceby podtrzyma\u0107 kontakt z\u00a0baz\u0105. Maj\u0105 nas prowadzi\u0107 do demokracji, a\u00a0niekt\u00f3re same maj\u0105 problem z\u00a0wewn\u0119trzn\u0105 demokracj\u0105, transparentno\u015bci\u0105 i\u00a0praworz\u0105dno\u015bci\u0105. Pe\u0142ni po\u015bwi\u0119cenia obywatele ust\u0119puj\u0105 miejsca zawodowym dzia\u0142aczom. Dla niekt\u00f3rych z\u00a0nich nasta\u0142a normalno\u015b\u0107 i\u00a0mo\u017cna wreszcie normalnie \u017cy\u0107 i\u00a0pracowa\u0107. Tylko czar, sens i\u00a0misja jakby ulecia\u0142y. Co tu pocz\u0105\u0107, gdy sytuacja jest niejasna, nie ma dok\u0142adnie okre\u015blonego wroga i\u00a0pojawi\u0142 si\u0119 <em>nieszcz\u0119sny dar wolno\u015bci<\/em>? Mo\u017ce potrzebny jest nowy pomys\u0142 na organizacj\u0119 spo\u0142eczn\u0105? Ale to temat na nast\u0119pny odcinek.<\/p>\n<hr \/>\n<p dir=\"auto\"><em>Felieton jest wyrazem opinii autora. Nie prezentuje stanowiska ZR<\/em>.<\/p>\n","protected":false},"excerpt":{"rendered":"<p>Widz\u0119, \u017ce ca\u0142a demokratyczna ferajna organizacji sk\u0105din\u0105d zas\u0142u\u017conych, plus zestaw znacz\u0105cych nazwisk, podpisa\u0142a apel o deeskalacj\u0119 pod nieco ju\u017c zu\u017cytym tytu\u0142em \u201eNie b\u0105d\u017amy oboj\u0119tni!\u201d Ale ten apel znaczy du\u017co mniej ni\u017c wyst\u0105pienia w obronie pokoju na \u015bwiecie w strefie sowieckiej, bo, zw\u0142aszcza na pocz\u0105tku, sporo ludzi w to wierzy\u0142o. Teraz patrzymy na inflacj\u0119 petycji i protest\u00f3w, symulacj\u0119 dzia\u0142a\u0144 oraz zapychanie naszej uwagi.<\/p>\n","protected":false},"author":2,"featured_media":25088,"comment_status":"closed","ping_status":"open","sticky":false,"template":"","format":"standard","meta":{"_EventAllDay":false,"_EventTimezone":"","_EventStartDate":"","_EventEndDate":"","_EventStartDateUTC":"","_EventEndDateUTC":"","_EventShowMap":false,"_EventShowMapLink":false,"_EventURL":"","_EventCost":"","_EventCostDescription":"","_EventCurrencySymbol":"","_EventCurrencyCode":"","_EventCurrencyPosition":"","_EventDateTimeSeparator":"","_EventTimeRangeSeparator":"","_EventOrganizerID":[],"_EventVenueID":[],"_OrganizerEmail":"","_OrganizerPhone":"","_OrganizerWebsite":"","_VenueAddress":"","_VenueCity":"","_VenueCountry":"","_VenueProvince":"","_VenueState":"","_VenueZip":"","_VenuePhone":"","_VenueURL":"","_VenueStateProvince":"","_VenueLat":"","_VenueLng":"","_VenueShowMap":false,"_VenueShowMapLink":false,"footnotes":""},"categories":[596],"tags":[],"class_list":["post-38286","post","type-post","status-publish","format-standard","has-post-thumbnail","hentry","category-felietony","felietony"],"_links":{"self":[{"href":"https:\/\/kodmalopolska.pl\/index.php?rest_route=\/wp\/v2\/posts\/38286","targetHints":{"allow":["GET"]}}],"collection":[{"href":"https:\/\/kodmalopolska.pl\/index.php?rest_route=\/wp\/v2\/posts"}],"about":[{"href":"https:\/\/kodmalopolska.pl\/index.php?rest_route=\/wp\/v2\/types\/post"}],"author":[{"embeddable":true,"href":"https:\/\/kodmalopolska.pl\/index.php?rest_route=\/wp\/v2\/users\/2"}],"replies":[{"embeddable":true,"href":"https:\/\/kodmalopolska.pl\/index.php?rest_route=%2Fwp%2Fv2%2Fcomments&post=38286"}],"version-history":[{"count":0,"href":"https:\/\/kodmalopolska.pl\/index.php?rest_route=\/wp\/v2\/posts\/38286\/revisions"}],"wp:featuredmedia":[{"embeddable":true,"href":"https:\/\/kodmalopolska.pl\/index.php?rest_route=\/wp\/v2\/media\/25088"}],"wp:attachment":[{"href":"https:\/\/kodmalopolska.pl\/index.php?rest_route=%2Fwp%2Fv2%2Fmedia&parent=38286"}],"wp:term":[{"taxonomy":"category","embeddable":true,"href":"https:\/\/kodmalopolska.pl\/index.php?rest_route=%2Fwp%2Fv2%2Fcategories&post=38286"},{"taxonomy":"post_tag","embeddable":true,"href":"https:\/\/kodmalopolska.pl\/index.php?rest_route=%2Fwp%2Fv2%2Ftags&post=38286"}],"curies":[{"name":"wp","href":"https:\/\/api.w.org\/{rel}","templated":true}]}}