{"id":38070,"date":"2024-05-12T20:31:19","date_gmt":"2024-05-12T18:31:19","guid":{"rendered":"https:\/\/kodmalopolska.pl\/?p=38070"},"modified":"2024-05-12T20:31:19","modified_gmt":"2024-05-12T18:31:19","slug":"i-znowu-zawod-felieton-adama-jaskowa-169","status":"publish","type":"post","link":"https:\/\/kodmalopolska.pl\/?p=38070","title":{"rendered":"I znowu zaw\u00f3d. Felieton Adama Ja\u015bkowa (169)"},"content":{"rendered":"<h4>Zwierz\u0119 si\u0119 z marzenia zwi\u0105zanego poniek\u0105d z pewn\u0105 reklam\u0105, kt\u00f3ra utkwi\u0142a mi w g\u0142owie. Ot\u00f3\u017c mam nadziej\u0119, \u017ce tw\u00f3rc\u00f3w niekt\u00f3rych reklam oraz zatwierdzaj\u0105cych je decydent\u00f3w nigdy by nie wpu\u015bcili do pewnego sklepu z elektronik\u0105.<\/h4>\n<p>Uwaga, b\u0119d\u0119 si\u0119 powtarza\u0142 troch\u0119. Ale zanim zaczn\u0119, zaczn\u0119 od\u2026 nie, nie od Bacha, tylko od reklamy. A w zasadzie od dw\u00f3ch. Pierwsza to reklama mi\u0119dzynarodowa, kt\u00f3r\u0105 wypu\u015bci\u0142 \u015bwiatowy koncern, a potem za ni\u0105 przeprosi\u0142 i j\u0105 znikn\u0105\u0142. Filmik przedstawia pot\u0119\u017cn\u0105 pras\u0119 mia\u017cd\u017c\u0105c\u0105 wiele r\u00f3\u017cnych przedmiot\u00f3w po to, by powsta\u0142 najnowszy gad\u017cet firmy, kt\u00f3rej nazwa powinna si\u0119 kojarzy\u0107 z zakazanym owocem. Mo\u017ce w\u0142a\u015bnie dlatego zakazano (wycofano) reklam\u0119? A mo\u017ce wycofano j\u0105 dlatego, \u017ce niechc\u0105cy pokazywa\u0142a obrazowo dzia\u0142ania tej firmy i jej podobnych gigant\u00f3w, kt\u00f3rzy maj\u0105c na uwadze tylko zyski, niszcz\u0105 wszystko i po\u017ceraj\u0105 nasz \u015bwiat?<\/p>\n<p>Druga reklama obiecuje przyspieszenie internetu dla ca\u0142ej rodziny. Bo przecie\u017c syn dorasta i zaraz b\u0119dzie studentem, c\u00f3rka te\u017c ro\u015bnie i b\u0119dzie influencerk\u0105\u2026 Oczywi\u015bcie, c\u00f3rka mo\u017ce by\u0107 jednocze\u015bnie studentk\u0105. Zatwierdzaj\u0105cy reklam\u0119 decydenci zapewne marz\u0105 o tym, by ich c\u00f3rki by\u0142y influencerkami. Nie ucieszy ich jednak to, \u017ce w najnowszym rankingu presti\u017cu zawod\u00f3w influencerki zajmuj\u0105 ostatnie miejsce. <em>Ex aequo<\/em> z influencerami.<\/p>\n<p>Tylko nieco powy\u017cej s\u0105 youtuberzy. To troch\u0119 niesprawiedliwe, bo youtuberzy s\u0105 r\u00f3\u017cni. Jest ich du\u017co, maj\u0105 r\u00f3\u017cne grupy ogl\u0105daj\u0105cych, r\u00f3\u017cnych wielbicieli, zajmuj\u0105 si\u0119 te\u017c bardzo r\u00f3\u017cnymi sprawami. Ich materia\u0142y bywaj\u0105 czasem merytorycznie lepsze ni\u017c te z profesjonalnych telewizji. Mimo to \u015brednie oceny sonda\u017cu da\u0142y im przedostatnie miejsce.<\/p>\n<p>Wyprzedzili ich nawet dzia\u0142acze polityczni i pos\u0142owie. Ci przynajmniej zachowali stabilnie swoje pozycje z zesz\u0142ego roku. O pi\u0119\u0107 pozycji awansowa\u0142\/a minister\/ministra, cho\u0107 chyba troch\u0119 na kredyt (zaufania).<\/p>\n<p>O trzy i cztery pozycje obsun\u0119li si\u0119 za to, odpowiednio, rekruter i trener biznesu. Zaskakiwa\u0107 mo\u017ce jedynie, \u017ce byli tak wysoko.<\/p>\n<p>Podobne wyniki osi\u0105gn\u0119li ksi\u0105dz i pracownik call-center. Obaj sprzedaj\u0105 marzenia, w dodatku bardzo drogo i nie zawsze taktownie.<\/p>\n<p>Generalnie mo\u017cna powiedzie\u0107, \u017ce zmian w stosunku do ubieg\u0142ego roku nie ma wiele \u2013 poza spadkiem rolnika indywidualnego a\u017c o sze\u015b\u0107 pozycji. To zapewne efekt protest\u00f3w. Z protest\u00f3w wynika, \u017ce rolnicy nie rozumiej\u0105 \u015bwiata, w kt\u00f3rym funkcjonuj\u0105. Faktycznie nie zawsze jest lekko, ale nie zawsze te\u017c bywa ci\u0119\u017cko. Los tej grupy zawodowej jest zale\u017cny od klimatu, a raczej od jego zmian, i rolnicy wydaj\u0105 si\u0119 za te zmiany wini\u0107 Uni\u0119 Europejsk\u0105. Ich los zale\u017cy tak\u017ce od rynk\u00f3w \u017cywno\u015bciowych, na kt\u00f3rych jednak nie rz\u0105dzi niewidzialna r\u0119ka, lecz mi\u0119dzynarodowe oligopole. Rz\u0105d PiS-u przez ca\u0142e osiem lat obiecywa\u0142, \u017ce co\u015b zmieni. A rolnicy obietnic s\u0142uchali. Teraz postanowili zaprotestowa\u0107, bo nowy rz\u0105d jeszcze niczego nie zmieni\u0142, a co gorsza, nie wie, co obieca\u0107. Deklaruje nawet, \u017ce jest takim samym, je\u015bli nie wi\u0119kszym przeciwnikiem unijnej polityki klimatycznej. Reasumuj\u0105c: dobrze nie b\u0119dzie, i to nie tylko rolnikom.<\/p>\n<p>Troch\u0119 awansowa\u0142 zaw\u00f3d s\u0119dziego, zapewne w efekcie powrotu element\u00f3w prawa do wymiaru sprawiedliwo\u015bci. W rankingu spadli natomiast informatycy, by\u0107 mo\u017ce gdy si\u0119 okaza\u0142o, \u017ce g\u0142\u00f3wnym celem ich zawodu jest unikanie podatk\u00f3w. A mo\u017ce to efekt popularno\u015bci sztucznej inteligencji?<\/p>\n<p>Czo\u0142\u00f3wka rankingu niemal bez zmian. Na samym szczycie stra\u017cak. Lekarz, nieco poni\u017cej, tylko zamieni\u0142 si\u0119 miejscem z piel\u0119gniark\u0105. To akurat mo\u017ce by\u0107 trwa\u0142e, bo z innego badania wynika, \u017ce prawie nikt z polskich uczni\u00f3w nie rozwa\u017ca po\u015bwiecenia si\u0119 piel\u0119gniarstwu. Zapa\u015b\u0107 w szpitalach, je\u015bli jeszcze nie nast\u0105pi\u0142a, przybli\u017ca si\u0119 z ka\u017cdym rokiem.<\/p>\n<p>Na zako\u0144czenie zwierz\u0119 si\u0119 z marzenia zwi\u0105zanego poniek\u0105d z inn\u0105 reklam\u0105, kt\u00f3ra utkwi\u0142a mi w g\u0142owie. Ot\u00f3\u017c mam nadziej\u0119, \u017ce tw\u00f3rc\u00f3w niekt\u00f3rych reklam oraz zatwierdzaj\u0105cych je decydent\u00f3w nigdy by nie wpu\u015bcili do pewnego sklepu z elektronik\u0105.<\/p>\n<p>Na podstawie SW Research ranking najbardziej powa\u017canych zawod\u00f3w (2024)\u00a0 (reprezentatywna pr\u00f3ba 1021 Polak\u00f3w w wieku 16-80 lat)<\/p>\n<p><em>r\u00f3wnie\u017c na\u00a0<\/em><a href=\"https:\/\/aristoskr.wordpress.com\/\" target=\"_blank\" rel=\"noreferrer noopener\">aristoskr.wordpress.com<\/a><\/p>\n<hr class=\"wp-block-separator has-alpha-channel-opacity\" \/>\n<p><em>Felieton jest wyrazem opinii autora. Nie prezentuje stanowiska ZR<\/em>.<\/p>\n","protected":false},"excerpt":{"rendered":"<p>Zwierz\u0119 si\u0119 z marzenia zwi\u0105zanego poniek\u0105d z pewn\u0105 reklam\u0105, kt\u00f3ra utkwi\u0142a mi w g\u0142owie. Ot\u00f3\u017c mam nadziej\u0119, \u017ce tw\u00f3rc\u00f3w niekt\u00f3rych reklam oraz zatwierdzaj\u0105cych je decydent\u00f3w nigdy by nie wpu\u015bcili do pewnego sklepu z elektronik\u0105.<\/p>\n","protected":false},"author":34,"featured_media":20415,"comment_status":"closed","ping_status":"open","sticky":false,"template":"","format":"standard","meta":{"_EventAllDay":false,"_EventTimezone":"","_EventStartDate":"","_EventEndDate":"","_EventStartDateUTC":"","_EventEndDateUTC":"","_EventShowMap":false,"_EventShowMapLink":false,"_EventURL":"","_EventCost":"","_EventCostDescription":"","_EventCurrencySymbol":"","_EventCurrencyCode":"","_EventCurrencyPosition":"","_EventDateTimeSeparator":"","_EventTimeRangeSeparator":"","_EventOrganizerID":[],"_EventVenueID":[],"_OrganizerEmail":"","_OrganizerPhone":"","_OrganizerWebsite":"","_VenueAddress":"","_VenueCity":"","_VenueCountry":"","_VenueProvince":"","_VenueState":"","_VenueZip":"","_VenuePhone":"","_VenueURL":"","_VenueStateProvince":"","_VenueLat":"","_VenueLng":"","_VenueShowMap":false,"_VenueShowMapLink":false,"footnotes":""},"categories":[596],"tags":[],"class_list":["post-38070","post","type-post","status-publish","format-standard","has-post-thumbnail","hentry","category-felietony","felietony"],"_links":{"self":[{"href":"https:\/\/kodmalopolska.pl\/index.php?rest_route=\/wp\/v2\/posts\/38070","targetHints":{"allow":["GET"]}}],"collection":[{"href":"https:\/\/kodmalopolska.pl\/index.php?rest_route=\/wp\/v2\/posts"}],"about":[{"href":"https:\/\/kodmalopolska.pl\/index.php?rest_route=\/wp\/v2\/types\/post"}],"author":[{"embeddable":true,"href":"https:\/\/kodmalopolska.pl\/index.php?rest_route=\/wp\/v2\/users\/34"}],"replies":[{"embeddable":true,"href":"https:\/\/kodmalopolska.pl\/index.php?rest_route=%2Fwp%2Fv2%2Fcomments&post=38070"}],"version-history":[{"count":0,"href":"https:\/\/kodmalopolska.pl\/index.php?rest_route=\/wp\/v2\/posts\/38070\/revisions"}],"wp:featuredmedia":[{"embeddable":true,"href":"https:\/\/kodmalopolska.pl\/index.php?rest_route=\/wp\/v2\/media\/20415"}],"wp:attachment":[{"href":"https:\/\/kodmalopolska.pl\/index.php?rest_route=%2Fwp%2Fv2%2Fmedia&parent=38070"}],"wp:term":[{"taxonomy":"category","embeddable":true,"href":"https:\/\/kodmalopolska.pl\/index.php?rest_route=%2Fwp%2Fv2%2Fcategories&post=38070"},{"taxonomy":"post_tag","embeddable":true,"href":"https:\/\/kodmalopolska.pl\/index.php?rest_route=%2Fwp%2Fv2%2Ftags&post=38070"}],"curies":[{"name":"wp","href":"https:\/\/api.w.org\/{rel}","templated":true}]}}