{"id":38046,"date":"2024-05-04T12:51:43","date_gmt":"2024-05-04T10:51:43","guid":{"rendered":"https:\/\/kodmalopolska.pl\/?p=38046"},"modified":"2024-05-04T12:51:43","modified_gmt":"2024-05-04T10:51:43","slug":"srodowisko-wiejskie-naszego-regionu-rolnicy-porzucaja-ziemie-i-swoje-domostwa-felieton-lucjana-czardybona-2","status":"publish","type":"post","link":"https:\/\/kodmalopolska.pl\/?p=38046","title":{"rendered":"\u015arodowisko wiejskie naszego regionu \u2013 rolnicy porzucaj\u0105 ziemi\u0119 i swoje domostwa. Felieton Lucjana Czardybona (2)"},"content":{"rendered":"<h4>Id\u0105c przez opuszczon\u0105 wie\u015b, przez krzakami poro\u015bni\u0119te pola, mijaj\u0105c na wiejskiej drodze grupki biednych mieszka\u0144c\u00f3w wioski, s\u0142ysz\u0105c dzwon pustego wiejskiego ko\u015bci\u00f3\u0142ka, pomnijcie moje s\u0142owa \u2013 za Johnem Donne\u2019em i Hemingwayem powt\u00f3rzone \u2013 i nigdy nie pytajcie: \u201eKomu bije dzwon?\u201d. Bije on nam.<\/h4>\n<p>W swoim pierwszym felietonie wyliczy\u0142em najwa\u017cniejsze plagi, kt\u00f3re poch\u0142aniaj\u0105 i dewastuj\u0105 \u015brodowisko wiejskie oraz spo\u0142eczno\u015b\u0107 rolnicz\u0105. S\u0105 to: porzucanie ziemi, wyludnianie si\u0119 wsi, ograniczenie r\u00f3\u017cnorodno\u015bci produkt\u00f3w i us\u0142ug, pog\u0142\u0119biaj\u0105ca si\u0119 r\u00f3\u017cnica w poziomie kszta\u0142cenia i ochrony zdrowia mi\u0119dzy miastem a wsi\u0105, mizeria infrastruktury oraz przestrzegania prawa i estetyki budowlanej we wsiach, obumieranie tradycji, obyczaj\u00f3w, kultury, j\u0119zyka. Coraz ostrzejsze s\u0105 konflikty interes\u00f3w pomi\u0119dzy rolnikami, my\u015bliwymi a zwierz\u0119tami. Wszystko to stanowi r\u00f3wni\u0119 pochy\u0142\u0105 prowadz\u0105c\u0105 niechybnie do wielorakiej katastrofy.<\/p>\n<p>S\u0105 ludzie, kt\u00f3rzy twierdz\u0105, \u017ce to zjawiska korzystne. \u017be przybywa teren\u00f3w zielonych, \u017ce pazerna cywilizacja si\u0119 cofa i robi miejsce dla zwierz\u0105tek, kt\u00f3rym przecie\u017c zabrali\u015bmy ich dom, \u017ce \u017cywno\u015b\u0107 mo\u017cemy kupowa\u0107 od innych, a nie od swoich rozwydrzonych przez Uni\u0119 rolnik\u00f3w, \u017ce na terenach wiejskich ka\u017cdy, kto ma w\u0142adz\u0119 i pieni\u0105dze, mo\u017ce budowa\u0107, co chce i jak chce.<\/p>\n<p>Takie zjawiska i pogl\u0105dy to rezultat ustawicznego psucia systemu zarz\u0105dzania spo\u0142ecze\u0144stwem, poniewierania wiedz\u0105, prawem, autorytetami. To rezultat poniechania ustawicznej pracy nad solidno\u015bci\u0105 i solidarno\u015bci\u0105 oraz umiej\u0119tno\u015bci\u0105 dzia\u0142ania zespo\u0142owego we wsiach. To rezultat konfliktowania, hodowania nieufno\u015bci i szczucia na siebie ludzi \u2013 detalicznie i hurtem.<\/p>\n<p>Musimy i mo\u017cemy to zatrzyma\u0107. Ka\u017cdy ekonomista i ka\u017cdy socjolog wska\u017ce podstawowe warunki szcz\u0119\u015bliwego, dostatniego i spe\u0142nionego \u017cycia na wsi.<\/p>\n<p>1. Op\u0142acalno\u015b\u0107. Trzeba zrobi\u0107 uczciwy i realny rachunek ekonomiczny: oszacowa\u0107 surowce do produkcji, sprz\u0119t i jego eksploatacj\u0119, energi\u0119, podatki, robocizn\u0119, inne op\u0142aty, a po drugiej stronie \u2013 doch\u00f3d. Je\u015bli jest spo\u0142eczne zapotrzebowanie na jaki\u015b produkt, a on nie wytrzymuje rachunku, musi by\u0107 dotowany. Nie wolno decydentom stawia\u0107 rolnik\u00f3w pod \u015bcian\u0105 ekonomicznego przymusu i fakt\u00f3w dokonanych. Tak jak obecnie.<\/p>\n<p>2. Stabilno\u015b\u0107 warunk\u00f3w ekonomicznych. Produkcja rolnicza to d\u0142ugie cykle. Niekt\u00f3re, takie jak produkcja zwierz\u0119ca (byd\u0142o, trzoda, owce, kozy, konie), produkcja sadownicza i ogrodnicza, trwaj\u0105 dziesi\u0105tki lat i wymagaj\u0105 znacznych nak\u0142ad\u00f3w (cz\u0119sto fundusz\u00f3w po\u017cyczonych), sp\u0142acanych potem przez kolejne dziesi\u0105tki lat. Je\u015bli pa\u0144stwo i organizacje wsp\u00f3\u0142pracuj\u0105ce ze wsi\u0105 i z niej \u017cyj\u0105ce zapomn\u0105 o swych obowi\u0105zkach, b\u0119d\u0105 katastrofy, a czasem samob\u00f3jstwa bankrut\u00f3w.<\/p>\n<p>3. Wykszta\u0142cenie, wiedza, kompetencje. Ludzie, kt\u00f3rzy w imi\u0119 zami\u0142owania do \u017cycia rolnika, w imi\u0119 patriotyzmu, odpowiedzialno\u015bci przed Bogiem i histori\u0105 oraz z przywi\u0105zania do miejsca urodzenia decyduj\u0105 si\u0119 pozosta\u0107 na ojcowi\u017anie, powinni dla dobra wszystkich mie\u0107 dost\u0119p do rzetelnej edukacji. A jest to wiedza bardzo obszerna. Gospodarz w swym gospodarstwie jest planist\u0105, ekonomist\u0105, mechanikiem, hodowc\u0105, weterynarzem, uczestnikiem wsp\u00f3\u0142dzia\u0142ania z innymi rolnikami. Z przykro\u015bci\u0105 stwierdzam bardzo niski i coraz gorszy poziom nauczania w szko\u0142ach rolniczych. Ma ta nauka s\u0142aby zwi\u0105zek z rzeczywisto\u015bci\u0105. A przecie\u017c rolnik powinien z takiego \u017ar\u00f3d\u0142a wiedzy czerpa\u0107 przez ca\u0142e \u017cycie.<\/p>\n<p>4. Wsparcie organizacyjne. S\u0105 ludzie szczeg\u00f3lnie utalentowani, jak pewien rolnik spod Krakowa, kt\u00f3ry przyjmowa\u0142 na swoim polu delegacj\u0119 z Warszawy, a wkr\u00f3tce jecha\u0142 z nimi do stolicy, aby jako premier rz\u0105du kierowa\u0107 z wielkim powodzeniem ojczyzn\u0105. Nie ka\u017cdy jest jednak Wincentym Witosem. Organizatorzy \u017cycia wsi i pomy\u015blno\u015bci jej mieszka\u0144c\u00f3w \u2013 je\u015bli ich brak w\u015br\u00f3d swoich \u2013 powinni przyj\u015b\u0107 z zewn\u0105trz.<\/p>\n<p>5. Piel\u0119gnowanie opinii i wiedzy o wsi u pozawiejskiej cz\u0119\u015bci spo\u0142eczno\u015bci nale\u017cy powierza\u0107 ludziom uczciwym, dobrym i w dostatecznym stopniu kompetentnym. Obecnie wypowiedzi na ten temat s\u0105 cz\u0119sto przyczyn\u0105 irytacji, \u017calu, gniewu, weso\u0142o\u015bci,\u00a0 kpiny.<\/p>\n<p>6. I na koniec: \u017cniwo obfite, lecz \u017cniwiarzy ma\u0142o. Jak by to by\u0142o wspaniale, gdyby dobre duszki z miast posz\u0142y na wie\u015b i spisa\u0142y wszystkie opuszczone ziemie, okre\u015bli\u0142y ich dok\u0142adne geodezyjne lokalizacje i od w\u0142a\u015bcicieli uzyska\u0142y zgod\u0119 na u\u017cytkowanie \u2013 za dobr\u0105 odp\u0142atno\u015bci\u0105. Znajd\u0105 si\u0119 ludzie, kt\u00f3rym si\u0119 jeszcze chce. Jak by to by\u0142o wspaniale, zrekrutowa\u0107 po wsiach znacz\u0105c\u0105 liczb\u0119 ch\u0119tnych do nauki r\u00f3\u017cnorodnego u\u017cytkowania ziemi oraz przetwarzania \u017cywno\u015bci. Jak by to by\u0142o wspaniale, znale\u017a\u0107 dru\u017cyn\u0119 komandos\u00f3w, kt\u00f3ra by nie pomin\u0119\u0142a \u017cadnej okazji do napisania wniosku, cho\u0107by do samego diab\u0142a, o pomoc finansow\u0105 dla rolnik\u00f3w i przetw\u00f3rc\u00f3w.<\/p>\n<p>Mamy fundacj\u0119: <a href=\"http:\/\/www.fundacja-roj.pl\">www.fundacja-roj.pl<\/a> \u2013 kto ch\u0119tny, pomo\u017cemy. Z pazerno\u015bci na \u017cycie, z umi\u0142owania bli\u017anich, z potrzeby dobrych uczynk\u00f3w.<br \/>\nId\u0105c przez opuszczon\u0105 wie\u015b, przez krzakami poro\u015bni\u0119te pola, mijaj\u0105c na drodze biednych mieszka\u0144c\u00f3w wioski, s\u0142ysz\u0105c dzwon pustego wiejskiego ko\u015bci\u00f3\u0142ka, pomnijcie moje s\u0142owa \u2013 za Johnem Donne\u2019em i Hemingwayem powt\u00f3rzone: \u017caden cz\u0142owiek nie jest samoistn\u0105 wysp\u0105, ka\u017cdy stanowi u\u0142omek kontynentu, cz\u0119\u015b\u0107 l\u0105du. Je\u017celi morze zmyje cho\u0107by grudk\u0119 ziemi, Europa b\u0119dzie pomniejszona, tak samo jakby morze poch\u0142on\u0119\u0142o przyl\u0105dek, w\u0142o\u015b\u0107 twoich przyjaci\u00f3\u0142 czy twoj\u0105 w\u0142asn\u0105. \u015amier\u0107 ka\u017cdego cz\u0142owieka umniejsza mnie, albowiem jestem cz\u0119\u015bci\u0105 ludzko\u015bci. Przeto nigdy nie pytaj: \u201eKomu bije dzwon?\u201d.<\/p>\n<p>Bije on tobie.<\/p>\n<hr class=\"wp-block-separator has-alpha-channel-opacity\" \/>\n<p><em>Felieton jest wyrazem opinii autora. Nie prezentuje stanowiska ZR<\/em>.<\/p>\n","protected":false},"excerpt":{"rendered":"<p>Id\u0105c przez opuszczon\u0105 wie\u015b, przez krzakami poro\u015bni\u0119te pola, mijaj\u0105c na wiejskiej drodze grupki biednych mieszka\u0144c\u00f3w wioski, s\u0142ysz\u0105c dzwon pustego wiejskiego [&#8230;]<\/p>\n","protected":false},"author":34,"featured_media":37984,"comment_status":"closed","ping_status":"open","sticky":false,"template":"","format":"standard","meta":{"_EventAllDay":false,"_EventTimezone":"","_EventStartDate":"","_EventEndDate":"","_EventStartDateUTC":"","_EventEndDateUTC":"","_EventShowMap":false,"_EventShowMapLink":false,"_EventURL":"","_EventCost":"","_EventCostDescription":"","_EventCurrencySymbol":"","_EventCurrencyCode":"","_EventCurrencyPosition":"","_EventDateTimeSeparator":"","_EventTimeRangeSeparator":"","_EventOrganizerID":[],"_EventVenueID":[],"_OrganizerEmail":"","_OrganizerPhone":"","_OrganizerWebsite":"","_VenueAddress":"","_VenueCity":"","_VenueCountry":"","_VenueProvince":"","_VenueState":"","_VenueZip":"","_VenuePhone":"","_VenueURL":"","_VenueStateProvince":"","_VenueLat":"","_VenueLng":"","_VenueShowMap":false,"_VenueShowMapLink":false,"footnotes":""},"categories":[596],"tags":[],"class_list":["post-38046","post","type-post","status-publish","format-standard","has-post-thumbnail","hentry","category-felietony","felietony"],"_links":{"self":[{"href":"https:\/\/kodmalopolska.pl\/index.php?rest_route=\/wp\/v2\/posts\/38046","targetHints":{"allow":["GET"]}}],"collection":[{"href":"https:\/\/kodmalopolska.pl\/index.php?rest_route=\/wp\/v2\/posts"}],"about":[{"href":"https:\/\/kodmalopolska.pl\/index.php?rest_route=\/wp\/v2\/types\/post"}],"author":[{"embeddable":true,"href":"https:\/\/kodmalopolska.pl\/index.php?rest_route=\/wp\/v2\/users\/34"}],"replies":[{"embeddable":true,"href":"https:\/\/kodmalopolska.pl\/index.php?rest_route=%2Fwp%2Fv2%2Fcomments&post=38046"}],"version-history":[{"count":0,"href":"https:\/\/kodmalopolska.pl\/index.php?rest_route=\/wp\/v2\/posts\/38046\/revisions"}],"wp:featuredmedia":[{"embeddable":true,"href":"https:\/\/kodmalopolska.pl\/index.php?rest_route=\/wp\/v2\/media\/37984"}],"wp:attachment":[{"href":"https:\/\/kodmalopolska.pl\/index.php?rest_route=%2Fwp%2Fv2%2Fmedia&parent=38046"}],"wp:term":[{"taxonomy":"category","embeddable":true,"href":"https:\/\/kodmalopolska.pl\/index.php?rest_route=%2Fwp%2Fv2%2Fcategories&post=38046"},{"taxonomy":"post_tag","embeddable":true,"href":"https:\/\/kodmalopolska.pl\/index.php?rest_route=%2Fwp%2Fv2%2Ftags&post=38046"}],"curies":[{"name":"wp","href":"https:\/\/api.w.org\/{rel}","templated":true}]}}