{"id":37974,"date":"2024-04-09T19:18:30","date_gmt":"2024-04-09T17:18:30","guid":{"rendered":"https:\/\/kodmalopolska.pl\/?p=37974"},"modified":"2024-04-09T22:20:27","modified_gmt":"2024-04-09T20:20:27","slug":"brat-natalii-idzie-na-wojne-felieton-fryderyka-zolla-506","status":"publish","type":"post","link":"https:\/\/kodmalopolska.pl\/?p=37974","title":{"rendered":"Brat Natalii idzie na wojn\u0119. Felieton Fryderyka Zolla (506)"},"content":{"rendered":"<h4>Natalia wyk\u0142ada na uniwersytecie. Ma wspania\u0142\u0105 rodzin\u0119. \u017bycie toczy si\u0119 swoim rytmem w cudownym Lwowie, pe\u0142nym kawiarni, park\u00f3w i zabytk\u00f3w. Niczego wi\u0119cej nie potrzeba.<\/h4>\n<p>I nagle nadchodzi wojna. Niebo przecinaj\u0105 rakiety, a cho\u0107 \u017cycie biegnie dalej, nic ju\u017c nie jest takie samo. Trzeba wiedzie\u0107, co robi\u0107, gdy jest alarm, w szkole trzeba wyposa\u017cy\u0107 schron, tak aby mog\u0142y si\u0119 odbywa\u0107 lekcje. Trzeba pomaga\u0107, organizowa\u0107 wsparcie dla wojska, dla cywil\u00f3w. Trzeba wiedzie\u0107, jak si\u0119 zachowa\u0107, gdy na niebie rozlegnie si\u0119 podobny do motoroweru terkot shaheda, \u015bmierciono\u015bnego drona.<\/p>\n<p>A wojna coraz mocniej zaciska sw\u00f3j w\u0119ze\u0142. Teraz brat Natalii, \u017co\u0142nierz, jest przesuwany na sam front ze swoj\u0105 szturmow\u0105 brygad\u0105. Mieszka\u0144com Ukrainy towarzyszy ci\u0105g\u0142y strach o najbli\u017cszych. Wojna zbiera krwawe \u017cniwo, a my tu bezpieczni (cho\u0107 zapewne tylko pozornie) zapomnieli\u015bmy o niej. Tymczasem tam do walki id\u0105 kolejne brygady znajomych, s\u0105siad\u00f3w, bliskich, dzieci i rodzic\u00f3w.<\/p>\n<p>Musimy nadal robi\u0107 wszystko, aby im pom\u00f3c. Wci\u0105\u017c zbieramy pieni\u0105dze na wsparcie dla Ukrainy, aby walcz\u0105cy mieli przynajmniej dobre mundury, wygodne buty, okulary, kt\u00f3re ochroni\u0105 oczy, apteczki ratuj\u0105ce \u017cycie. Potrzeba te\u017c pas\u00f3w z \u0142adownicami i plecak\u00f3w. I trzeba jeszcze jednego: pokazania, \u017ce mimo up\u0142ywu tych d\u0142ugich dw\u00f3ch lat my, najbli\u017csi s\u0105siedzi, dalej jeste\u015bmy z nimi. Ma to warto\u015b\u0107 przenosz\u0105c\u0105 g\u00f3ry i prowadz\u0105c\u0105 do zwyci\u0119stwa. Tak\u017ce naszego.<\/p>\n<p>Prosimy o wp\u0142aty na konto Fundacji Kongresu Katoliczek i Katolik\u00f3w. Wp\u0142aty s\u0105 w ca\u0142o\u015bci wykorzystywane na zakup pomocy. Dzia\u0142a te\u017c nasza zbi\u00f3rka (zob. ni\u017cej), a w ko\u0144cu mo\u017ce b\u0119dzie og\u0142oszona og\u00f3lnopolska zbi\u00f3rka KOD. Pom\u00f3\u017cmy.<\/p>\n<p>&nbsp;<\/p>\n<table>\n<tbody>\n<tr>\n<td width=\"160\"><a href=\"https:\/\/fundacjakurtyki.pl\/wsparcie-dla-ukrainy\/\"><img decoding=\"async\" src=\"https:\/\/kodmalopolska.pl\/wp-content\/uploads\/2022\/03\/Wsparcie-dla-Ukrainy-153x80-1.jpg\" alt=\"\" \/><\/a><\/td>\n<td>\u00a0\u00a0Wesprzyj Ukrain\u0119\u00a0<a href=\"https:\/\/fundacjakurtyki.pl\/wsparcie-dla-ukrainy\/\">poprzez Fundacj\u0119 im. Janusza Kurtyki<\/a><br \/>\nlub\u00a0<a href=\"https:\/\/kongreskk.pl\/fundacja\/\">poprzez Fundacj\u0119 na rzecz Kongresu Katoliczek i Katolik\u00f3w<\/a>\u00a0(wp\u0142aty z dopiskiem \u201eUkraina\u201d)<\/td>\n<td width=\"160\"><a href=\"https:\/\/kongreskk.pl\/fundacja\/\"><img decoding=\"async\" src=\"https:\/\/kodmalopolska.pl\/wp-content\/uploads\/2024\/01\/FundacjaKKK-e1704211837383.jpg\" \/><\/a><\/td>\n<\/tr>\n<\/tbody>\n<\/table>\n<hr class=\"wp-block-separator has-alpha-channel-opacity\" \/>\n<table width=\"100%\">\n<tbody>\n<tr>\n<td>Dost\u0119pna jest tak\u017ce zrzutka na mundury dla ukrai\u0144skich \u017co\u0142nierzy<\/td>\n<td>\n<div><iframe src=\"https:\/\/zrzutka.pl\/nann9n\/widget\/14\" frameborder=\"0\" scrolling=\"no\" data-mce-fragment=\"1\"><\/iframe><\/div>\n<\/td>\n<\/tr>\n<\/tbody>\n<\/table>\n<hr class=\"wp-block-separator has-alpha-channel-opacity\" \/>\n<p><em>Felieton jest wyrazem opinii autora. Nie prezentuje stanowiska ZR Ma\u0142opolskie.<\/em><\/p>\n","protected":false},"excerpt":{"rendered":"<p>Natalia wyk\u0142ada na uniwersytecie. Ma wspania\u0142\u0105 rodzin\u0119. \u017bycie toczy si\u0119 swoim rytmem w cudownym Lwowie, pe\u0142nym kawiarni, park\u00f3w i zabytk\u00f3w. Niczego wi\u0119cej nie potrzeba.<\/p>\n","protected":false},"author":34,"featured_media":29765,"comment_status":"closed","ping_status":"open","sticky":false,"template":"","format":"standard","meta":{"_EventAllDay":false,"_EventTimezone":"","_EventStartDate":"","_EventEndDate":"","_EventStartDateUTC":"","_EventEndDateUTC":"","_EventShowMap":false,"_EventShowMapLink":false,"_EventURL":"","_EventCost":"","_EventCostDescription":"","_EventCurrencySymbol":"","_EventCurrencyCode":"","_EventCurrencyPosition":"","_EventDateTimeSeparator":"","_EventTimeRangeSeparator":"","_EventOrganizerID":[],"_EventVenueID":[],"_OrganizerEmail":"","_OrganizerPhone":"","_OrganizerWebsite":"","_VenueAddress":"","_VenueCity":"","_VenueCountry":"","_VenueProvince":"","_VenueState":"","_VenueZip":"","_VenuePhone":"","_VenueURL":"","_VenueStateProvince":"","_VenueLat":"","_VenueLng":"","_VenueShowMap":false,"_VenueShowMapLink":false,"footnotes":""},"categories":[596],"tags":[],"class_list":["post-37974","post","type-post","status-publish","format-standard","has-post-thumbnail","hentry","category-felietony","felietony"],"_links":{"self":[{"href":"https:\/\/kodmalopolska.pl\/index.php?rest_route=\/wp\/v2\/posts\/37974","targetHints":{"allow":["GET"]}}],"collection":[{"href":"https:\/\/kodmalopolska.pl\/index.php?rest_route=\/wp\/v2\/posts"}],"about":[{"href":"https:\/\/kodmalopolska.pl\/index.php?rest_route=\/wp\/v2\/types\/post"}],"author":[{"embeddable":true,"href":"https:\/\/kodmalopolska.pl\/index.php?rest_route=\/wp\/v2\/users\/34"}],"replies":[{"embeddable":true,"href":"https:\/\/kodmalopolska.pl\/index.php?rest_route=%2Fwp%2Fv2%2Fcomments&post=37974"}],"version-history":[{"count":0,"href":"https:\/\/kodmalopolska.pl\/index.php?rest_route=\/wp\/v2\/posts\/37974\/revisions"}],"wp:featuredmedia":[{"embeddable":true,"href":"https:\/\/kodmalopolska.pl\/index.php?rest_route=\/wp\/v2\/media\/29765"}],"wp:attachment":[{"href":"https:\/\/kodmalopolska.pl\/index.php?rest_route=%2Fwp%2Fv2%2Fmedia&parent=37974"}],"wp:term":[{"taxonomy":"category","embeddable":true,"href":"https:\/\/kodmalopolska.pl\/index.php?rest_route=%2Fwp%2Fv2%2Fcategories&post=37974"},{"taxonomy":"post_tag","embeddable":true,"href":"https:\/\/kodmalopolska.pl\/index.php?rest_route=%2Fwp%2Fv2%2Ftags&post=37974"}],"curies":[{"name":"wp","href":"https:\/\/api.w.org\/{rel}","templated":true}]}}