{"id":37783,"date":"2024-02-20T19:57:48","date_gmt":"2024-02-20T18:57:48","guid":{"rendered":"https:\/\/kodmalopolska.pl\/?p=37783"},"modified":"2024-02-20T19:59:58","modified_gmt":"2024-02-20T18:59:58","slug":"wyznanie-eweliny-pytel","status":"publish","type":"post","link":"https:\/\/kodmalopolska.pl\/?p=37783","title":{"rendered":"Wyznanie Eweliny Pytel"},"content":{"rendered":"<h4>Drogie i Drodzy,<br \/>\nnie umia\u0142am napisa\u0107 kr\u00f3tko, wi\u0119c ostrzegam: to tylko wyznanie mi\u0142o\u015bci i po\u017cegnanie.<\/h4>\n<p>Siedem lat temu uzna\u0142am, \u017ce nie mog\u0119 d\u0142u\u017cej siedzie\u0107 na kanapie. A w\u0142a\u015bciwie: w bibliotece, nad nieszcz\u0119snym doktoratem z literaturoznawstwa. Nie mog\u0119 tylko czyta\u0107 o polityce przy \u015bniadaniu i wyra\u017ca\u0107 niedowierzania wobec tego, co si\u0119 dzieje, na Facebooku. Uzna\u0142am, \u017ce cz\u0119\u015b\u0107 swojego czasu \u2013 cho\u0107 nigdy go do\u015b\u0107 nie mia\u0142am \u2013 przeznacz\u0119 na pomoc w organizacji, w kt\u00f3rej widzia\u0142am wielk\u0105 szans\u0119 na spo\u0142eczn\u0105 zmian\u0119. Zapisa\u0142am si\u0119 do Komitetu Obrony Demokracji.<\/p>\n<p>Pomy\u015bla\u0142am, \u017ce mog\u0119 wspom\u00f3c organizacj\u0119 jak\u0105\u015b prost\u0105 prac\u0105, przecie\u017c zawsze tego potrzeba. I tak z ulicy trafi\u0142am do biura KOD w Krakowie, kt\u00f3re w\u0142a\u015bnie powstawa\u0142o i szuka\u0142o wolontariuszy. Tam zacz\u0119\u0142am poznawa\u0107 wspania\u0142ych ludzi, jacy ten ruch tworzyli i tworz\u0105. Zak\u0142ada\u0142am, \u017ce b\u0119d\u0119 tam sp\u0119dza\u0107 godzin\u0119 lub dwie tygodniowo, ale szybko si\u0119 okaza\u0142o, \u017ce to mrzonka. Wyzwa\u0144 stoj\u0105cych przed opozycj\u0105 obywatelsk\u0105, ale te\u017c pomys\u0142\u00f3w, jakie si\u0119 pojawia\u0142y w\u015br\u00f3d nas, by\u0142o tak wiele, \u017ce nie da\u0142o si\u0119, a przynajmniej ja nie potrafi\u0142am, tej dzia\u0142alno\u015bci traktowa\u0107 jako jednego z wielu zaj\u0119\u0107.<\/p>\n<p>Po jakim\u015b czasie dostrzeg\u0142am, \u017ce \u2013 inaczej ni\u017c s\u0105dzi\u0142am jako m\u0142oda studentka \u2013 nie kariera akademicka jest moim powo\u0142aniem, ale dzia\u0142anie i praca w\u015br\u00f3d ludzi, wprowadzanie zmian. Nazywaj\u0105c rzeczy po imieniu (cho\u0107 brzmi to naiwnie, wiem): naprawianie \u015bwiata. Odk\u0105d to do mnie dotar\u0142o, odk\u0105d to zaakceptowa\u0142am, od\u017cy\u0142am. I wsi\u0105k\u0142am w aktywizm na dobre.<\/p>\n<p>I tak zacz\u0119\u0142am prowadzi\u0107 manifestacje, organizowa\u0107 spotkania, projektowa\u0107 ulotki. Po jakim\u015b czasie zosta\u0142am wybrana na przewodnicz\u0105c\u0105 ma\u0142opolskiego KOD, najaktywniejszego (jak m\u00f3wi\u0105 koledzy z innych region\u00f3w) w Polsce. Po dw\u00f3ch latach ten wyb\u00f3r cz\u0142onkowie i cz\u0142onkinie potwierdzili, wybieraj\u0105c mnie ponownie. Zaufanie os\u00f3b z ma\u0142opolskiego KOD to najwi\u0119ksze wyr\u00f3\u017cnienie, jakie mog\u0142am sobie wyobrazi\u0107. Ale te\u017c ogromna odpowiedzialno\u015b\u0107.<\/p>\n<p>Czy jej podo\u0142a\u0142am \u2013 nie mnie ocenia\u0107. Na pewno chcia\u0142am wi\u0119cej, ni\u017c mog\u0142am. Ale wiem, \u017ce jak na grup\u0119 wolontariuszy, amator\u00f3w (ka\u017cdy z nas z innej bajki), zrobili\u015bmy du\u017co.<\/p>\n<p>Ma\u0142e i wielkie manifestacje, kt\u00f3re dane mi by\u0142o wsp\u00f3\u0142organizowa\u0107 i prowadzi\u0107 \u2013 od kilkuosobowej w pandemii do tych wype\u0142niaj\u0105cych ca\u0142y Rynek i okoliczne ulice.\u00a0Kilkadziesi\u0105t debat, w tym wi\u0119kszo\u015b\u0107 w plenerze, na targowiskach, \u017ceby pozwoli\u0107 zwyk\u0142ym ludziom na poznanie polityk\u00f3w, kt\u00f3rzy w parlamencie czy innych gremiach ich reprezentuj\u0105. Spotkania edukacyjne, informacyjne, happeningi.\u00a0Wsp\u00f3\u0142praca ze wspania\u0142ymi osobami, cz\u0142onkami i cz\u0142onkiniami KOD, sympatykami, partnerami z innych organizacji. Przyja\u017anie, kt\u00f3re si\u0119 zawi\u0105za\u0142y na ca\u0142e \u017cycie.<\/p>\n<p>Ale czas mija. Dobiega ko\u0144ca moja trzecia kadencja w Zarz\u0105dzie Regionu. Coraz bardziej jestem \u015bwiadoma tego, \u017ce czas na zmian\u0119. Niezale\u017cnie od tego, \u017ce jestem zwolenniczk\u0105 ograniczonej liczby kadencji we wszystkich instytucjach, t\u0119 potrzeb\u0119 \u015bwie\u017cej krwi po prostu czuj\u0119.<\/p>\n<p>KOD po 15 pa\u017adziernika jest ju\u017c inn\u0105 organizacj\u0105 i musi by\u0107 inn\u0105 \u2013 czym\u015b, o czym marzy\u0142am i w co wierzy\u0142am, odk\u0105d o KOD us\u0142ysza\u0142am. Nie mo\u017ce by\u0107 anty-PiS-em, ale mocnym, oddolnym ruchem wzmacniaj\u0105cym partycypacj\u0119 obywatelsk\u0105 i kontroluj\u0105cym dzia\u0142ania ka\u017cdej w\u0142adzy. Musi by\u0107 organizacj\u0105 polityczn\u0105 (bo nasze \u017cycie jest polityczne, czy chcemy tego czy nie), ale apartyjn\u0105 i niezale\u017cn\u0105.\u00a0Nie powinien by\u0107 typow\u0105 NGO, ale ruchem masowym, o rozbudowanej sieci aktywist\u00f3w na terenie ca\u0142ej Polski. W Ma\u0142opolsce mamy dzi\u015b szcz\u0119\u015bcie mie\u0107 zaanga\u017cowane osoby w co najmniej 15 miastach i miasteczkach, prawie wszystkie zrzeszone w grupach lokalnych. Jestem ogromnie dumna, \u017ce mia\u0142am pewien udzia\u0142 w budowaniu tej sieci ludzi dobrej woli, ale widz\u0119 te\u017c, \u017ce potrzeba do tego nowych si\u0142. Na szcz\u0119\u015bcie ich nie brakuje.<\/p>\n<p>Dlatego po prawie sze\u015bciu latach pe\u0142nienia obowi\u0105zk\u00f3w w Zarz\u0105dzie Regionu Ma\u0142opolskie zdecydowa\u0142am si\u0119 ponownie nie kandydowa\u0107 w najbli\u017cszych wyborach do tego organu. Ju\u017c za miesi\u0105c cz\u0142onkinie i cz\u0142onkowie KOD wybior\u0105 nowe w\u0142adze, kt\u00f3re b\u0119d\u0105 dzia\u0142a\u0107 z now\u0105 energi\u0105. Oczywi\u015bcie b\u0119d\u0119 je \/ ich wspiera\u0107 w ka\u017cdej sprawie.<\/p>\n<p>Z KOD si\u0119 nie \u017cegnam, bo KOD to ju\u017c cz\u0119\u015b\u0107 mnie.<\/p>\n","protected":false},"excerpt":{"rendered":"<p>Drogie i Drodzy,<br \/>\nnie umia\u0142am napisa\u0107 kr\u00f3tko, wi\u0119c ostrzegam: to tylko wyznanie mi\u0142o\u015bci i po\u017cegnanie.<\/p>\n","protected":false},"author":34,"featured_media":37784,"comment_status":"closed","ping_status":"open","sticky":false,"template":"","format":"standard","meta":{"_EventAllDay":false,"_EventTimezone":"","_EventStartDate":"","_EventEndDate":"","_EventStartDateUTC":"","_EventEndDateUTC":"","_EventShowMap":false,"_EventShowMapLink":false,"_EventURL":"","_EventCost":"","_EventCostDescription":"","_EventCurrencySymbol":"","_EventCurrencyCode":"","_EventCurrencyPosition":"","_EventDateTimeSeparator":"","_EventTimeRangeSeparator":"","_EventOrganizerID":[],"_EventVenueID":[],"_OrganizerEmail":"","_OrganizerPhone":"","_OrganizerWebsite":"","_VenueAddress":"","_VenueCity":"","_VenueCountry":"","_VenueProvince":"","_VenueState":"","_VenueZip":"","_VenuePhone":"","_VenueURL":"","_VenueStateProvince":"","_VenueLat":"","_VenueLng":"","_VenueShowMap":false,"_VenueShowMapLink":false,"footnotes":""},"categories":[596],"tags":[],"class_list":["post-37783","post","type-post","status-publish","format-standard","has-post-thumbnail","hentry","category-felietony","felietony"],"_links":{"self":[{"href":"https:\/\/kodmalopolska.pl\/index.php?rest_route=\/wp\/v2\/posts\/37783","targetHints":{"allow":["GET"]}}],"collection":[{"href":"https:\/\/kodmalopolska.pl\/index.php?rest_route=\/wp\/v2\/posts"}],"about":[{"href":"https:\/\/kodmalopolska.pl\/index.php?rest_route=\/wp\/v2\/types\/post"}],"author":[{"embeddable":true,"href":"https:\/\/kodmalopolska.pl\/index.php?rest_route=\/wp\/v2\/users\/34"}],"replies":[{"embeddable":true,"href":"https:\/\/kodmalopolska.pl\/index.php?rest_route=%2Fwp%2Fv2%2Fcomments&post=37783"}],"version-history":[{"count":0,"href":"https:\/\/kodmalopolska.pl\/index.php?rest_route=\/wp\/v2\/posts\/37783\/revisions"}],"wp:featuredmedia":[{"embeddable":true,"href":"https:\/\/kodmalopolska.pl\/index.php?rest_route=\/wp\/v2\/media\/37784"}],"wp:attachment":[{"href":"https:\/\/kodmalopolska.pl\/index.php?rest_route=%2Fwp%2Fv2%2Fmedia&parent=37783"}],"wp:term":[{"taxonomy":"category","embeddable":true,"href":"https:\/\/kodmalopolska.pl\/index.php?rest_route=%2Fwp%2Fv2%2Fcategories&post=37783"},{"taxonomy":"post_tag","embeddable":true,"href":"https:\/\/kodmalopolska.pl\/index.php?rest_route=%2Fwp%2Fv2%2Ftags&post=37783"}],"curies":[{"name":"wp","href":"https:\/\/api.w.org\/{rel}","templated":true}]}}