{"id":37682,"date":"2024-02-09T19:12:52","date_gmt":"2024-02-09T18:12:52","guid":{"rendered":"https:\/\/kodmalopolska.pl\/?p=37682"},"modified":"2024-02-09T19:12:52","modified_gmt":"2024-02-09T18:12:52","slug":"pochwala-przestepstwa-felieton-fryderyka-zolla-498","status":"publish","type":"post","link":"https:\/\/kodmalopolska.pl\/?p=37682","title":{"rendered":"Pochwa\u0142a przest\u0119pstwa. Felieton Fryderyka Zolla (498)"},"content":{"rendered":"<h4>Gazety donios\u0142y, \u017ce klub parlamentarny PiS-u chce podj\u0105\u0107 uchwa\u0142\u0119, zgodnie z kt\u00f3r\u0105 prokuratorzy wykonuj\u0105cy polecenia lub przyjmuj\u0105cy funkcje od p.o. prokuratora krajowego Jacka Bilewicza b\u0119d\u0105 odpowiada\u0107 karnie i cywilnie, kiedy tylko PiS odzyska w\u0142adz\u0119.<\/h4>\n<p>Je\u017celi PiS t\u0119 uchwa\u0142\u0119 podejmie, osoby w niej uczestnicz\u0105ce zrealizuj\u0105 znamiona przest\u0119pstwa z art. 224 par. 1 kodeksu karnego, kt\u00f3ry za wp\u0142ywanie przemoc\u0105 lub gro\u017ab\u0105 bezprawn\u0105 (a tym w\u0142a\u015bnie jest gro\u017cenie odpowiedzialno\u015bci\u0105 karn\u0105 i cywiln\u0105) na czynno\u015bci organu administracji rz\u0105dowej, innego organu pa\u0144stwowego lub samorz\u0105du terytorialnego przewiduje kar\u0119 do trzech lat pozbawienia wolno\u015bci.<\/p>\n<p>Swoj\u0105 rol\u0119 w opozycji PiS chce odgrywa\u0107, pope\u0142niaj\u0105c r\u00f3\u017cnego rodzaju przest\u0119pstwa. Nie stanowi to zmiany jako\u015bciowej w dzia\u0142aniu tego ugrupowania, kt\u00f3remu marzy si\u0119 te\u017c zdelegalizowanie innych partii politycznych przy pomocy politycznie niesamodzielnego Trybuna\u0142u Przy\u0142\u0119bskiego. Delegalizowanie partii demokratycznych pozwoli\u0142oby PiS-owi stan\u0105\u0107 w szeregu najbardziej pod\u0142ych ugrupowa\u0144 partyjnych w historii. Trybuna\u0142 Przy\u0142\u0119bski jednak jest tylko atrap\u0105 Trybuna\u0142u Konstytucyjnego, niezdoln\u0105 do wydawania prawnie donios\u0142ych orzecze\u0144. A do w\u0142adzy PiS ju\u017c nie dojdzie. Nie zdo\u0142a wi\u0119c r\u00f3wnie\u017c urzeczywistni\u0107 swojego zamiaru wywarcia bezpo\u015bredniego wp\u0142ywu na organy wymiaru sprawiedliwo\u015bci po ponownym obj\u0119ciu rz\u0105d\u00f3w.<\/p>\n<p>Samo podj\u0119cie takiej uchwa\u0142y, o jakiej m\u00f3wi si\u0119 w prasie \u2013 samo bezprawne gro\u017cenie \u2013 b\u0119dzie jednak przest\u0119pstwem. Po zaje\u017adzie na Sejm i splugawieniu munduru Stra\u017cy Marsza\u0142kowskiej by\u0142by to kolejny wyczyn PiS-u. Na szcz\u0119\u015bcie ka\u017cde tego rodzaju dzia\u0142anie kosztuje PiS jakie\u015b dwa do czterech procent poparcia. Trudno zatem z ca\u0142\u0105 surowo\u015bci\u0105 pot\u0119pia\u0107 t\u0119 niezwykle szkodliw\u0105 parti\u0119, kt\u00f3ra w\u0142asnymi r\u0119kami si\u0119 unicestwia. Takie doprowadzenie do samolikwidacji b\u0119dzie istotn\u0105 okoliczno\u015bci\u0105 \u0142agodz\u0105c\u0105, bo dobrze przys\u0142u\u017cy si\u0119 Polsce.<\/p>\n<hr class=\"wp-block-separator has-alpha-channel-opacity\" \/>\n<p><em>Felieton jest wyrazem opinii autora. Nie prezentuje stanowiska ZR Ma\u0142opolskie.<\/em><\/p>\n","protected":false},"excerpt":{"rendered":"<p>Gazety donios\u0142y, \u017ce klub parlamentarny PiS-u chce podj\u0105\u0107 uchwa\u0142\u0119, zgodnie z kt\u00f3r\u0105 prokuratorzy wykonuj\u0105cy polecenia lub przyjmuj\u0105cy funkcje od p.o. prokuratora krajowego Jacka Bilewicza b\u0119d\u0105 odpowiada\u0107 karnie i cywilnie, kiedy tylko PiS odzyska w\u0142adz\u0119.<\/p>\n","protected":false},"author":34,"featured_media":24583,"comment_status":"closed","ping_status":"open","sticky":false,"template":"","format":"standard","meta":{"_EventAllDay":false,"_EventTimezone":"","_EventStartDate":"","_EventEndDate":"","_EventStartDateUTC":"","_EventEndDateUTC":"","_EventShowMap":false,"_EventShowMapLink":false,"_EventURL":"","_EventCost":"","_EventCostDescription":"","_EventCurrencySymbol":"","_EventCurrencyCode":"","_EventCurrencyPosition":"","_EventDateTimeSeparator":"","_EventTimeRangeSeparator":"","_EventOrganizerID":[],"_EventVenueID":[],"_OrganizerEmail":"","_OrganizerPhone":"","_OrganizerWebsite":"","_VenueAddress":"","_VenueCity":"","_VenueCountry":"","_VenueProvince":"","_VenueState":"","_VenueZip":"","_VenuePhone":"","_VenueURL":"","_VenueStateProvince":"","_VenueLat":"","_VenueLng":"","_VenueShowMap":false,"_VenueShowMapLink":false,"footnotes":""},"categories":[596],"tags":[],"class_list":["post-37682","post","type-post","status-publish","format-standard","has-post-thumbnail","hentry","category-felietony","felietony"],"_links":{"self":[{"href":"https:\/\/kodmalopolska.pl\/index.php?rest_route=\/wp\/v2\/posts\/37682","targetHints":{"allow":["GET"]}}],"collection":[{"href":"https:\/\/kodmalopolska.pl\/index.php?rest_route=\/wp\/v2\/posts"}],"about":[{"href":"https:\/\/kodmalopolska.pl\/index.php?rest_route=\/wp\/v2\/types\/post"}],"author":[{"embeddable":true,"href":"https:\/\/kodmalopolska.pl\/index.php?rest_route=\/wp\/v2\/users\/34"}],"replies":[{"embeddable":true,"href":"https:\/\/kodmalopolska.pl\/index.php?rest_route=%2Fwp%2Fv2%2Fcomments&post=37682"}],"version-history":[{"count":0,"href":"https:\/\/kodmalopolska.pl\/index.php?rest_route=\/wp\/v2\/posts\/37682\/revisions"}],"wp:featuredmedia":[{"embeddable":true,"href":"https:\/\/kodmalopolska.pl\/index.php?rest_route=\/wp\/v2\/media\/24583"}],"wp:attachment":[{"href":"https:\/\/kodmalopolska.pl\/index.php?rest_route=%2Fwp%2Fv2%2Fmedia&parent=37682"}],"wp:term":[{"taxonomy":"category","embeddable":true,"href":"https:\/\/kodmalopolska.pl\/index.php?rest_route=%2Fwp%2Fv2%2Fcategories&post=37682"},{"taxonomy":"post_tag","embeddable":true,"href":"https:\/\/kodmalopolska.pl\/index.php?rest_route=%2Fwp%2Fv2%2Ftags&post=37682"}],"curies":[{"name":"wp","href":"https:\/\/api.w.org\/{rel}","templated":true}]}}