{"id":37662,"date":"2024-02-05T22:52:54","date_gmt":"2024-02-05T21:52:54","guid":{"rendered":"https:\/\/kodmalopolska.pl\/?p=37662"},"modified":"2024-02-05T22:52:54","modified_gmt":"2024-02-05T21:52:54","slug":"zanikniecie-felieton-fryderyka-zolla-497","status":"publish","type":"post","link":"https:\/\/kodmalopolska.pl\/?p=37662","title":{"rendered":"Zanikni\u0119cie. Felieton Fryderyka Zolla (497)"},"content":{"rendered":"<h4>Trybuna\u0142 Konstytucyjny jest jednym z najwi\u0119kszych problem\u00f3w pa\u0144stwa prawa. Nie wiadomo, co zrobi\u0107 z t\u0105 instytucj\u0105 poruszaj\u0105c\u0105 si\u0119 ca\u0142kowicie poza prawem.<\/h4>\n<p>Nied\u0142ugo jaki\u015b cz\u0142onek tego gremium wyda zarz\u0105dzenie tymczasowe zakazuj\u0105ce ministrowi Bodnarowi oddychania do czasu, gdy si\u0119 zbada, czy jego oddychanie jest konstytucyjne.<\/p>\n<p>Trybuna\u0142 d\u0142ugo nie orzeka\u0142. Potem dosta\u0142 przyspieszenia. Wydaje z siebie rozstrzygni\u0119cia poza wszelkimi standardami, ska\u017cony udzia\u0142em dubler\u00f3w i kierowany przez wadliwie wybran\u0105 prezes. Pojawiaj\u0105 si\u0119 postulaty, aby usun\u0105\u0107 jedynie dubler\u00f3w, a wyb\u00f3r Krystyny Paw\u0142owicz i Stanis\u0142awa Piotrowicza uzna\u0107 za nielegalny z uwagi na ich wiek. Pomys\u0142y te s\u0105 z\u0142e, cho\u0107 rozhamowana internetowo pani Paw\u0142owicz stale udowadnia, \u017ce w \u017cadnym razie s\u0119dzi\u0105 nie jest. Przepis ustawy o S\u0105dzie Najwy\u017cszym dotycz\u0105cy wieku s\u0119dzi\u00f3w nie mo\u017ce si\u0119 stosowa\u0107 do Trybuna\u0142u Konstytucyjnego, bo s\u0119dziowie s\u0105 tu wybierani na kadencj\u0119.<\/p>\n<p>Konieczne jest stwierdzenie, \u017ce to, co Konstytucja okre\u015bla jako Trybuna\u0142 Konstytucyjny, dzisiaj nie istnieje. Mo\u017cemy sobie wyobrazi\u0107, co by by\u0142o, gdyby s\u0119dziowie TK po prostu uciekli. Konstytucja takiej mo\u017cliwo\u015bci nie przewiduje, a przecie\u017c co\u015b by trzeba w tej sytuacji zrobi\u0107. Obecny stan jest bardzo podobny. Orzekaj\u0105cy o wszystkim i o niczym zesp\u00f3\u0142 mgr Przy\u0142\u0119bskiej \u2013 cz\u0119\u015bciowo nieuznaj\u0105cy szefowej klubu, chyba \u017ce potrzeba polityczna jest akurat inna \u2013 nie jest \u017cadnym s\u0105dem, co sam zreszt\u0105 przyzna\u0142 w jednym ze swoich rozstrzygni\u0119\u0107, kontestuj\u0105c orzeczenia Europejskiego Trybuna\u0142u Praw Cz\u0142owieka.<\/p>\n<p>Dzia\u0142anie takiego niby-TK zagra\u017ca pa\u0144stwu. Nie zmieni tego stwierdzenie o wadliwym wyborze dubler\u00f3w. Pa\u0144stwowe finansowanie tego nies\u0105du jest nielegalne. Trzeba si\u0119 z tym gronem rozsta\u0107 jak najszybciej, w przeciwnym razie pa\u0144stwo poka\u017ce jedynie swoj\u0105 \u015bmieszno\u015b\u0107. Tak, Konstytucja nie reguluje wprost sposobu pozbycia si\u0119 nowotworowych naro\u015bli na systemie prawa. Je\u015bli jednak si\u0119 je pozostawi, porz\u0105dek prawny razem z Konstytucj\u0105 umrze.<\/p>\n<hr class=\"wp-block-separator has-alpha-channel-opacity\" \/>\n<p><em>Felieton jest wyrazem opinii autora. Nie prezentuje stanowiska ZR Ma\u0142opolskie.<\/em><\/p>\n","protected":false},"excerpt":{"rendered":"<p>Trybuna\u0142 Konstytucyjny jest jednym z najwi\u0119kszych problem\u00f3w pa\u0144stwa prawa. Nie wiadomo, co zrobi\u0107 z t\u0105 instytucj\u0105 poruszaj\u0105c\u0105 si\u0119 ca\u0142kowicie poza prawem.<\/p>\n","protected":false},"author":34,"featured_media":24583,"comment_status":"closed","ping_status":"open","sticky":false,"template":"","format":"standard","meta":{"_EventAllDay":false,"_EventTimezone":"","_EventStartDate":"","_EventEndDate":"","_EventStartDateUTC":"","_EventEndDateUTC":"","_EventShowMap":false,"_EventShowMapLink":false,"_EventURL":"","_EventCost":"","_EventCostDescription":"","_EventCurrencySymbol":"","_EventCurrencyCode":"","_EventCurrencyPosition":"","_EventDateTimeSeparator":"","_EventTimeRangeSeparator":"","_EventOrganizerID":[],"_EventVenueID":[],"_OrganizerEmail":"","_OrganizerPhone":"","_OrganizerWebsite":"","_VenueAddress":"","_VenueCity":"","_VenueCountry":"","_VenueProvince":"","_VenueState":"","_VenueZip":"","_VenuePhone":"","_VenueURL":"","_VenueStateProvince":"","_VenueLat":"","_VenueLng":"","_VenueShowMap":false,"_VenueShowMapLink":false,"footnotes":""},"categories":[596],"tags":[],"class_list":["post-37662","post","type-post","status-publish","format-standard","has-post-thumbnail","hentry","category-felietony","felietony"],"_links":{"self":[{"href":"https:\/\/kodmalopolska.pl\/index.php?rest_route=\/wp\/v2\/posts\/37662","targetHints":{"allow":["GET"]}}],"collection":[{"href":"https:\/\/kodmalopolska.pl\/index.php?rest_route=\/wp\/v2\/posts"}],"about":[{"href":"https:\/\/kodmalopolska.pl\/index.php?rest_route=\/wp\/v2\/types\/post"}],"author":[{"embeddable":true,"href":"https:\/\/kodmalopolska.pl\/index.php?rest_route=\/wp\/v2\/users\/34"}],"replies":[{"embeddable":true,"href":"https:\/\/kodmalopolska.pl\/index.php?rest_route=%2Fwp%2Fv2%2Fcomments&post=37662"}],"version-history":[{"count":0,"href":"https:\/\/kodmalopolska.pl\/index.php?rest_route=\/wp\/v2\/posts\/37662\/revisions"}],"wp:featuredmedia":[{"embeddable":true,"href":"https:\/\/kodmalopolska.pl\/index.php?rest_route=\/wp\/v2\/media\/24583"}],"wp:attachment":[{"href":"https:\/\/kodmalopolska.pl\/index.php?rest_route=%2Fwp%2Fv2%2Fmedia&parent=37662"}],"wp:term":[{"taxonomy":"category","embeddable":true,"href":"https:\/\/kodmalopolska.pl\/index.php?rest_route=%2Fwp%2Fv2%2Fcategories&post=37662"},{"taxonomy":"post_tag","embeddable":true,"href":"https:\/\/kodmalopolska.pl\/index.php?rest_route=%2Fwp%2Fv2%2Ftags&post=37662"}],"curies":[{"name":"wp","href":"https:\/\/api.w.org\/{rel}","templated":true}]}}