{"id":37623,"date":"2024-02-03T19:30:47","date_gmt":"2024-02-03T18:30:47","guid":{"rendered":"https:\/\/kodmalopolska.pl\/?p=37623"},"modified":"2024-02-04T11:45:54","modified_gmt":"2024-02-04T10:45:54","slug":"spadek-po-pis-felieton-adama-jaskowa-157","status":"publish","type":"post","link":"https:\/\/kodmalopolska.pl\/?p=37623","title":{"rendered":"Spadek po PiS. Felieton Adama Ja\u015bkowa (157)"},"content":{"rendered":"<h4>Rz\u0105d postanowi\u0142 podnie\u015b\u0107 zasi\u0142ek pogrzebowy, i s\u0142usznie. R\u00f3wnocze\u015bnie jednak powinien uwsp\u00f3\u0142cze\u015bni\u0107 ustaw\u0119 o cmentarzach i chowaniu zmar\u0142ych, kt\u00f3ra z niewielkim zmianami obowi\u0105zuje od 1959 roku, czyli od epoki wczesnego Gomu\u0142ki. Co prawda, umieranie niespecjalnie si\u0119 zmieni\u0142o od tego czasu, ale sposoby grzebania ju\u017c tak. Ja na przyk\u0142ad chcia\u0142bym by\u0107 po \u015bmierci dyskretnie rozsypany. To chyba w sumie najta\u0144szy pogrzeb, a zasi\u0142ek \u2013 podwy\u017cszony \u2013 mo\u017cna by wyda\u0107 na styp\u0119, ta\u0144ce i toasty, z jakim\u015b po\u017cytkiem.<\/h4>\n<p>Wszystkie spadki w Polsce przejmowane s\u0105 z dobrodziejstwem inwentarza, czyli z ograniczon\u0105 odpowiedzialno\u015bci\u0105 za d\u0142ugi. Ta rewolucyjna zmiana kodeksu cywilnego, niejako spadek po koalicji PO-PSL, wesz\u0142a w \u017cycie w pa\u017adzierniku 2015 roku. Poniek\u0105d wi\u0119c PiS (Zjednoczona wyborczo Prawica) przej\u0119\u0142o ca\u0142\u0105 mas\u0119 spadkow\u0105 po rz\u0105dzie Kopacz. Od razu zacz\u0119\u0142o grymasi\u0107 i spadek potraktowa\u0142o bardzo wybi\u00f3rczo. Trzeba jednak przyzna\u0107, \u017ce niekt\u00f3re wzorce post\u0119powania rozwin\u0119\u0142o tw\u00f3rczo niemal do perfekcji. Albo do absurdu. Nic dziwnego, \u017ce nieraz samo si\u0119 gubi\u0142o w \u0142adzie b\u0105d\u017a nie\u0142adzie.<\/p>\n<p>Nie powinno dziwi\u0107, \u017ce nowa koalicja chcia\u0142aby przej\u0105\u0107 spadek po Morawieckim et consortes z dobrodziejstwem inwentarza\u2026 ale si\u0119 nie da. Dosta\u0142a wszystko, opr\u00f3cz oczywi\u015bcie zasob\u00f3w NBP. Cz\u0119\u015b\u0107 maj\u0105tku przeznaczona zosta\u0142a do faktycznej lub pozornej likwidacji, cho\u0107by media publiczne. To znaczy, media dawno temu troch\u0119 publiczne, potem \u201enarodowo\u201d (socjalistyczne?), aktualnie w likwidacji, a niebawem\u2026 Niebawem to si\u0119 oka\u017ce.<\/p>\n<p>Na razie si\u0119 okaza\u0142o, \u017ce telewizja publiczna w likwidacji jest jednak bardziej prywatna ni\u017c publiczna. Prywatne s\u0105 zarobki z publicznych pieni\u0119dzy. Prywatne tematy w telewizji \u015bniadaniowej i prywatna bezmy\u015blno\u015b\u0107 w promowaniu hien rynku mieszkaniowego. To znaczy, przepraszam, hieny s\u0105 dzi\u015b oficjalnie krokutami, bo tak\u0105 nazw\u0119 dosta\u0142y. W sumie mo\u017ce i dobrze, teraz spokojnie mo\u017cemy hienami nazywa\u0107 hieny, zostawiaj\u0105c w spokoju krokuty. Fizycznej likwidacji, niestety bez os\u00f3b zarz\u0105dzaj\u0105cych, ulegnie spora liczba podmiot\u00f3w wysysaj\u0105cych pieni\u0105dze publiczne, dla niepoznaki nazywanych instytutami, na przyk\u0142ad taki Instytut Bada\u0144 nad Barokiem. Jak b\u0119dzie z t\u0105 likwidacj\u0105, zobaczymy, jak nam si\u0119 oka\u017ce.<\/p>\n<p>Nale\u017cy te\u017c przyjrze\u0107 si\u0119 dok\u0142adnie PiS-owskim inwestycjom. Przekop ju\u017c mamy i nic si\u0119 z nim zrobi\u0107 nie da. Tor wodny b\u0119dzie wymaga\u0142 sta\u0142ego pog\u0142\u0119biania. Czy trzeba pog\u0142\u0119bi\u0107 port? Naprawd\u0119 nie wiem, kajaki i \u017cagl\u00f3wki sobie poradz\u0105. Centralny Port Lotniczy \u2013 czy te\u017c centralny kompletny odlot \u2013 nale\u017cy zostawi\u0107 od\u0142ogiem i jeszcze tak przeprojektowa\u0107 kolej du\u017cych pr\u0119dko\u015bci, by obje\u017cd\u017ca\u0142a go \u0142ukiem. Bo kolej du\u017cej, \u015bredniej i ma\u0142ej pr\u0119dko\u015bci jest nam potrzebna. A najbardziej tym, kt\u00f3rzy nie potrzebuj\u0105 jecha\u0107 szybko ani daleko. Tylko do pracy, szko\u0142y i z powrotem.<\/p>\n<p>Za PiS-owskich rz\u0105d\u00f3w znacznie przybli\u017cy\u0142 si\u0119 do realizacji projekt budowy elektrowni j\u0105drowej \u2013 przynajmniej jednej. Trzeba przyzna\u0107, \u017ce cho\u0107 tempo \u017c\u00f3\u0142wie, to i tak uda\u0142o si\u0119 zrobi\u0107 wi\u0119cej ni\u017c za rz\u0105d\u00f3w PO-PSL. Nowe w\u0142adze opr\u00f3cz lokalizacji elektrowni w Lubiatowie dosta\u0142y w spadku ca\u0142y niespiesznie realizowany program energetyki j\u0105drowej. I powinny go realizowa\u0107 z wi\u0119kszym jeszcze zaanga\u017cowaniem ni\u017c PiS. Nowe lokalizacje s\u0105 \u0142atwe do wskazania: to okolice dzia\u0142aj\u0105cych, a w niedalekiej przysz\u0142o\u015bci przeznaczonych do likwidacji elektrowni w\u0119glowych w Be\u0142chatowie, Po\u0142a\u0144cu, Kozienicach. Warto te\u017c pozwoli\u0107 Solorzowi (ZEA PAK \u2013 Konin) na budow\u0119 kolejnej elektrowni oraz kontynuowa\u0107 projekt ma\u0142ych, a w zasadzie \u015brednich elektrowni Orlenu i Synthosu. To bardzo wa\u017cny program uzupe\u0142niaj\u0105cy sie\u0107 du\u017cych elektrowni, w dodatku mog\u0105cy stanowi\u0107 \u017ar\u00f3d\u0142o energii cieplnej dla miast.<\/p>\n<p>Jak si\u0119 jednak okazuje, wst\u0119pnie zatwierdzona lokalizacja jednej z takich elektrowni w Krakowie na terenach Huty Mittala (dawniej Lenina) wypad\u0142a z projektu. W\u0142a\u015bciciel huty wyda\u0142 komunikat, \u017ce nie jest zainteresowany budow\u0105. To bardzo z\u0142a informacja dla Krakowa, przysz\u0142ej elektrowni i hutnik\u00f3w. Mo\u017ce sugerowa\u0107, \u017ce Mittal ju\u017c podj\u0105\u0142 decyzj\u0119 o ostatecznej likwidacji huty w Krakowie i ekologiczna energia elektryczna nie b\u0119dzie mu potrzebna. W 2020 zlikwidowano cz\u0119\u015b\u0107 surowcow\u0105, a bez taniej i ekologicznej energii elektrycznej istnienie walcowni nie jest mo\u017cliwe. Czy uda si\u0119 znale\u017a\u0107 inn\u0105 lokalizacj\u0119 dla ma\u0142ej elektrowni atomowej w Krakowie? Najlepiej na terenach Nowej Huty Przysz\u0142o\u015bci, kt\u00f3rej przysz\u0142o\u015b\u0107 jako\u015b nie bardzo chce nadej\u015b\u0107.<\/p>\n<p>Zagrzebana w przejmowaniu spadku koalicja rz\u0105dz\u0105ca musi szybko przyst\u0105pi\u0107 do rozwi\u0105zywania aktualnych problem\u00f3w i tych, kt\u00f3re pojawi\u0105 si\u0119 na horyzoncie lub ju\u017c wisz\u0105 nad nami w charakterze miecza Damoklesa. Cz\u0119\u015b\u0107 z nich dotyczy ca\u0142ej Europy. Katalonia ju\u017c dzi\u015b przyst\u0119puje do racjonowania wody. Zapewne latem lub wcze\u015bniej ten problem dotknie inne regiony Europy, a kto wie, czy i nie Polsk\u0119. A je\u015bli nawet jeszcze nie w tym roku, to na pewno w kt\u00f3rym\u015b z kolejnych. Zmiany klimatycznie nie b\u0119d\u0105 czeka\u0107, a\u017c nasz rz\u0105d wyjdzie na prost\u0105 i dojrzeje do dzia\u0142a\u0144.<\/p>\n<p>A skoro zacz\u0105\u0142em od spadk\u00f3w, to trzeba sko\u0144czy\u0107 na pogrzebach, cho\u0107 zwykle kolejno\u015b\u0107 jest odwrotna. Rz\u0105d postanowi\u0142 podnie\u015b\u0107 zasi\u0142ek pogrzebowy, i s\u0142usznie. R\u00f3wnocze\u015bnie jednak powinien uwsp\u00f3\u0142cze\u015bni\u0107 ustaw\u0119 o cmentarzach i chowaniu zmar\u0142ych, kt\u00f3ra z niewielkim zmianami obowi\u0105zuje od 1959 roku, czyli od epoki wczesnego Gomu\u0142ki. Co prawda, umieranie niespecjalnie si\u0119 zmieni\u0142o od tego czasu, ale sposoby grzebania ju\u017c tak. Ja na przyk\u0142ad chcia\u0142bym by\u0107 po \u015bmierci dyskretnie rozsypany. To chyba w sumie najta\u0144szy pogrzeb, a zasi\u0142ek \u2013 podwy\u017cszony \u2013 mo\u017cna by wyda\u0107 na styp\u0119, ta\u0144ce i toasty, z jakim\u015b po\u017cytkiem. Inni chcieliby da\u0107 pocz\u0105tek drzewu. Te\u017c \u0142adnie. Niech wi\u0119c na to liberalno-konserwatywno-odrobin\u0119 lewicowy rz\u0105d pozwoli. A grabarze niech zgrzytaj\u0105 z\u0119bami.<\/p>\n<p><em>r\u00f3wnie\u017c na\u00a0<\/em><a href=\"https:\/\/aristoskr.wordpress.com\/\" target=\"_blank\" rel=\"noreferrer noopener\">aristoskr.wordpress.com<\/a><\/p>\n<hr class=\"wp-block-separator has-alpha-channel-opacity\" \/>\n<p><em>Felieton jest wyrazem opinii autora. Nie prezentuje stanowiska ZR<\/em>.<\/p>\n","protected":false},"excerpt":{"rendered":"<p>Rz\u0105d postanowi\u0142 podnie\u015b\u0107 zasi\u0142ek pogrzebowy, i s\u0142usznie. R\u00f3wnocze\u015bnie jednak powinien uwsp\u00f3\u0142cze\u015bni\u0107 ustaw\u0119 o cmentarzach i chowaniu zmar\u0142ych, kt\u00f3ra z niewielkim zmianami obowi\u0105zuje od 1959 roku, czyli od epoki wczesnego Gomu\u0142ki. Co prawda, umieranie niespecjalnie si\u0119 zmieni\u0142o od tego czasu, ale sposoby grzebania ju\u017c tak. Ja na przyk\u0142ad chcia\u0142bym by\u0107 po \u015bmierci dyskretnie rozsypany. To chyba w sumie najta\u0144szy pogrzeb, a zasi\u0142ek \u2013 podwy\u017cszony \u2013 mo\u017cna by wyda\u0107 na styp\u0119, ta\u0144ce i toasty, z jakim\u015b po\u017cytkiem.<\/p>\n","protected":false},"author":34,"featured_media":20415,"comment_status":"closed","ping_status":"open","sticky":false,"template":"","format":"standard","meta":{"_EventAllDay":false,"_EventTimezone":"","_EventStartDate":"","_EventEndDate":"","_EventStartDateUTC":"","_EventEndDateUTC":"","_EventShowMap":false,"_EventShowMapLink":false,"_EventURL":"","_EventCost":"","_EventCostDescription":"","_EventCurrencySymbol":"","_EventCurrencyCode":"","_EventCurrencyPosition":"","_EventDateTimeSeparator":"","_EventTimeRangeSeparator":"","_EventOrganizerID":[],"_EventVenueID":[],"_OrganizerEmail":"","_OrganizerPhone":"","_OrganizerWebsite":"","_VenueAddress":"","_VenueCity":"","_VenueCountry":"","_VenueProvince":"","_VenueState":"","_VenueZip":"","_VenuePhone":"","_VenueURL":"","_VenueStateProvince":"","_VenueLat":"","_VenueLng":"","_VenueShowMap":false,"_VenueShowMapLink":false,"footnotes":""},"categories":[596],"tags":[],"class_list":["post-37623","post","type-post","status-publish","format-standard","has-post-thumbnail","hentry","category-felietony","felietony"],"_links":{"self":[{"href":"https:\/\/kodmalopolska.pl\/index.php?rest_route=\/wp\/v2\/posts\/37623","targetHints":{"allow":["GET"]}}],"collection":[{"href":"https:\/\/kodmalopolska.pl\/index.php?rest_route=\/wp\/v2\/posts"}],"about":[{"href":"https:\/\/kodmalopolska.pl\/index.php?rest_route=\/wp\/v2\/types\/post"}],"author":[{"embeddable":true,"href":"https:\/\/kodmalopolska.pl\/index.php?rest_route=\/wp\/v2\/users\/34"}],"replies":[{"embeddable":true,"href":"https:\/\/kodmalopolska.pl\/index.php?rest_route=%2Fwp%2Fv2%2Fcomments&post=37623"}],"version-history":[{"count":0,"href":"https:\/\/kodmalopolska.pl\/index.php?rest_route=\/wp\/v2\/posts\/37623\/revisions"}],"wp:featuredmedia":[{"embeddable":true,"href":"https:\/\/kodmalopolska.pl\/index.php?rest_route=\/wp\/v2\/media\/20415"}],"wp:attachment":[{"href":"https:\/\/kodmalopolska.pl\/index.php?rest_route=%2Fwp%2Fv2%2Fmedia&parent=37623"}],"wp:term":[{"taxonomy":"category","embeddable":true,"href":"https:\/\/kodmalopolska.pl\/index.php?rest_route=%2Fwp%2Fv2%2Fcategories&post=37623"},{"taxonomy":"post_tag","embeddable":true,"href":"https:\/\/kodmalopolska.pl\/index.php?rest_route=%2Fwp%2Fv2%2Ftags&post=37623"}],"curies":[{"name":"wp","href":"https:\/\/api.w.org\/{rel}","templated":true}]}}