{"id":37588,"date":"2024-01-20T13:45:19","date_gmt":"2024-01-20T12:45:19","guid":{"rendered":"https:\/\/kodmalopolska.pl\/?p=37588"},"modified":"2024-01-20T14:34:18","modified_gmt":"2024-01-20T13:34:18","slug":"czas-wojenny-felieton-fryderyka-zolla-495","status":"publish","type":"post","link":"https:\/\/kodmalopolska.pl\/?p=37588","title":{"rendered":"Czas wojenny. Felieton Fryderyka Zolla (495)"},"content":{"rendered":"<h4>Zaraz min\u0105 dwa lata. Wojna o nasz\u0105 przysz\u0142o\u015b\u0107 toczy si\u0119 w najlepsze.<\/h4>\n<p>Z Ameryki przesta\u0142a p\u0142yn\u0105\u0107 pomoc; z poczuciem fatalizmu czekamy na zwyci\u0119stwo Trumpa. Niemcy nie przekazuj\u0105 taunus\u00f3w, cho\u0107 trzeba przyzna\u0107, \u017ce ich wk\u0142ad jest znacz\u0105cy. Orban si\u0119 waha, czy wycofa\u0107 swoje weto w sprawie finansowego wsparcia Ukrainy. U nas wi\u0119kszo\u015b\u0107 pary idzie w wewn\u0119trzne sprz\u0105tanie po PiS-ie, nieodzowne dla funkcjonowania pa\u0144stwa. Ale czas si\u0119 kurczy.<\/p>\n<p>Coraz g\u0142o\u015bniej s\u0142ycha\u0107 g\u0142osy genera\u0142\u00f3w r\u00f3\u017cnych europejskich armii, \u017ce wojna z Moskali\u0105 jest nieunikniona. Dalsze wydarzenia zale\u017c\u0105 w du\u017cej mierze od nas. Je\u017celi Ukrai\u0144cy nie wygraj\u0105, wojna wybuchnie. A przecie\u017c nie musi. Teraz jest czas krytyczny. Niezb\u0119dna jest dalsza pomoc z naszej strony, czyli ze strony Zachodu, obok koniecznej rozbudowy armii i przygotowywania spo\u0142ecze\u0144stwa do wojny. Czas komfortu min\u0105\u0142. Karnawa\u0142 pokoju si\u0119 sko\u0144czy\u0142.<\/p>\n<p>Polska opr\u00f3\u017cni\u0142a swoje magazyny, ale mog\u0142aby wspom\u00f3c Ukrain\u0119 cho\u0107by masow\u0105 produkcj\u0105 ma\u0142ych dron\u00f3w. Trzeba jak najszybciej zwi\u0119kszy\u0107 produkcj\u0119 amunicji, bo dramatycznie jej brakuje. Niewystarczaj\u0105ce wsparcie kosztuje \u017cycie ukrai\u0144skich \u017co\u0142nierzy i przeci\u0105ga wojn\u0119 w niesko\u0144czono\u015b\u0107. Europa musi przesta\u0107 \u017cy\u0107 w przekonaniu, \u017ce uratuj\u0105 nas Amerykanie. Mo\u017ce uratuj\u0105, a mo\u017ce nie. Realn\u0105 gwarancj\u0119 da Europa, kt\u00f3ra tak\u017ce stanie si\u0119 militarnie silna.<\/p>\n<p>Dobrze, \u017ce minister Sikorski by\u0142 w Kijowie, i dobrze, \u017ce jedzie tam premier Tusk. Dobrze, \u017ce prezydent Duda rozmawia\u0142 w Davos z prezydentem Ze\u0142enskim. Dobrze, \u017ce Francuzi rozkr\u0119caj\u0105 produkcj\u0119 wojenn\u0105 z my\u015bl\u0105 o Ukrainie. Promoskiewska polityka Orbana musi si\u0119 spotka\u0107 ze zdecydowanym odporem. Tej wojny nie wolno odpu\u015bci\u0107 ani o niej zapomnie\u0107. Przypomni o sobie bardzo szybko.<\/p>\n<p>My r\u00f3wnie\u017c powinni\u015bmy pomaga\u0107. Dzi\u0119kuj\u0119 za wp\u0142aty na nasz\u0105 zrzutk\u0119. Otrzymali\u015bmy te\u017c pomoc z Maspexu, za kt\u00f3r\u0105 jestem bardzo wdzi\u0119czny. Kupili\u015bmy ju\u017c mundury i ciep\u0142\u0105 odzie\u017c. Dzi\u0119ki Waszej hojno\u015bci i wsparciu zaraz trafi\u0105 tam, gdzie trzeba.<\/p>\n<p>Taki ju\u017c mamy czas, \u017ce demokracji trzeba broni\u0107 tam nad Dnieprem. Od zwyci\u0119stwa Ukrainy zale\u017cy los demokracji i pok\u00f3j dla naszych dzieci. Dlatego komitet, kt\u00f3ry obron\u0119 demokracji ma w nazwie, musi si\u0119 w te sprawy anga\u017cowa\u0107. I zabiega\u0107 o zjednoczenie si\u0119 spo\u0142ecze\u0144stwa. Przynajmniej w tej sprawie.<\/p>\n<p>PS Zbi\u00f3rka trwa nadal. Prosimy o wp\u0142aty. Staramy si\u0119 na bie\u017c\u0105co organizowa\u0107 dostawy.<\/p>\n<table>\n<tbody>\n<tr>\n<td width=\"160\"><a href=\"https:\/\/fundacjakurtyki.pl\/wsparcie-dla-ukrainy\/\"><img decoding=\"async\" src=\"https:\/\/kodmalopolska.pl\/wp-content\/uploads\/2022\/03\/Wsparcie-dla-Ukrainy-153x80-1.jpg\" alt=\"\" \/><\/a><\/td>\n<td>\u00a0\u00a0Wesprzyj Ukrain\u0119\u00a0<a href=\"https:\/\/fundacjakurtyki.pl\/wsparcie-dla-ukrainy\/\">poprzez Fundacj\u0119 im. Janusza Kurtyki<\/a><br \/>\nlub\u00a0<a href=\"https:\/\/kongreskk.pl\/fundacja\/\">poprzez Fundacj\u0119 na rzecz Kongresu Katoliczek i Katolik\u00f3w<\/a><\/td>\n<td width=\"160\"><a href=\"https:\/\/kongreskk.pl\/fundacja\/\"><img decoding=\"async\" src=\"https:\/\/kodmalopolska.pl\/wp-content\/uploads\/2024\/01\/FundacjaKKK-e1704211837383.jpg\" \/><\/a><\/td>\n<\/tr>\n<\/tbody>\n<\/table>\n<hr class=\"wp-block-separator has-alpha-channel-opacity\" \/>\n<table width=\"100%\">\n<tbody>\n<tr>\n<td>Dost\u0119pna jest tak\u017ce zrzutka na mundury dla ukrai\u0144skich \u017co\u0142nierzy<\/td>\n<td>\n<div><iframe src=\"https:\/\/zrzutka.pl\/nann9n\/widget\/14\" frameborder=\"0\" scrolling=\"no\" data-mce-fragment=\"1\"><\/iframe><\/div>\n<\/td>\n<\/tr>\n<\/tbody>\n<\/table>\n<hr class=\"wp-block-separator has-alpha-channel-opacity\" \/>\n<p><em>Felieton jest wyrazem opinii autora. Nie prezentuje stanowiska ZR Ma\u0142opolskie.<\/em><\/p>\n","protected":false},"excerpt":{"rendered":"<p>Zaraz min\u0105 dwa lata. Wojna o nasz\u0105 przysz\u0142o\u015b\u0107 toczy si\u0119 w najlepsze.<\/p>\n","protected":false},"author":34,"featured_media":29765,"comment_status":"closed","ping_status":"open","sticky":false,"template":"","format":"standard","meta":{"_EventAllDay":false,"_EventTimezone":"","_EventStartDate":"","_EventEndDate":"","_EventStartDateUTC":"","_EventEndDateUTC":"","_EventShowMap":false,"_EventShowMapLink":false,"_EventURL":"","_EventCost":"","_EventCostDescription":"","_EventCurrencySymbol":"","_EventCurrencyCode":"","_EventCurrencyPosition":"","_EventDateTimeSeparator":"","_EventTimeRangeSeparator":"","_EventOrganizerID":[],"_EventVenueID":[],"_OrganizerEmail":"","_OrganizerPhone":"","_OrganizerWebsite":"","_VenueAddress":"","_VenueCity":"","_VenueCountry":"","_VenueProvince":"","_VenueState":"","_VenueZip":"","_VenuePhone":"","_VenueURL":"","_VenueStateProvince":"","_VenueLat":"","_VenueLng":"","_VenueShowMap":false,"_VenueShowMapLink":false,"footnotes":""},"categories":[596],"tags":[],"class_list":["post-37588","post","type-post","status-publish","format-standard","has-post-thumbnail","hentry","category-felietony","felietony"],"_links":{"self":[{"href":"https:\/\/kodmalopolska.pl\/index.php?rest_route=\/wp\/v2\/posts\/37588","targetHints":{"allow":["GET"]}}],"collection":[{"href":"https:\/\/kodmalopolska.pl\/index.php?rest_route=\/wp\/v2\/posts"}],"about":[{"href":"https:\/\/kodmalopolska.pl\/index.php?rest_route=\/wp\/v2\/types\/post"}],"author":[{"embeddable":true,"href":"https:\/\/kodmalopolska.pl\/index.php?rest_route=\/wp\/v2\/users\/34"}],"replies":[{"embeddable":true,"href":"https:\/\/kodmalopolska.pl\/index.php?rest_route=%2Fwp%2Fv2%2Fcomments&post=37588"}],"version-history":[{"count":0,"href":"https:\/\/kodmalopolska.pl\/index.php?rest_route=\/wp\/v2\/posts\/37588\/revisions"}],"wp:featuredmedia":[{"embeddable":true,"href":"https:\/\/kodmalopolska.pl\/index.php?rest_route=\/wp\/v2\/media\/29765"}],"wp:attachment":[{"href":"https:\/\/kodmalopolska.pl\/index.php?rest_route=%2Fwp%2Fv2%2Fmedia&parent=37588"}],"wp:term":[{"taxonomy":"category","embeddable":true,"href":"https:\/\/kodmalopolska.pl\/index.php?rest_route=%2Fwp%2Fv2%2Fcategories&post=37588"},{"taxonomy":"post_tag","embeddable":true,"href":"https:\/\/kodmalopolska.pl\/index.php?rest_route=%2Fwp%2Fv2%2Ftags&post=37588"}],"curies":[{"name":"wp","href":"https:\/\/api.w.org\/{rel}","templated":true}]}}