{"id":37527,"date":"2024-01-08T20:46:13","date_gmt":"2024-01-08T19:46:13","guid":{"rendered":"https:\/\/kodmalopolska.pl\/?p=37527"},"modified":"2024-01-08T20:46:13","modified_gmt":"2024-01-08T19:46:13","slug":"zaczely-sie-schody-felieton-adama-jaskowa-153","status":"publish","type":"post","link":"https:\/\/kodmalopolska.pl\/?p=37527","title":{"rendered":"Zacz\u0119\u0142y si\u0119 schody. Felieton Adama Ja\u015bkowa (153)"},"content":{"rendered":"<h4>Wygl\u0105da na to, \u017ce pani pierwsza prezes S\u0105du Najwy\u017cszego po\u017cyczy\u0142a gar\u015b\u0107 przepis\u00f3w \u2013 nie tylko kulinarnych \u2013 od pani Przy\u0142\u0119bskiej. Obie panie znalaz\u0142y si\u0119 w obozie Andrzeja Dudy, kt\u00f3ry wyrasta na Naczelnego Kucharza Rzeczypospolitej. To w jego Gabinecie Owalnym (lub bardziej jajowatym) znajduje si\u0119 k\u0142\u0119buszek, do kt\u00f3rego wydaj\u0105 si\u0119 prowadzi\u0107 wszystkie nici. Tam w wielkim garze warzy si\u0119 nasz narodowy bigos. Albo piwo. Niezale\u017cnie od tego, kto b\u0119dzie je musia\u0142 wypi\u0107, kaca i tak b\u0119dziemy mieli wszyscy. A mo\u017ce i przedterminowe wybory.<\/h4>\n<p>Wraz z rozwojem demokracji konflikt polityczny si\u0119 zaostrza \u2013 tak mo\u017cna by strawestowa\u0107 Josifa Wissarionowicza. A poniewa\u017c najbardziej generalnego z sekretarzy cytuj\u0105 wszyscy od prawej \u015bciany do lewej, a nawet i ci zza \u015bcian, to pewnie mia\u0142 racj\u0119. Ci, kt\u00f3rzy \u017cywili z\u0142udzenia, \u017ce ja\u015bnie nam panuj\u0105cy prezydent Andrzej Duda oka\u017ce si\u0119 nagle wierny duchowi Konstytucji, sami chyba wierz\u0105 w duchy. Owszem, PAD powiedzia\u0142 ostatnio, \u017ce b\u0119dzie sta\u0142 na stra\u017cy Konstytucji, ale konsylium satyryk\u00f3w stwierdzi\u0142o, \u017ce to kiepski \u017cart, a nawet jakby nieco denny.<\/p>\n<p>W prezydenta wydaje si\u0119 najbardziej wierzy\u0107 marsza\u0142ek Ho\u0142ownia, co poniek\u0105d zrozumia\u0142e, bo jest cz\u0142owiekiem g\u0142\u0119boko wierz\u0105cym. Tak si\u0119 jednak nieszcz\u0119\u015bliwie sk\u0142ada dla chyba ju\u017c by\u0142ych pos\u0142\u00f3w (gdy to pisz\u0119, jeszcze przez \u201echwil\u0119\u201d maj\u0105cych mandaty w gar\u015bci), \u017ce w prezydenta nie wierzy s\u0105d \u2013 ale nie najwy\u017cszy \u2013 ani zapewne minister spraw wewn\u0119trznych. B\u0119dziemy mieli wi\u0119c faktycznie pierwszych wi\u0119\u017ani\u00f3w politycznych, cho\u0107 b\u0119d\u0105 siedzie\u0107 nie za pogl\u0105dy, ale za przest\u0119pstwa polityczne, za taki ma\u0142y zamach stanu. Zamach by\u0142 nieudany, cho\u0107 przecie\u017c wcale nie pierwszy. Internet pami\u0119ta spraw\u0119 oskar\u017ce\u0144 wobec J\u00f3zefa Oleksego, a przynajmniej powinni j\u0105 pami\u0119ta\u0107 ludzie, zw\u0142aszcza Andrzej Milczanowski. Oleksy zosta\u0142 oczyszczony z pom\u00f3wie\u0144, ale ca\u0142a sprawa odbi\u0142a si\u0119 na wynikach wybor\u00f3w w 1997 roku.<\/p>\n<p>Po raz drugi pos\u0142u\u017cono si\u0119 tak\u0105 prowokacj\u0105 w 2005 roku tu\u017c przed wyborami prezydenckimi. Wykorzystano Ann\u0119 Jaruck\u0105 do skompromitowania W\u0142odzimierza Cimoszewicza, \u00f3wczesnego marsza\u0142ka Sejmu i kandydata SLD w wyborach prezydenckich. Jego te\u017c oczyszczono z zarzut\u00f3w, a koz\u0142em\/owc\u0105 ofiarn\u0105 zosta\u0142a Jarucka. Animatorom afery, panom Brochwiczowi i Konstantemu Miodowiczowi, w\u0142os z g\u0142\u00f3w nie spad\u0142. A wybory wygra\u0142 Lech Kaczy\u0144ski, pokonuj\u0105c w drugiej turze Donalda Tuska. W jednym z ostatnich sonda\u017cy wykonanych przed wycofaniem si\u0119 Cimoszewicza z kandydowania marsza\u0142ek uzyska\u0142 wynik 31%, a jego przewaga nad drugim w tym rankingu Lechem Kaczy\u0144skim wynosi\u0142a 11%. Kaczy\u0144ski powinien chyba by\u0107 wdzi\u0119czny panom Brochwiczowi i Miodowiczowi.<\/p>\n<p>Trzeba przyzna\u0107, \u017ce akcja pan\u00f3w W\u0105sika i Kami\u0144skiego mia\u0142a du\u017co wi\u0119kszy rozmach. Wykona\u0107 prowokacj\u0119, kt\u00f3ra mia\u0142a obali\u0107 Andrzeja Leppera, urz\u0119duj\u0105cego wicepremiera, to jednak co\u015b powa\u017cniejszego. I mo\u017ce dlatego dosi\u0119g\u0142a ich kara wymierzona przez s\u0105d, cho\u0107 z op\u00f3\u017anieniem i na raty jakby.<\/p>\n<p>Prezydent Duda (taki <em>brejking njus<\/em>) powiedzia\u0142 marsza\u0142kowi Ho\u0142owni, \u017ce \u201ejedynym rozs\u0105dnym rozwi\u0105zaniem jest po prostu zamkni\u0119cie tej sprawy po to, by niepokoje, kt\u00f3re w zwi\u0105zku z tym naros\u0142y, nie rozprzestrzenia\u0142y si\u0119 dalej\u201d (za \u201eRzeczpospolit\u0105\u201d). Marsza\u0142ek Ho\u0142ownia skomentowa\u0142: \u201eca\u0142a rozmowa toczy\u0142a si\u0119 w poczuciu odpowiedzialno\u015bci za pa\u0144stwo\u201d. No c\u00f3\u017c, w mojej opinii ten zarzut, \u017ce Duda ma poczucie odpowiedzialno\u015bci za pa\u0144stwo, nie obroni\u0142by si\u0119 nawet przed S\u0105dem Ostatecznym, a co dopiero S\u0105dem Najwy\u017cszym.<\/p>\n<p>S\u0105d (ten karny) w pewnym sensie zrealizowa\u0142 sugesti\u0119 urz\u0119duj\u0105cego nieustannie prezydenta, wydaj\u0105c nakazy aresztowania skazanych pos\u0142\u00f3w. To faktycznie powinno zamkn\u0105\u0107 spraw\u0119. Nie zako\u0144czy to jednak stanu niewypowiedzianej wojny pomi\u0119dzy obozem Zjednoczonej (z prezydentem) Prawicy a koalicj\u0105 aktualnie pr\u00f3buj\u0105c\u0105 rz\u0105dzi\u0107. Wojna b\u0119dzie si\u0119 rozgrywa\u0107 na wielu obszarach, polaryzuj\u0105c i parali\u017cuj\u0105c instytucje pa\u0144stwa. Mamy ju\u017c tego dow\u00f3d w S\u0105dzie Najwy\u017cszym, kt\u00f3ry dzia\u0142a nieco jak Atrakcyjny Kazimierz: troch\u0119 jako m\u0105\u017c, a troch\u0119 jako nie-m\u0105\u017c.<\/p>\n<p>Wygl\u0105da na to, \u017ce pani pierwsza prezes S\u0105du Najwy\u017cszego po\u017cyczy\u0142a gar\u015b\u0107 przepis\u00f3w \u2013 nie tylko kulinarnych \u2013 od pani Przy\u0142\u0119bskiej. Obie panie znalaz\u0142y si\u0119 w obozie Andrzeja Dudy, kt\u00f3ry wyrasta na Naczelnego Kucharza Rzeczypospolitej. To w jego Gabinecie Owalnym (lub bardziej jajowatym) znajduje si\u0119 k\u0142\u0119buszek, do kt\u00f3rego wydaj\u0105 si\u0119 prowadzi\u0107 wszystkie nici. Tam w wielkim garze warzy si\u0119 nasz narodowy bigos. Albo piwo. Niezale\u017cnie od tego, kto b\u0119dzie je musia\u0142 wypi\u0107, kaca i tak b\u0119dziemy mieli wszyscy. A mo\u017ce i przedterminowe wybory.<\/p>\n<p><em>r\u00f3wnie\u017c na\u00a0<\/em><a href=\"https:\/\/aristoskr.wordpress.com\/\" target=\"_blank\" rel=\"noreferrer noopener\">aristoskr.wordpress.com<\/a><\/p>\n<hr class=\"wp-block-separator has-alpha-channel-opacity\" \/>\n<p><em>Felieton jest wyrazem opinii autora. Nie prezentuje stanowiska ZR<\/em>.<\/p>\n","protected":false},"excerpt":{"rendered":"<p>Wygl\u0105da na to, \u017ce pani pierwsza prezes S\u0105du Najwy\u017cszego po\u017cyczy\u0142a gar\u015b\u0107 przepis\u00f3w \u2013 nie tylko kulinarnych \u2013 od pani Przy\u0142\u0119bskiej. Obie panie znalaz\u0142y si\u0119 w obozie Andrzeja Dudy, kt\u00f3ry wyrasta na Naczelnego Kucharza Rzeczypospolitej. To w jego Gabinecie Owalnym (lub bardziej jajowatym) znajduje si\u0119 k\u0142\u0119buszek, do kt\u00f3rego wydaj\u0105 si\u0119 prowadzi\u0107 wszystkie nici. Tam w wielkim garze warzy si\u0119 nasz narodowy bigos. Albo piwo. Niezale\u017cnie od tego, kto b\u0119dzie je musia\u0142 wypi\u0107, kaca i tak b\u0119dziemy mieli wszyscy. A mo\u017ce i przedterminowe wybory.<\/p>\n","protected":false},"author":34,"featured_media":20415,"comment_status":"closed","ping_status":"open","sticky":false,"template":"","format":"standard","meta":{"_EventAllDay":false,"_EventTimezone":"","_EventStartDate":"","_EventEndDate":"","_EventStartDateUTC":"","_EventEndDateUTC":"","_EventShowMap":false,"_EventShowMapLink":false,"_EventURL":"","_EventCost":"","_EventCostDescription":"","_EventCurrencySymbol":"","_EventCurrencyCode":"","_EventCurrencyPosition":"","_EventDateTimeSeparator":"","_EventTimeRangeSeparator":"","_EventOrganizerID":[],"_EventVenueID":[],"_OrganizerEmail":"","_OrganizerPhone":"","_OrganizerWebsite":"","_VenueAddress":"","_VenueCity":"","_VenueCountry":"","_VenueProvince":"","_VenueState":"","_VenueZip":"","_VenuePhone":"","_VenueURL":"","_VenueStateProvince":"","_VenueLat":"","_VenueLng":"","_VenueShowMap":false,"_VenueShowMapLink":false,"footnotes":""},"categories":[596],"tags":[],"class_list":["post-37527","post","type-post","status-publish","format-standard","has-post-thumbnail","hentry","category-felietony","felietony"],"_links":{"self":[{"href":"https:\/\/kodmalopolska.pl\/index.php?rest_route=\/wp\/v2\/posts\/37527","targetHints":{"allow":["GET"]}}],"collection":[{"href":"https:\/\/kodmalopolska.pl\/index.php?rest_route=\/wp\/v2\/posts"}],"about":[{"href":"https:\/\/kodmalopolska.pl\/index.php?rest_route=\/wp\/v2\/types\/post"}],"author":[{"embeddable":true,"href":"https:\/\/kodmalopolska.pl\/index.php?rest_route=\/wp\/v2\/users\/34"}],"replies":[{"embeddable":true,"href":"https:\/\/kodmalopolska.pl\/index.php?rest_route=%2Fwp%2Fv2%2Fcomments&post=37527"}],"version-history":[{"count":0,"href":"https:\/\/kodmalopolska.pl\/index.php?rest_route=\/wp\/v2\/posts\/37527\/revisions"}],"wp:featuredmedia":[{"embeddable":true,"href":"https:\/\/kodmalopolska.pl\/index.php?rest_route=\/wp\/v2\/media\/20415"}],"wp:attachment":[{"href":"https:\/\/kodmalopolska.pl\/index.php?rest_route=%2Fwp%2Fv2%2Fmedia&parent=37527"}],"wp:term":[{"taxonomy":"category","embeddable":true,"href":"https:\/\/kodmalopolska.pl\/index.php?rest_route=%2Fwp%2Fv2%2Fcategories&post=37527"},{"taxonomy":"post_tag","embeddable":true,"href":"https:\/\/kodmalopolska.pl\/index.php?rest_route=%2Fwp%2Fv2%2Ftags&post=37527"}],"curies":[{"name":"wp","href":"https:\/\/api.w.org\/{rel}","templated":true}]}}