{"id":37405,"date":"2023-12-22T22:27:44","date_gmt":"2023-12-22T21:27:44","guid":{"rendered":"https:\/\/kodmalopolska.pl\/?p=37405"},"modified":"2023-12-22T22:27:44","modified_gmt":"2023-12-22T21:27:44","slug":"media-narodowe-i-inne-felieton-adama-jaskowa-151","status":"publish","type":"post","link":"https:\/\/kodmalopolska.pl\/?p=37405","title":{"rendered":"Media narodowe i inne. Felieton Adama Ja\u015bkowa (151)"},"content":{"rendered":"<h4>Do rzetelnego przekazywania w miar\u0119 obiektywnych informacji o \u015bwiecie w\u0142adcy medi\u00f3w musieliby dojrze\u0107, mie\u0107 na to ochot\u0119 i dostrzec w tym sw\u00f3j interes. Na razie interes dostrzegaj\u0105 w czym\u015b innym. A media publiczne, przynajmniej na pocz\u0105tek, niech prezentuj\u0105 zniuansowany przekaz rzeczywisto\u015bci, uwzgl\u0119dniaj\u0105cy cho\u0107by najwa\u017cniejsze r\u00f3\u017cnice. Bo dostrze\u017cenie podstawowych realnych konflikt\u00f3w interes\u00f3w to pierwszy krok w stron\u0119 obiektywizmu. Nawet gdyby to by\u0142 jedyny wykonany krok, to i tak mieliby\u015bmy do czynienia z post\u0119pem.<\/h4>\n<p>Woda, kanalizacja, pr\u0105d, gaz, Internet, prasa, radio i telewizja \u2013 wszystko to razem nazywamy mediami. Mo\u017ce si\u0119 pomiesza\u0107. Jeszcze gorzej, gdy media mieszaj\u0105 si\u0119 mi\u0119dzy sob\u0105. A jeszcze gorzej, gdy kto\u015b kaduceusz chwyci, rz\u0105dzi, m\u0105ci nim wod\u0119 i narodow\u0105 kad\u017a, serca truje i rozum odbiera. Od wesela do \u201eWesela\u201d. Albo od Sylwestra marze\u0144 do Sylwestra Marze\u0144.<\/p>\n<p>Z mediami miewamy problemy mniejsze lub wi\u0119ksze. A to rura zamarznie, a to wicher zerwie przew\u00f3d, a to warszawskie \u015bcieki zatruj\u0105 Wis\u0142\u0119. Zreszt\u0105 Wis\u0142a zatruwana jest od \u017ar\u00f3de\u0142 po Ba\u0142tyk. Tak samo Odra. Wszyscy dorzucamy si\u0119 do zatruwania. Jak kto\u015b nie ma rzeki, to przynajmniej stara si\u0119 zatru\u0107 powietrze.<\/p>\n<p>Mamy bardzo niski poziom odpowiedzialno\u015bci za czyny i wysoki poziom samozadowolenia. Nie zmieniaj\u0105 tego nawet popularne akcje humanitarne, bo mi\u0119dzy innymi podnosz\u0105 poziom samozadowolenia.<\/p>\n<p>Wysoki poziom samozadowolenia deklaruj\u0105 r\u00f3wnie\u017c pracownicy medi\u00f3w, przynajmniej ci, kt\u00f3rzy nie boj\u0105 si\u0119 niczego deklarowa\u0107. W zasadzie poziom samozadowolenia to jedyne, co jest wysokie w polskich mediach, je\u015bli zaw\u0119zi\u0107 ten termin do medi\u00f3w masowych (<em>mass medi\u00f3w<\/em>), czyli medi\u00f3w masowego przekazu. Parafrazuj\u0105c, s\u0105 to media przekazuj\u0105ce wielk\u0105 mas\u0119 informacji o zadziwiaj\u0105co niskiej jako\u015bci. Ta definicja by\u0142a aktualna na d\u0142ugo przed upowszechnieniem Internetu i tzw. medi\u00f3w spo\u0142eczno\u015bciowych.<\/p>\n<p>Powszechna tabloidyzacja medi\u00f3w \u2013 jak si\u0119 \u0142adnie nazywa zidiocenie tre\u015bci i traktowanie odbiorc\u00f3w, jakby niemal nie posiadali inteligencji \u2013 obj\u0119\u0142a wszystkie polskie media bez wzgl\u0119du na form\u0119 przekazu. Nale\u017cy wi\u0119c doceni\u0107 wysi\u0142ek, jaki w\u0142o\u017cyli w swoj\u0105 prac\u0119 nominaci PiS-u w mediach zwanych publicznymi: byli w stanie znacz\u0105co obni\u017cy\u0107 poziom dna, na kt\u00f3rym przeci\u0119tnie funkcjonowa\u0142y og\u00f3lnie media. W zasadzie wszystko, co mo\u017cna znale\u017a\u0107 na TikToku, by\u0142o w TVP jeszcze przed TikTokiem.<\/p>\n<p>Czy media publiczne i w og\u00f3le <em>mass media<\/em> maj\u0105 szans\u0119 na odnowienie? Dziennikarze przychodz\u0105cy teraz do medi\u00f3w publicznych przychodz\u0105 z medi\u00f3w, kt\u00f3rym czasem mo\u017cna by\u0142o \u201ezarzuci\u0107\u201d bezstronno\u015b\u0107, ale do \u201ezarzucenia\u201d obiektywizmu nie znalaz\u0142bym podstaw. Oczywi\u015bcie, mo\u017cna powiedzie\u0107 (i napisa\u0107), \u017ce obiektywizm nie jest w og\u00f3le mo\u017cliwy. Owszem, ale mo\u017cna i nale\u017cy zachowywa\u0107 co\u015b, co nazywamy nale\u017cyt\u0105 staranno\u015bci\u0105, rzetelno\u015bci\u0105 i jawno\u015bci\u0105 przekazu \u2013 tym bardziej \u017ce pozbawiona tych cech \u201ebezstronno\u015b\u0107\u201d mo\u017ce by\u0107 r\u00f3wnie nieobiektywna jak stronniczo\u015b\u0107.<\/p>\n<p>Do rzetelnego przekazywania w miar\u0119 obiektywnych informacji o \u015bwiecie w\u0142adcy medi\u00f3w musieliby dojrze\u0107, mie\u0107 na to ochot\u0119 i dostrzec w tym sw\u00f3j interes. Na razie interes dostrzegaj\u0105 w czym\u015b innym. A media publiczne, przynajmniej na pocz\u0105tek, niech prezentuj\u0105 zniuansowany przekaz rzeczywisto\u015bci, uwzgl\u0119dniaj\u0105cy cho\u0107by najwa\u017cniejsze r\u00f3\u017cnice. Bo dostrze\u017cenie podstawowych realnych konflikt\u00f3w interes\u00f3w to pierwszy krok w stron\u0119 obiektywizmu. Nawet gdyby to by\u0142 jedyny wykonany krok, to i tak mieliby\u015bmy do czynienia z post\u0119pem.<\/p>\n<p>A na koniec kilka cynicznych uwag w kwestii \u201eodbicia\u201d TVP. Zbrojne przej\u0119cia czyni si\u0119 o \u015bwicie, gdy oponenci i pos\u0142owie zwykle jeszcze \u015bpi\u0105. Chyba jednak wtedy \u015bpi\u0105 r\u00f3wnie\u017c mecenasi i wi\u0119kszo\u015b\u0107 Warszawy. Gdyby ca\u0142\u0105 akcj\u0119 przeprowadzono przed jutrzni\u0105, po jutrzni by si\u0119 sko\u0144czy\u0142a, a odbita TVP nie tylko zd\u0105\u017cy\u0142aby zrobi\u0107 nowy Teleekspres, ale mo\u017ce nawet nada\u0107 znowu Teleranek. A tu by\u0142 tylko komunikat o ko\u0144cu epoki zak\u0142\u00f3ce\u0144 i wypacze\u0144. No c\u00f3\u017c, pierwsze koty j\u0119cz\u0105 za p\u0142otem. Teraz pora na Orlengate i Orlenpress. Czekam na to jak kania d\u017cd\u017cu i nadredaktor Kania apana\u017cy.<\/p>\n<p>Wszystkich czytelnik\u00f3w przepraszam za sta\u0142\u0105 irytacj\u0119, niewygody i zmuszanie do my\u015blenia. \u017bycz\u0119 mi\u0142ych (tele)wizji na \u015bwi\u0119ta i do siego roku.<\/p>\n<p>Wasz ulubiony golibroda z brzytw\u0105 po\u017cyczon\u0105 od Ockhama.<\/p>\n<p><em>r\u00f3wnie\u017c na\u00a0<\/em><a href=\"https:\/\/aristoskr.wordpress.com\/\" target=\"_blank\" rel=\"noreferrer noopener\">aristoskr.wordpress.com<\/a><\/p>\n<hr class=\"wp-block-separator has-alpha-channel-opacity\" \/>\n<p><em>Felieton jest wyrazem opinii autora. Nie prezentuje stanowiska ZR<\/em>.<\/p>\n","protected":false},"excerpt":{"rendered":"<p>Do rzetelnego przekazywania w miar\u0119 obiektywnych informacji o \u015bwiecie w\u0142adcy medi\u00f3w musieliby dojrze\u0107, mie\u0107 na to ochot\u0119 i dostrzec w tym sw\u00f3j interes. Na razie interes dostrzegaj\u0105 w czym\u015b innym. A media publiczne, przynajmniej na pocz\u0105tek, niech prezentuj\u0105 zniuansowany przekaz rzeczywisto\u015bci, uwzgl\u0119dniaj\u0105cy cho\u0107by najwa\u017cniejsze r\u00f3\u017cnice. Bo dostrze\u017cenie podstawowych realnych konflikt\u00f3w interes\u00f3w to pierwszy krok w stron\u0119 obiektywizmu. Nawet gdyby to by\u0142 jedyny wykonany krok, to i tak mieliby\u015bmy do czynienia z post\u0119pem.<\/p>\n","protected":false},"author":34,"featured_media":20415,"comment_status":"closed","ping_status":"open","sticky":false,"template":"","format":"standard","meta":{"_EventAllDay":false,"_EventTimezone":"","_EventStartDate":"","_EventEndDate":"","_EventStartDateUTC":"","_EventEndDateUTC":"","_EventShowMap":false,"_EventShowMapLink":false,"_EventURL":"","_EventCost":"","_EventCostDescription":"","_EventCurrencySymbol":"","_EventCurrencyCode":"","_EventCurrencyPosition":"","_EventDateTimeSeparator":"","_EventTimeRangeSeparator":"","_EventOrganizerID":[],"_EventVenueID":[],"_OrganizerEmail":"","_OrganizerPhone":"","_OrganizerWebsite":"","_VenueAddress":"","_VenueCity":"","_VenueCountry":"","_VenueProvince":"","_VenueState":"","_VenueZip":"","_VenuePhone":"","_VenueURL":"","_VenueStateProvince":"","_VenueLat":"","_VenueLng":"","_VenueShowMap":false,"_VenueShowMapLink":false,"footnotes":""},"categories":[596],"tags":[],"class_list":["post-37405","post","type-post","status-publish","format-standard","has-post-thumbnail","hentry","category-felietony","felietony"],"_links":{"self":[{"href":"https:\/\/kodmalopolska.pl\/index.php?rest_route=\/wp\/v2\/posts\/37405","targetHints":{"allow":["GET"]}}],"collection":[{"href":"https:\/\/kodmalopolska.pl\/index.php?rest_route=\/wp\/v2\/posts"}],"about":[{"href":"https:\/\/kodmalopolska.pl\/index.php?rest_route=\/wp\/v2\/types\/post"}],"author":[{"embeddable":true,"href":"https:\/\/kodmalopolska.pl\/index.php?rest_route=\/wp\/v2\/users\/34"}],"replies":[{"embeddable":true,"href":"https:\/\/kodmalopolska.pl\/index.php?rest_route=%2Fwp%2Fv2%2Fcomments&post=37405"}],"version-history":[{"count":0,"href":"https:\/\/kodmalopolska.pl\/index.php?rest_route=\/wp\/v2\/posts\/37405\/revisions"}],"wp:featuredmedia":[{"embeddable":true,"href":"https:\/\/kodmalopolska.pl\/index.php?rest_route=\/wp\/v2\/media\/20415"}],"wp:attachment":[{"href":"https:\/\/kodmalopolska.pl\/index.php?rest_route=%2Fwp%2Fv2%2Fmedia&parent=37405"}],"wp:term":[{"taxonomy":"category","embeddable":true,"href":"https:\/\/kodmalopolska.pl\/index.php?rest_route=%2Fwp%2Fv2%2Fcategories&post=37405"},{"taxonomy":"post_tag","embeddable":true,"href":"https:\/\/kodmalopolska.pl\/index.php?rest_route=%2Fwp%2Fv2%2Ftags&post=37405"}],"curies":[{"name":"wp","href":"https:\/\/api.w.org\/{rel}","templated":true}]}}