{"id":37398,"date":"2023-12-22T22:30:10","date_gmt":"2023-12-22T21:30:10","guid":{"rendered":"https:\/\/kodmalopolska.pl\/?p=37398"},"modified":"2023-12-22T22:32:26","modified_gmt":"2023-12-22T21:32:26","slug":"laska-felieton-fryderyka-zolla-490","status":"publish","type":"post","link":"https:\/\/kodmalopolska.pl\/?p=37398","title":{"rendered":"\u0141aska. Felieton Fryderyka Zolla (490)"},"content":{"rendered":"<h4>Problem z u\u0142askawieniem dw\u00f3ch przest\u0119pc\u00f3w, z kt\u00f3rymi prezydent pstrykn\u0105\u0142 sobie pami\u0105tkowe zdj\u0119cie, jest prostszy lub \u2013 jak kto woli \u2013 bardziej z\u0142o\u017cony, ni\u017c si\u0119 to wydaje.<\/h4>\n<p>W 2015 roku kwestia, czy prezydent mo\u017ce u\u0142askawi\u0107 osob\u0119 jeszcze nieskazan\u0105, by\u0142a z prawnego punktu widzenia otwarta. Podr\u0119cznik procedury karnej prof. Stanis\u0142awa Waltosia w wydaniu z tamtych czas\u00f3w dopuszcza\u0142 tak\u0105 mo\u017cliwo\u015b\u0107 (p\u00f3\u017aniej autor odst\u0105pi\u0142 od tego pogl\u0105du). Wbrew temu, co si\u0119 s\u0142yszy i czyta w wypowiedziach r\u00f3\u017cnych polityk\u00f3w i dziennikarzy strony demokratycznej, tak szeroko uj\u0119te prawo \u0142aski nie jest absolutnie nielogiczne. Przys\u0142uguje ono \u2013 w\u0142a\u015bnie w takim szerokim uj\u0119ciu \u2013 na przyk\u0142ad prezydentowi USA. I mimo owej nielogiczno\u015bci USA trwaj\u0105 nadal, ich system si\u0119 nie za\u0142ama\u0142. Jest to jaka\u015b reminiscencja monarszego, niczym nieograniczonego prawa \u0142aski. Odmienna wyk\u0142adnia, kt\u00f3r\u0105 przyj\u0105\u0142 S\u0105d Najwy\u017cszy, jest absolutnie dopuszczalna, bardziej odpowiadaj\u0105ca demokratycznemu pa\u0144stwu prawa. Prezydent Duda jednak, udzielaj\u0105c w 2015 roku prawa \u0142aski osobom jeszcze nieskazanym, m\u00f3g\u0142 uwa\u017ca\u0107, \u017ce tak\u0105 kompetencj\u0119 ma, co nie jest bez znaczenia dla jego ewentualnej odpowiedzialno\u015bci.<\/p>\n<p>Je\u017celi istniej\u0105 w\u0105tpliwo\u015bci tego rodzaju, w konkretnej sprawie mo\u017cna je usun\u0105\u0107 jedynie przez orzeczenie s\u0105du, a tak\u017ce formalne zwi\u0105zanie wszystkich organ\u00f3w pa\u0144stwa prawomocnym wyrokiem. Kto\u015b m\u00f3g\u0142by twierdzi\u0107, \u017ce po my\u015bli prezydenta orzek\u0142 tak\u017ce Trybuna\u0142 Przy\u0142\u0119bski. Owszem, orzek\u0142, ale poza wszelk\u0105 kompetencj\u0105. Trybuna\u0142 rzekomo rozstrzygn\u0105\u0142 sp\u00f3r kompetencyjny mi\u0119dzy prezydentem a S\u0105dem Najwy\u017cszym. Sporu takiego nie by\u0142o. S\u0105d Najwy\u017cszy nigdy nie twierdzi\u0142, \u017ce posiada kompetencje do udzielania prawa \u0142aski, a Trybuna\u0142 m\u00f3g\u0142by tu ewentualnie orzeka\u0107 tylko w tej kwestii. To, \u017ce orzeka\u0142 o czym\u015b innym, nie ma znaczenia. Istnienie Trybuna\u0142u Przy\u0142\u0119bskiego oznacza brak Trybuna\u0142u Konstytucyjnego, kt\u00f3ry nowa w\u0142adza musi zorganizowa\u0107 od podstaw.<\/p>\n<p>Pozostaj\u0105 zatem jedynie wyroki s\u0105d\u00f3w powszechnych i S\u0105du Najwy\u017cszego. Spo\u015br\u00f3d dw\u00f3ch mo\u017cliwych interpretacji dotycz\u0105cych prawa \u0142aski S\u0105d Najwy\u017cszy wybra\u0142 t\u0119 w\u0119\u017csz\u0105, w my\u015bl kt\u00f3rej u\u0142askawi\u0107 mo\u017cna jedynie osob\u0119 skazan\u0105 prawomocnym wyrokiem. To pogl\u0105d bardziej przekonuj\u0105cy, wyra\u017cany na og\u00f3\u0142 w nauce prawa. Orzekaj\u0105cy s\u0105d powszechny by\u0142 pogl\u0105dem S\u0105du Najwy\u017cszego zwi\u0105zany (tutaj prezydent, podwa\u017caj\u0105c niezawis\u0142o\u015b\u0107 s\u0119dzi\u00f3w z uwagi na ich cz\u0142onkostwo w legalnych zwi\u0105zkach s\u0119dziowskich broni\u0105cych niezale\u017cno\u015bci, naruszy\u0142 godno\u015b\u0107 swojego urz\u0119du). S\u0105d powszechny nie m\u00f3g\u0142 uwzgl\u0119dni\u0107 prawa \u0142aski niezale\u017cnie od w\u0142asnego pogl\u0105du w tej sprawie.<\/p>\n<p>Prawomocnym wyrokiem zwi\u0105zany jest tak\u017ce marsza\u0142ek Ho\u0142ownia: niezale\u017cnie od tego, co s\u0105dzi o prawie \u0142aski, musi stwierdzi\u0107 wyga\u015bni\u0119cie mandatu. Niczego innego nie mo\u017ce orzec S\u0105d Najwy\u017cszy, kt\u00f3ry b\u0119dzie ocenia\u0142 postanowienie marsza\u0142ka. S\u0105d Najwy\u017cszy nie ocenia prawid\u0142owo\u015bci orzeczenia s\u0105du powszechnego, ale to, czy zaistnia\u0142a przes\u0142anka prawomocnego skazania. Oczywi\u015bcie, poniewa\u017c orzeka\u0107 b\u0119dzie nielegalna Izba Tego i Owego, spodziewa\u0107 si\u0119 mo\u017cna prawniczych cud\u00f3w. Uchylenie wyroku zapad\u0142ego w sprawie dw\u00f3ch pan\u00f3w przest\u0119pc\u00f3w mo\u017ce nast\u0105pi\u0107 orzeczeniem S\u0105du Najwy\u017cszego (Izba Karna) w wyniku kasacji (wywo\u0142a\u0142oby to problem oceny wyga\u015bni\u0119cia mandat\u00f3w).<\/p>\n<p>Rozmontowanie wymiaru sprawiedliwo\u015bci przez PiS mia\u0142o oznacza\u0107, \u017ce nic nie jest ostateczne i wszystko mo\u017cna nagina\u0107 tak, aby na koniec uzyska\u0107 swoje. Prawo i pa\u0144stwo tak nie dzia\u0142aj\u0105. Dla oceny wygaszenia mandat\u00f3w nie ma znaczenia, kt\u00f3ry pogl\u0105d na prawo \u0142aski jest trafny. S\u0105d o prawie \u0142aski wiedzia\u0142, fakt ten oceni\u0142 i wyda\u0142 prawomocny wyrok. W tej sprawie wi\u0105\u017ce on wszystkich, dop\u00f3ki w odpowiednim post\u0119powaniu nie zostanie uchylony. Doktor Uniwersytetu Jagiello\u0144skiego Andrzej Duda powinien o tym wiedzie\u0107.<\/p>\n<hr class=\"wp-block-separator has-alpha-channel-opacity\" \/>\n<p><em>Felieton jest wyrazem opinii autora. Nie prezentuje stanowiska ZR Ma\u0142opolskie.<\/em><\/p>\n","protected":false},"excerpt":{"rendered":"<p>Problem z u\u0142askawieniem dw\u00f3ch przest\u0119pc\u00f3w, z kt\u00f3rymi prezydent pstrykn\u0105\u0142 sobie pami\u0105tkowe zdj\u0119cie, jest prostszy lub \u2013 jak kto woli \u2013 bardziej z\u0142o\u017cony, ni\u017c si\u0119 to wydaje.<\/p>\n","protected":false},"author":34,"featured_media":24583,"comment_status":"closed","ping_status":"open","sticky":false,"template":"","format":"standard","meta":{"_EventAllDay":false,"_EventTimezone":"","_EventStartDate":"","_EventEndDate":"","_EventStartDateUTC":"","_EventEndDateUTC":"","_EventShowMap":false,"_EventShowMapLink":false,"_EventURL":"","_EventCost":"","_EventCostDescription":"","_EventCurrencySymbol":"","_EventCurrencyCode":"","_EventCurrencyPosition":"","_EventDateTimeSeparator":"","_EventTimeRangeSeparator":"","_EventOrganizerID":[],"_EventVenueID":[],"_OrganizerEmail":"","_OrganizerPhone":"","_OrganizerWebsite":"","_VenueAddress":"","_VenueCity":"","_VenueCountry":"","_VenueProvince":"","_VenueState":"","_VenueZip":"","_VenuePhone":"","_VenueURL":"","_VenueStateProvince":"","_VenueLat":"","_VenueLng":"","_VenueShowMap":false,"_VenueShowMapLink":false,"footnotes":""},"categories":[596],"tags":[],"class_list":["post-37398","post","type-post","status-publish","format-standard","has-post-thumbnail","hentry","category-felietony","felietony"],"_links":{"self":[{"href":"https:\/\/kodmalopolska.pl\/index.php?rest_route=\/wp\/v2\/posts\/37398","targetHints":{"allow":["GET"]}}],"collection":[{"href":"https:\/\/kodmalopolska.pl\/index.php?rest_route=\/wp\/v2\/posts"}],"about":[{"href":"https:\/\/kodmalopolska.pl\/index.php?rest_route=\/wp\/v2\/types\/post"}],"author":[{"embeddable":true,"href":"https:\/\/kodmalopolska.pl\/index.php?rest_route=\/wp\/v2\/users\/34"}],"replies":[{"embeddable":true,"href":"https:\/\/kodmalopolska.pl\/index.php?rest_route=%2Fwp%2Fv2%2Fcomments&post=37398"}],"version-history":[{"count":0,"href":"https:\/\/kodmalopolska.pl\/index.php?rest_route=\/wp\/v2\/posts\/37398\/revisions"}],"wp:featuredmedia":[{"embeddable":true,"href":"https:\/\/kodmalopolska.pl\/index.php?rest_route=\/wp\/v2\/media\/24583"}],"wp:attachment":[{"href":"https:\/\/kodmalopolska.pl\/index.php?rest_route=%2Fwp%2Fv2%2Fmedia&parent=37398"}],"wp:term":[{"taxonomy":"category","embeddable":true,"href":"https:\/\/kodmalopolska.pl\/index.php?rest_route=%2Fwp%2Fv2%2Fcategories&post=37398"},{"taxonomy":"post_tag","embeddable":true,"href":"https:\/\/kodmalopolska.pl\/index.php?rest_route=%2Fwp%2Fv2%2Ftags&post=37398"}],"curies":[{"name":"wp","href":"https:\/\/api.w.org\/{rel}","templated":true}]}}