{"id":37282,"date":"2023-11-25T21:28:19","date_gmt":"2023-11-25T20:28:19","guid":{"rendered":"https:\/\/kodmalopolska.pl\/?p=37282"},"modified":"2023-12-01T22:49:35","modified_gmt":"2023-12-01T21:49:35","slug":"felieton-adama-jaskowa-147","status":"publish","type":"post","link":"https:\/\/kodmalopolska.pl\/?p=37282","title":{"rendered":"Europa, ech, Europa. Felieton Adama Ja\u015bkowa (147)"},"content":{"rendered":"<h4>W Niderlandach mamy sytuacj\u0119 prawie jak w Polsce do wybor\u00f3w. Po prawej stronie sceny politycznej prawdziwi Holendrzy, wrogowie unijnych federalist\u00f3w, w centrum spokojni eurosceptycy, a eurofederali\u015bci na lewicy, Partia Pracy i Zielona Lewica Fransa Timmermansa, niedawnego wiceprzewodnicz\u0105cego Komisji Europejskiej. Teraz po naszych wyborach, cho\u0107 wygranych przez naszych \u2013 polskich \u2013 wrog\u00f3w UE, w\u0142adz\u0119 obejmie koalicja spokojnych eurosceptyk\u00f3w i nie\u015bmia\u0142ych federalist\u00f3w.<\/h4>\n<p>Europa tak daleko, a tak blisko. Cho\u0107 chyba odwrotnie: niby blisko, a jednak daleko. Okaza\u0142o si\u0119 w tym tygodniu, \u017ce w tej Europie (Zachodniej) najbli\u017cej nam do Niderland\u00f3w, cho\u0107 bli\u017cej mamy \u2013 przynajmniej w kilometrach \u2013 do Niemiec. W tych\u017ce Niderlandach zwyci\u0119\u017cy\u0142a w wyborach partia, kt\u00f3rej lidera okre\u015bla si\u0119 \u0142agodnie mianem holenderskiego Trumpa. A tak przy okazji, niderlandzki system wyborczy jest bardzo proporcjonalny. W ichniejszym Sejmie jest teraz niewiele mniej partii (pi\u0119tna\u015bcie) ni\u017c u nas za czas\u00f3w premiera Olszewskiego (szesna\u015bcie plus r\u00f3\u017cne ruchy i odruchy). Gdyby niderlandzki system by\u0142 podobny do polskiego, Geert Wilders mia\u0142by du\u017ce szanse zosta\u0107 premierem, a Niderlandy opu\u015bci\u0107 Uni\u0119 Europejsk\u0105. Ale skoro jest, jak jest, najbardziej prawdopodobne s\u0105 kolejne wybory w tej depresji.<\/p>\n<p>Wygl\u0105da na to, \u017ce Niderlandczycy ma\u0142o si\u0119 interesuj\u0105 Wielk\u0105 Brytani\u0105, by\u0107 mo\u017ce od czasu, gdy dynastia hanowerska zast\u0105pi\u0142a tam kr\u00f3tkie rz\u0105dy Oranje. A szkoda, bo mogliby zaobserwowa\u0107 rozkwit Brytanii po brexicie \u2013 tak bujny, \u017ce a\u017c Cameron (David, nie James) wr\u00f3ci\u0142 do rz\u0105du w charakterze ostatniej deski dla torys\u00f3w.<\/p>\n<p>W Niderlandach mamy sytuacj\u0119 prawie jak w Polsce do wybor\u00f3w. Po prawej stronie sceny politycznej prawdziwi Holendrzy, wrogowie unijnych federalist\u00f3w, w centrum spokojni eurosceptycy, a eurofederali\u015bci na lewicy, Partia Pracy i Zielona Lewica Fransa Timmermansa, niedawnego wiceprzewodnicz\u0105cego Komisji Europejskiej. Teraz po naszych wyborach, cho\u0107 wygranych przez naszych \u2013 polskich \u2013 wrog\u00f3w UE, w\u0142adz\u0119 obejmie koalicja spokojnych eurosceptyk\u00f3w i nie\u015bmia\u0142ych federalist\u00f3w.<\/p>\n<p>Za to w Parlamencie Europejskim Polska przem\u00f3wi\u0142a niemal jednym g\u0142osem antyunijnym. Prawie, bo wy\u0142amali si\u0119 europos\u0142owie Lewicy i R\u00f3\u017ca Thun. Europos\u0142anka ju\u017c wcze\u015bniej wy\u0142ama\u0142a si\u0119 z PO, sugeruj\u0105c post\u0119puj\u0105cy eurosceptycyzm tego ugrupowania. Jak donosi \u201eGazeta Prawna\u201d, do g\u0142osowania przeciwko raportowi zobowi\u0105za\u0142 europos\u0142\u00f3w PO osobi\u015bcie Donald Tusk.<\/p>\n<p>Raport zawiera propozycje dalszej integracji Unii w kierunku \u2013 co tu ukrywa\u0107 \u2013 mi\u0119kkiej federalizacji. Przygotowany zosta\u0142 przez przedstawicieli najwa\u017cniejszych frakcji Europarlamentu. Co by\u0107 mo\u017ce zaciekawi przynajmniej niekt\u00f3rych, raport przygotowa\u0142o czworo Niemc\u00f3w i jeden Belg: wykl\u0119ty przez eurosceptyk\u00f3w przyjaciel Polak\u00f3w, cho\u0107 niekoniecznie polskich rz\u0105d\u00f3w, Guy Verhofstadt.<\/p>\n<p>A co by\u0142o w \u015brodku, drogi (europejski) kotku?<\/p>\n<p>\u201eNajwa\u017cniejszym punktem jest zmiana systemu podejmowania decyzji z jednomy\u015blno\u015bci na wi\u0119kszo\u015b\u0107 kwalifikowan\u0105 tak\u017ce w sprawach bud\u017cetowych, polityki zagranicznej i podatkowej. Ponadto europos\u0142owie chc\u0105 doda\u0107 kompetencje w zakresie \u015brodowiska do wy\u0142\u0105cznych kompetencji UE, natomiast zdrowie publiczne, ochron\u0119 ludno\u015bci i przemys\u0142 przesun\u0105\u0107 do kompetencji dzielonych, co oznacza utrat\u0119 przez kraje bezpo\u015bredniej kontroli nad niekt\u00f3rymi obszarami prawodawstwa. PE chce te\u017c og\u00f3lnounijnych referend\u00f3w \u00abw istotnych sprawach\u00bb, co premiowa\u0142oby najliczniejsze spo\u0142ecze\u0144stwa. A na koniec Komisja Europejska mia\u0142aby si\u0119 sta\u0107 technicznym organem, kt\u00f3rego szefa wybieraliby europos\u0142owie, a on z kolei dobiera\u0142by komisarzy na podstawie preferencji politycznych.\u201d (za \u201eGazet\u0105 Prawn\u0105\u201d).<\/p>\n<p>Horror prawdziwego Polaka. Koniec z kultem liberum veto. Koniec z kluczem krajowym do obsadzania etat\u00f3w komisarzy.<\/p>\n<p>Dotychczas oko\u0142o 70% decyzji Rady UE podejmowane jest bez wymogu jednomy\u015blno\u015bci, w procedurze podw\u00f3jnej wi\u0119kszo\u015bci (wed\u0142ug liczby kraj\u00f3w oraz reprezentacji okre\u015blonej procentowo ludno\u015bci, np. 72% kraj\u00f3w i 65% ludno\u015bci). Parlament Europejski chcia\u0142by niemal ca\u0142kowitego zlikwidowania prawa weta, w tym w polityce zagranicznej oraz w kwestii podatk\u00f3w po\u015brednich i bezpo\u015brednich.<\/p>\n<p>Media donosz\u0105, \u017ce PO domaga\u0142a si\u0119 odwo\u0142ania g\u0142osowania nad raportem. Prezydencja hiszpa\u0144ska i referenci raportu wniosek odrzucili. Hiszpanie wzi\u0119li sobie nawet za punkt honoru rozpocz\u0119cie powa\u017cnej dyskusji nad nowymi rozwi\u0105zaniami. St\u0105d podobno twarde \u201enie\u201d PO w g\u0142osowaniu. Stanowisko PiS-u wyg\u0142oszone ustami Jacka Saryusza-Wolskiego, niedosz\u0142ego przewodnicz\u0105cego Parlamentu Europejskiego i niedosz\u0142ego komisarza UE, by\u0142o bardziej poetyckie i bardziej klasyczne. G\u0142osowanie nad raportem Saryusz-Wolski nazwa\u0142 drugim porwaniem Europy, odej\u015bciem od demokracji w kierunku autokracji oligarchicznej i hegemonicznej. Pierwszym porywaczem Europy by\u0142 Zeus, ale wtedy wszystko prawie dobrze si\u0119 sko\u0144czy\u0142o. Tym razem porywaczem mia\u0142 by\u0107 chyba Guy Verhofstadt. Pytanie tylko, czy ca\u0142a Europa zmie\u015bci\u0142aby si\u0119 w Belgii, w kt\u00f3rej ledwo si\u0119 mieszcz\u0105 Walonowie z Flamandami.<\/p>\n<p>\u201eNiech B\u00f3g chroni Uni\u0119 przed samozniszczeniem\u201d \u2013 zako\u0144czy\u0142 wyst\u0105pienie w imieniu frakcji konserwatyst\u00f3w Jacek Saryusz-Wolski. Pytanie, kt\u00f3ry b\u00f3g: Zeus czy Odyn, pozosta\u0142o bez odpowiedzi. Nale\u017cy czeka\u0107, a\u017c pan Jacek napisze now\u0105 mitologi\u0119 b\u0105d\u017a jeszcze nowszy testament.<\/p>\n<p><em>r\u00f3wnie\u017c na\u00a0<\/em><a href=\"https:\/\/aristoskr.wordpress.com\/\" target=\"_blank\" rel=\"noreferrer noopener\">aristoskr.wordpress.com<\/a><\/p>\n<hr class=\"wp-block-separator has-alpha-channel-opacity\" \/>\n<p><em>Felieton jest wyrazem opinii autora. Nie prezentuje stanowiska ZR<\/em>.<\/p>\n","protected":false},"excerpt":{"rendered":"<p>W Niderlandach mamy sytuacj\u0119 prawie jak w Polsce do wybor\u00f3w. Po prawej stronie sceny politycznej prawdziwi Holendrzy, wrogowie unijnych federalist\u00f3w, w centrum spokojni eurosceptycy, a eurofederali\u015bci na lewicy, Partia Pracy i Zielona Lewica Fransa Timmermansa, niedawnego wiceprzewodnicz\u0105cego Komisji Europejskiej. Teraz po naszych wyborach, cho\u0107 wygranych przez naszych \u2013 polskich \u2013 wrog\u00f3w UE, w\u0142adz\u0119 obejmie koalicja spokojnych eurosceptyk\u00f3w i nie\u015bmia\u0142ych federalist\u00f3w.<\/p>\n","protected":false},"author":34,"featured_media":20415,"comment_status":"closed","ping_status":"open","sticky":false,"template":"","format":"standard","meta":{"_EventAllDay":false,"_EventTimezone":"","_EventStartDate":"","_EventEndDate":"","_EventStartDateUTC":"","_EventEndDateUTC":"","_EventShowMap":false,"_EventShowMapLink":false,"_EventURL":"","_EventCost":"","_EventCostDescription":"","_EventCurrencySymbol":"","_EventCurrencyCode":"","_EventCurrencyPosition":"","_EventDateTimeSeparator":"","_EventTimeRangeSeparator":"","_EventOrganizerID":[],"_EventVenueID":[],"_OrganizerEmail":"","_OrganizerPhone":"","_OrganizerWebsite":"","_VenueAddress":"","_VenueCity":"","_VenueCountry":"","_VenueProvince":"","_VenueState":"","_VenueZip":"","_VenuePhone":"","_VenueURL":"","_VenueStateProvince":"","_VenueLat":"","_VenueLng":"","_VenueShowMap":false,"_VenueShowMapLink":false,"footnotes":""},"categories":[596],"tags":[],"class_list":["post-37282","post","type-post","status-publish","format-standard","has-post-thumbnail","hentry","category-felietony","felietony"],"_links":{"self":[{"href":"https:\/\/kodmalopolska.pl\/index.php?rest_route=\/wp\/v2\/posts\/37282","targetHints":{"allow":["GET"]}}],"collection":[{"href":"https:\/\/kodmalopolska.pl\/index.php?rest_route=\/wp\/v2\/posts"}],"about":[{"href":"https:\/\/kodmalopolska.pl\/index.php?rest_route=\/wp\/v2\/types\/post"}],"author":[{"embeddable":true,"href":"https:\/\/kodmalopolska.pl\/index.php?rest_route=\/wp\/v2\/users\/34"}],"replies":[{"embeddable":true,"href":"https:\/\/kodmalopolska.pl\/index.php?rest_route=%2Fwp%2Fv2%2Fcomments&post=37282"}],"version-history":[{"count":0,"href":"https:\/\/kodmalopolska.pl\/index.php?rest_route=\/wp\/v2\/posts\/37282\/revisions"}],"wp:featuredmedia":[{"embeddable":true,"href":"https:\/\/kodmalopolska.pl\/index.php?rest_route=\/wp\/v2\/media\/20415"}],"wp:attachment":[{"href":"https:\/\/kodmalopolska.pl\/index.php?rest_route=%2Fwp%2Fv2%2Fmedia&parent=37282"}],"wp:term":[{"taxonomy":"category","embeddable":true,"href":"https:\/\/kodmalopolska.pl\/index.php?rest_route=%2Fwp%2Fv2%2Fcategories&post=37282"},{"taxonomy":"post_tag","embeddable":true,"href":"https:\/\/kodmalopolska.pl\/index.php?rest_route=%2Fwp%2Fv2%2Ftags&post=37282"}],"curies":[{"name":"wp","href":"https:\/\/api.w.org\/{rel}","templated":true}]}}