{"id":37218,"date":"2023-11-10T22:05:54","date_gmt":"2023-11-10T21:05:54","guid":{"rendered":"https:\/\/kodmalopolska.pl\/?p=37218"},"modified":"2023-11-10T22:05:54","modified_gmt":"2023-11-10T21:05:54","slug":"protest-i-wojna-felieton-fryderyka-zolla-483","status":"publish","type":"post","link":"https:\/\/kodmalopolska.pl\/?p=37218","title":{"rendered":"Protest i wojna. Felieton Fryderyka Zolla (483)"},"content":{"rendered":"<h4>Zbli\u017ca si\u0119 kolejna frontowa zima. Jutro jedziemy do Ukrainy z transportem. Po drodze czekaj\u0105 nas protesty polskich kierowc\u00f3w tir\u00f3w. Patrz\u0119 na nie z rosn\u0105cym oburzeniem \u2013 nie tylko z obawy o to, jak dotrzemy do granicy (pomoc humanitarna jest przepuszczana przez protestuj\u0105cych, ale trzeba si\u0119 przedrze\u0107 przez kolejki z\u0142o\u017cone z setek samochod\u00f3w).<\/h4>\n<p>W demokratycznym pa\u0144stwie protest, tak\u017ce uci\u0105\u017cliwy, jest w czasie pokoju dopuszczalnym sposobem walki o swoje interesy. Teraz jednak nie mamy czasu pokoju. Na wschodzie, nad Dnieprem i Do\u0144cem, w poch\u0142aniaj\u0105cych wszystko b\u0142otach rasputicy trwa bezlitosna wojna. Sprawny transport \u2013 nie tylko humanitarny czy ze wsparciem dla wojska, ale te\u017c komercyjny, to krwiobieg gospodarki. Protest polskich kierowc\u00f3w w takich warunkach oznacza dzia\u0142anie wojenne wspieraj\u0105ce Moskali. Os\u0142abia Ukrain\u0119, zmniejsza szanse na jej sukces, a zatem godzi w egzystencjalne interesy nie tylko Ukrainy, ale tak\u017ce Polski.<\/p>\n<p>Gdyby Polska nie by\u0142a pa\u0144stwem kartonowym, protest kierowc\u00f3w zosta\u0142by przerwany \u015brodkami adekwatnymi do zagro\u017cenia. \u017b\u0105dania protestuj\u0105cych s\u0105 r\u00f3\u017cnej natury. Umieszczenie polskich kierowc\u00f3w w systemie ukrai\u0144skiej kolejki elektronicznej to naturalny postulat r\u00f3wno\u015bciowy i polski rz\u0105d musi go wym\u00f3c na Ukrainie. Nic nie uzasadnia tygodniowego oczekiwania pustych ci\u0119\u017car\u00f3wek na granicy. Na uwzgl\u0119dnienie natomiast nie zas\u0142uguje \u017c\u0105danie ograniczenia konkurencji ze strony ukrai\u0144skich przedsi\u0119biorc\u00f3w transportowych. Musimy si\u0119 oswoi\u0107 z tym, \u017ce Ukraina b\u0119dzie cz\u0119\u015bci\u0105 europejskiego rynku. Jeszcze niedawno polscy kierowcy, kt\u00f3rzy skutecznie wypierali z rynku Francuz\u00f3w i Niemc\u00f3w, oburzali si\u0119, kiedy zachodni s\u0105siedzi pr\u00f3bowali chroni\u0107 swoje rynki i na przyk\u0142ad wprowadzi\u0107 p\u0142ace minimalne. W tej sprawie polska bran\u017ca transportowa by\u0142a bardzo wolnorynkowa.<\/p>\n<p>Wielokrotnie poszukiwa\u0142em transportu do Ukrainy dla \u0142adunk\u00f3w humanitarnych. M\u00f3wiono mi, \u017ce tylko do granicy lub najdalej do Lwowa. Bez przedsi\u0119biorc\u00f3w z Ukrainy zorganizowanie tych przejazd\u00f3w nie by\u0142oby mo\u017cliwe.<\/p>\n<p>W takich dziedzinach jak transport konflikty s\u0105 nieuniknione. To trudny i wra\u017cliwy biznes. Szanujmy wolny rynek, bo dzia\u0142a tu najefektywniej. Bro\u0144my polskich kierowc\u00f3w przed dyskryminacj\u0105 (tym jest brak mo\u017cliwo\u015bci rejestracji w ukrai\u0144skiej e-kolejce). Jednak pa\u0144stwo w warunkach agresji moskalskiej na naszego s\u0105siada nie mo\u017ce pozwoli\u0107, by protesty na granicy pomaga\u0142y Moskwie w osi\u0105gni\u0119ciu jej strategicznych cel\u00f3w. Polska nie mo\u017ce gospodarczo os\u0142abia\u0107 Ukrainy. Zrzu\u0107my z naszego pa\u0144stwa karton niemocy.<\/p>\n<p><a href=\"https:\/\/fundacjakurtyki.pl\/wsparcie-dla-ukrainy\/\"><img decoding=\"async\" src=\"https:\/\/kodmalopolska.pl\/wp-content\/uploads\/2022\/03\/Wsparcie-dla-Ukrainy-153x80-1.jpg\" alt=\"\" \/>\u00a0\u00a0Wesprzyj Ukrain\u0119 poprzez Fundacj\u0119 im. Janusza Kurtyki!<\/a><\/p>\n<hr class=\"wp-block-separator has-alpha-channel-opacity\" \/>\n<p><em>Felieton jest wyrazem opinii autora. Nie prezentuje stanowiska ZR Ma\u0142opolskie.<\/em><\/p>\n","protected":false},"excerpt":{"rendered":"<p>Zbli\u017ca si\u0119 kolejna frontowa zima. Jutro jedziemy do Ukrainy z transportem. Po drodze czekaj\u0105 nas protesty polskich kierowc\u00f3w tir\u00f3w. Patrz\u0119 na nie z rosn\u0105cym oburzeniem \u2013 nie tylko z obawy o to, jak dotrzemy do granicy (pomoc humanitarna jest przepuszczana przez protestuj\u0105cych, ale trzeba si\u0119 przedrze\u0107 przez kolejki z\u0142o\u017cone z setek samochod\u00f3w).<\/p>\n","protected":false},"author":34,"featured_media":29765,"comment_status":"closed","ping_status":"open","sticky":false,"template":"","format":"standard","meta":{"_EventAllDay":false,"_EventTimezone":"","_EventStartDate":"","_EventEndDate":"","_EventStartDateUTC":"","_EventEndDateUTC":"","_EventShowMap":false,"_EventShowMapLink":false,"_EventURL":"","_EventCost":"","_EventCostDescription":"","_EventCurrencySymbol":"","_EventCurrencyCode":"","_EventCurrencyPosition":"","_EventDateTimeSeparator":"","_EventTimeRangeSeparator":"","_EventOrganizerID":[],"_EventVenueID":[],"_OrganizerEmail":"","_OrganizerPhone":"","_OrganizerWebsite":"","_VenueAddress":"","_VenueCity":"","_VenueCountry":"","_VenueProvince":"","_VenueState":"","_VenueZip":"","_VenuePhone":"","_VenueURL":"","_VenueStateProvince":"","_VenueLat":"","_VenueLng":"","_VenueShowMap":false,"_VenueShowMapLink":false,"footnotes":""},"categories":[596],"tags":[],"class_list":["post-37218","post","type-post","status-publish","format-standard","has-post-thumbnail","hentry","category-felietony","felietony"],"_links":{"self":[{"href":"https:\/\/kodmalopolska.pl\/index.php?rest_route=\/wp\/v2\/posts\/37218","targetHints":{"allow":["GET"]}}],"collection":[{"href":"https:\/\/kodmalopolska.pl\/index.php?rest_route=\/wp\/v2\/posts"}],"about":[{"href":"https:\/\/kodmalopolska.pl\/index.php?rest_route=\/wp\/v2\/types\/post"}],"author":[{"embeddable":true,"href":"https:\/\/kodmalopolska.pl\/index.php?rest_route=\/wp\/v2\/users\/34"}],"replies":[{"embeddable":true,"href":"https:\/\/kodmalopolska.pl\/index.php?rest_route=%2Fwp%2Fv2%2Fcomments&post=37218"}],"version-history":[{"count":0,"href":"https:\/\/kodmalopolska.pl\/index.php?rest_route=\/wp\/v2\/posts\/37218\/revisions"}],"wp:featuredmedia":[{"embeddable":true,"href":"https:\/\/kodmalopolska.pl\/index.php?rest_route=\/wp\/v2\/media\/29765"}],"wp:attachment":[{"href":"https:\/\/kodmalopolska.pl\/index.php?rest_route=%2Fwp%2Fv2%2Fmedia&parent=37218"}],"wp:term":[{"taxonomy":"category","embeddable":true,"href":"https:\/\/kodmalopolska.pl\/index.php?rest_route=%2Fwp%2Fv2%2Fcategories&post=37218"},{"taxonomy":"post_tag","embeddable":true,"href":"https:\/\/kodmalopolska.pl\/index.php?rest_route=%2Fwp%2Fv2%2Ftags&post=37218"}],"curies":[{"name":"wp","href":"https:\/\/api.w.org\/{rel}","templated":true}]}}