{"id":37205,"date":"2023-11-09T21:20:16","date_gmt":"2023-11-09T20:20:16","guid":{"rendered":"https:\/\/kodmalopolska.pl\/?p=37205"},"modified":"2023-11-09T21:20:16","modified_gmt":"2023-11-09T20:20:16","slug":"pani-nieprezes-i-antymateria-felieton-fryderyka-zolla-482","status":"publish","type":"post","link":"https:\/\/kodmalopolska.pl\/?p=37205","title":{"rendered":"Pani nieprezes i antymateria. Felieton Fryderyka Zolla (482)"},"content":{"rendered":"<h4>Pani magister Przy\u0142\u0119bska jest jednym z najcz\u0119\u015bciej wyst\u0119puj\u0105cych magistr\u00f3w obsadzonych w roli autorytetu w mediach PiS-owskich. Z nowej, nieznanej w szerszych kr\u0119gach prawniczych roli najwi\u0119kszego autorytetu prawniczego w Polsce stara si\u0119 wywi\u0105za\u0107 na miar\u0119 swojej stwierdzonej przez redaktora Wildsteina wielko\u015bci. Przypomina to nieco anegdot\u0119 z \u201eKartek z kalendarza\u201d Kornela Makuszy\u0144skiego: do Stanis\u0142awa Przybyszewskiego przyszed\u0142 pan Kapu\u015bniaczek z tomami napisanych przez siebie sztuk teatralnych, prosz\u0105c o ich przeczytanie i wystawienie za\u015bwiadczenia o nies\u0142ychanym talencie autora. Przybyszewski odpar\u0142, \u017ce do czego\u015b takiego czytanie wcale nie jest konieczne, i wystawi\u0142 dokument: \u201eNa usilne, osobiste \u017c\u0105danie pana Kapu\u015bniaczka o\u015bwiadczam, \u017ce jest on geniuszem\u201d. Wszystko tu si\u0119 zgadza, tyle tylko \u017ce Wildstein nie jest Przybyszewskim.<\/h4>\n<p>Pani magister broni antyprawa, antys\u0119dzi\u00f3w i antyinstytucji, w tym w\u0142asnego zespo\u0142u, kt\u00f3ry nazywa trybuna\u0142em, jako atrybut\u00f3w polskiej suwerenno\u015bci. Poniewa\u017c jej zbudowana z prawnej antymaterii rzeczywisto\u015b\u0107 si\u0119 chwieje, magister o\u017cywi\u0142a si\u0119 medialnie. Szczeg\u00f3lnie krytycznie ocenia przeciwne pogl\u0105dy profesor\u00f3w, s\u0119dzi\u00f3w i s\u0119dzi\u00f3w w stanie spoczynku. Przypomina to opowiastk\u0119 o mkn\u0105cym autostrad\u0105 kierowcy, kt\u00f3ry s\u0142ysz\u0105c w radio ostrze\u017cenie, \u017ce jaki\u015b jeden p\u0119dzi pod pr\u0105d na autostradzie, krzyczy: \u201eJeden? Jak to: jeden? Przecie\u017c widz\u0119 ich tysi\u0105ce!\u201d.<\/p>\n<p>Zbudowany z prawnej antymaterii \u015bwiat magister dr\u017cy w posadach. Obserwujemy jego paroksyzmy. Nowo wybrany parlament b\u0119dzie musia\u0142 si\u0119 zastanowi\u0107, jak przywr\u00f3ci\u0107 porz\u0105dek prawny i w miejsce antyinstytucji ustanowi\u0107 instytucje. To, na czego czele stoi pani magister, dawno ju\u017c utraci\u0142o minimalne cechy s\u0105du. Kwestia poradzenia sobie z pozorami instytucji, tak\u017ce tej, w kt\u00f3rej pracuje pan Wildstein, jest jednym z najwi\u0119kszych wyzwa\u0144 na pocz\u0105tku pracy pierwszego od o\u015bmiu lat demokratycznego polskiego prawodawcy.<\/p>\n<hr class=\"wp-block-separator has-alpha-channel-opacity\" \/>\n<p><em>Felieton jest wyrazem opinii autora. Nie prezentuje stanowiska ZR Ma\u0142opolskie.<\/em><\/p>\n","protected":false},"excerpt":{"rendered":"<p>Pani magister Przy\u0142\u0119bska jest jednym z najcz\u0119\u015bciej wyst\u0119puj\u0105cych magistr\u00f3w obsadzonych w roli autorytetu w mediach PiS-owskich. Z nowej, nieznanej w szerszych kr\u0119gach prawniczych roli najwi\u0119kszego autorytetu prawniczego w Polsce stara si\u0119 wywi\u0105za\u0107 na miar\u0119 swojej stwierdzonej przez redaktora Wildsteina wielko\u015bci. Przypomina to nieco anegdot\u0119 z \u201eKartek z kalendarza\u201d Kornela Makuszy\u0144skiego: do Stanis\u0142awa Przybyszewskiego przyszed\u0142 pan Kapu\u015bniaczek z tomami napisanych przez siebie sztuk teatralnych, prosz\u0105c o ich przeczytanie i wystawienie za\u015bwiadczenia o nies\u0142ychanym talencie autora. Przybyszewski odpar\u0142, \u017ce do czego\u015b takiego czytanie wcale nie jest konieczne, i wystawi\u0142 dokument: \u201eNa usilne, osobiste \u017c\u0105danie pana Kapu\u015bniaczka o\u015bwiadczam, \u017ce jest on geniuszem\u201d. Wszystko tu si\u0119 zgadza, tyle tylko \u017ce Wildstein nie jest Przybyszewskim.<\/p>\n","protected":false},"author":34,"featured_media":24583,"comment_status":"closed","ping_status":"open","sticky":false,"template":"","format":"standard","meta":{"_EventAllDay":false,"_EventTimezone":"","_EventStartDate":"","_EventEndDate":"","_EventStartDateUTC":"","_EventEndDateUTC":"","_EventShowMap":false,"_EventShowMapLink":false,"_EventURL":"","_EventCost":"","_EventCostDescription":"","_EventCurrencySymbol":"","_EventCurrencyCode":"","_EventCurrencyPosition":"","_EventDateTimeSeparator":"","_EventTimeRangeSeparator":"","_EventOrganizerID":[],"_EventVenueID":[],"_OrganizerEmail":"","_OrganizerPhone":"","_OrganizerWebsite":"","_VenueAddress":"","_VenueCity":"","_VenueCountry":"","_VenueProvince":"","_VenueState":"","_VenueZip":"","_VenuePhone":"","_VenueURL":"","_VenueStateProvince":"","_VenueLat":"","_VenueLng":"","_VenueShowMap":false,"_VenueShowMapLink":false,"footnotes":""},"categories":[596],"tags":[],"class_list":["post-37205","post","type-post","status-publish","format-standard","has-post-thumbnail","hentry","category-felietony","felietony"],"_links":{"self":[{"href":"https:\/\/kodmalopolska.pl\/index.php?rest_route=\/wp\/v2\/posts\/37205","targetHints":{"allow":["GET"]}}],"collection":[{"href":"https:\/\/kodmalopolska.pl\/index.php?rest_route=\/wp\/v2\/posts"}],"about":[{"href":"https:\/\/kodmalopolska.pl\/index.php?rest_route=\/wp\/v2\/types\/post"}],"author":[{"embeddable":true,"href":"https:\/\/kodmalopolska.pl\/index.php?rest_route=\/wp\/v2\/users\/34"}],"replies":[{"embeddable":true,"href":"https:\/\/kodmalopolska.pl\/index.php?rest_route=%2Fwp%2Fv2%2Fcomments&post=37205"}],"version-history":[{"count":0,"href":"https:\/\/kodmalopolska.pl\/index.php?rest_route=\/wp\/v2\/posts\/37205\/revisions"}],"wp:featuredmedia":[{"embeddable":true,"href":"https:\/\/kodmalopolska.pl\/index.php?rest_route=\/wp\/v2\/media\/24583"}],"wp:attachment":[{"href":"https:\/\/kodmalopolska.pl\/index.php?rest_route=%2Fwp%2Fv2%2Fmedia&parent=37205"}],"wp:term":[{"taxonomy":"category","embeddable":true,"href":"https:\/\/kodmalopolska.pl\/index.php?rest_route=%2Fwp%2Fv2%2Fcategories&post=37205"},{"taxonomy":"post_tag","embeddable":true,"href":"https:\/\/kodmalopolska.pl\/index.php?rest_route=%2Fwp%2Fv2%2Ftags&post=37205"}],"curies":[{"name":"wp","href":"https:\/\/api.w.org\/{rel}","templated":true}]}}