{"id":37172,"date":"2023-11-02T20:46:10","date_gmt":"2023-11-02T19:46:10","guid":{"rendered":"https:\/\/kodmalopolska.pl\/?p=37172"},"modified":"2023-11-02T20:46:10","modified_gmt":"2023-11-02T19:46:10","slug":"zapomniec-to-przegrac-felieton-fryderyka-zolla-480","status":"publish","type":"post","link":"https:\/\/kodmalopolska.pl\/?p=37172","title":{"rendered":"Zapomnie\u0107 to przegra\u0107. Felieton Fryderyka Zolla (480)"},"content":{"rendered":"<h4>\u017byj\u0105cy i jednocze\u015bnie umar\u0142y Putin, niczym kot Schr\u00f6dingera, osi\u0105gn\u0105\u0142 sw\u00f3j cel: Ukraina znikn\u0119\u0142a z naszej \u015bwiadomo\u015bci. Popularni blogerzy m\u00f3wi\u0105 wi\u0119cej o Gazie, wojna w Ukrainie ju\u017c spowszednia\u0142a. Mniej te\u017c wida\u0107 Ukrai\u0144c\u00f3w na polskich ulicach, bo pojechali dalej na Zach\u00f3d. Wybory przes\u0142oni\u0142y nam \u015bwiat, a niepewno\u015b\u0107, czy przegrana PiS-owska w\u0142adza nie posunie si\u0119 do puczu, zmusza nas do zajmowania si\u0119 samymi sob\u0105.<\/h4>\n<p>Skoro taka niepami\u0119\u0107 zapanowa\u0142a w Polsce, to tym bardziej w innych krajach. Je\u017celi natomiast chodzi o geopolityk\u0119, nie zmieni\u0142o si\u0119 nic: tocz\u0105ca si\u0119 wojna zagra\u017ca nie tylko Ukrainie, ale i nam wszystkim. Kremlowscy stratedzy mimo ogromnych strat staraj\u0105 si\u0119 utrzyma\u0107 front, wci\u0105\u017c licz\u0105c na to, \u017ce temat wojny wreszcie nas znudzi, a Ukrai\u0144cy si\u0119 wykrwawi\u0105. Krew ich w\u0142asnych \u017co\u0142nierzy nie ma dla nich znaczenia.<\/p>\n<p>Musz\u0119 przyzna\u0107, \u017ce ostatnie dni i dla mnie by\u0142y pe\u0142ne frustracji. S\u0142u\u017cba celna Ukrainy wyda\u0142a o\u015bwiadczenie, \u017ce jedna trzecia dostarczanej pomocy znika. W \u015blad za tym id\u0105 obostrzenia, kt\u00f3re praktycznie uniemo\u017cliwiaj\u0105 wsparcie ze strony ma\u0142ych organizacji. Ju\u017c teraz istnieje ca\u0142e mn\u00f3stwo wymog\u00f3w, a ich przezwyci\u0119\u017cenie wymaga profesjonalnych sztab\u00f3w, na kt\u00f3re ludzie anga\u017cuj\u0105cy si\u0119 kosztem wolnego (a nawet zaj\u0119tego) czasu nie mog\u0105 sobie pozwoli\u0107. Armia prosi o pomoc, ale pi\u0119trz\u0105 si\u0119 przeszkody administracyjne. Stopie\u0144 skomplikowania procedur b\u0119dzie teraz tak wielki, \u017ce nie wiadomo, jak to ogarn\u0105\u0107. Przy czym trzeba podkre\u015bli\u0107, \u017ce nasze wsparcie trafia wprost do znanych nam os\u00f3b, kt\u00f3rym ufamy w stu procentach. To sie\u0107 przyjaci\u00f3\u0142, na kt\u00f3rych nie zawiedli\u015bmy si\u0119 ani razu.<\/p>\n<p>Widz\u0119 te\u017c morze potrzeb, kt\u00f3rych scentralizowana pomoc jako\u015b nie jest w stanie zaspokoi\u0107. W sobot\u0119 jedziemy przekaza\u0107 Ukrai\u0144com ci\u0119\u017car\u00f3wk\u0119 sfinansowan\u0105 przez Fundacj\u0119 Kongresu Katoliczek i Katolik\u00f3w ze \u015brodk\u00f3w udzielonych w ramach grantu przez Agencj\u0119 Rozwoju Przemys\u0142u, a tak\u017ce przez hojnego krakowskiego profesora, kt\u00f3ry od pocz\u0105tku wojny przekaza\u0142 ju\u017c oko\u0142o 100 tysi\u0119cy z\u0142otych, za co jestem mu serdecznie wdzi\u0119czny. Ci\u0119\u017car\u00f3wka jest przeznaczona dla armii. Wieziemy tak\u017ce kable ufundowane przez nasze osnabruckie stowarzyszenie ze sk\u0142adek niemieckich profesor\u00f3w i lekarzy, niezb\u0119dne do instalacji ogrzewania w koszarach.<\/p>\n<p>Dzia\u0142amy nadal. Idzie kolejna wojenna zima. Cierpienie jest wci\u0105\u017c ogromne, \u015bmier\u0107 wszechobecna. I nic nie zmieni\u0142o si\u0119 w tym, \u017ce Ukraina ratuje demokratyczny \u015bwiat. Nie dajmy satysfakcji \u017cywemu\/nie\u017cywemu Putinowi. Nasza pami\u0119\u0107 niszczy jego plany. Wygrana w jakiej\u015b cz\u0119\u015bci spoczywa w\u00a0naszych\u00a0r\u0119kach.<\/p>\n<p><a href=\"https:\/\/fundacjakurtyki.pl\/wsparcie-dla-ukrainy\/\"><img decoding=\"async\" src=\"https:\/\/kodmalopolska.pl\/wp-content\/uploads\/2022\/03\/Wsparcie-dla-Ukrainy-153x80-1.jpg\" alt=\"\" \/>\u00a0\u00a0Wesprzyj Ukrain\u0119 poprzez Fundacj\u0119 im. Janusza Kurtyki!<\/a><\/p>\n<hr class=\"wp-block-separator has-alpha-channel-opacity\" \/>\n<p><em>Felieton jest wyrazem opinii autora. Nie prezentuje stanowiska ZR Ma\u0142opolskie.<\/em><\/p>\n","protected":false},"excerpt":{"rendered":"<p>\u017byj\u0105cy i jednocze\u015bnie umar\u0142y Putin, niczym kot Schr\u00f6dingera, osi\u0105gn\u0105\u0142 sw\u00f3j cel: Ukraina znikn\u0119\u0142a z naszej \u015bwiadomo\u015bci. Popularni blogerzy m\u00f3wi\u0105 wi\u0119cej o Gazie, wojna w Ukrainie ju\u017c spowszednia\u0142a. Mniej te\u017c wida\u0107 Ukrai\u0144c\u00f3w na polskich ulicach, bo pojechali dalej na Zach\u00f3d. Wybory przes\u0142oni\u0142y nam \u015bwiat, a niepewno\u015b\u0107, czy przegrana PiS-owska w\u0142adza nie posunie si\u0119 do puczu, zmusza nas do zajmowania si\u0119 samymi sob\u0105.<\/p>\n","protected":false},"author":34,"featured_media":29765,"comment_status":"closed","ping_status":"open","sticky":false,"template":"","format":"standard","meta":{"_EventAllDay":false,"_EventTimezone":"","_EventStartDate":"","_EventEndDate":"","_EventStartDateUTC":"","_EventEndDateUTC":"","_EventShowMap":false,"_EventShowMapLink":false,"_EventURL":"","_EventCost":"","_EventCostDescription":"","_EventCurrencySymbol":"","_EventCurrencyCode":"","_EventCurrencyPosition":"","_EventDateTimeSeparator":"","_EventTimeRangeSeparator":"","_EventOrganizerID":[],"_EventVenueID":[],"_OrganizerEmail":"","_OrganizerPhone":"","_OrganizerWebsite":"","_VenueAddress":"","_VenueCity":"","_VenueCountry":"","_VenueProvince":"","_VenueState":"","_VenueZip":"","_VenuePhone":"","_VenueURL":"","_VenueStateProvince":"","_VenueLat":"","_VenueLng":"","_VenueShowMap":false,"_VenueShowMapLink":false,"footnotes":""},"categories":[596],"tags":[],"class_list":["post-37172","post","type-post","status-publish","format-standard","has-post-thumbnail","hentry","category-felietony","felietony"],"_links":{"self":[{"href":"https:\/\/kodmalopolska.pl\/index.php?rest_route=\/wp\/v2\/posts\/37172","targetHints":{"allow":["GET"]}}],"collection":[{"href":"https:\/\/kodmalopolska.pl\/index.php?rest_route=\/wp\/v2\/posts"}],"about":[{"href":"https:\/\/kodmalopolska.pl\/index.php?rest_route=\/wp\/v2\/types\/post"}],"author":[{"embeddable":true,"href":"https:\/\/kodmalopolska.pl\/index.php?rest_route=\/wp\/v2\/users\/34"}],"replies":[{"embeddable":true,"href":"https:\/\/kodmalopolska.pl\/index.php?rest_route=%2Fwp%2Fv2%2Fcomments&post=37172"}],"version-history":[{"count":0,"href":"https:\/\/kodmalopolska.pl\/index.php?rest_route=\/wp\/v2\/posts\/37172\/revisions"}],"wp:featuredmedia":[{"embeddable":true,"href":"https:\/\/kodmalopolska.pl\/index.php?rest_route=\/wp\/v2\/media\/29765"}],"wp:attachment":[{"href":"https:\/\/kodmalopolska.pl\/index.php?rest_route=%2Fwp%2Fv2%2Fmedia&parent=37172"}],"wp:term":[{"taxonomy":"category","embeddable":true,"href":"https:\/\/kodmalopolska.pl\/index.php?rest_route=%2Fwp%2Fv2%2Fcategories&post=37172"},{"taxonomy":"post_tag","embeddable":true,"href":"https:\/\/kodmalopolska.pl\/index.php?rest_route=%2Fwp%2Fv2%2Ftags&post=37172"}],"curies":[{"name":"wp","href":"https:\/\/api.w.org\/{rel}","templated":true}]}}