{"id":37035,"date":"2023-10-10T21:09:30","date_gmt":"2023-10-10T19:09:30","guid":{"rendered":"https:\/\/kodmalopolska.pl\/?p=37035"},"modified":"2023-10-10T22:39:23","modified_gmt":"2023-10-10T20:39:23","slug":"oswajanie-zla-felieton-fryderyka-zolla-475","status":"publish","type":"post","link":"https:\/\/kodmalopolska.pl\/?p=37035","title":{"rendered":"Oswajanie z\u0142a. Felieton Fryderyka Zolla (475)"},"content":{"rendered":"<h4>Sie\u0107 obiegaj\u0105 filmiki kandydatek Konfederacji stanowi\u0105ce festiwal antyukrai\u0144skich i wprost proputinowskich j\u0105trze\u0144. Kandydat Korwin-Mikke opowiada bzdury o pedofilii i uczestniczy w tworzeniu Fundacji Patriarchat, kt\u00f3ra chce odebra\u0107 kobietom prawo g\u0142osu. Ciekaw jestem, jak w\u0142a\u015bciwy minister wywi\u0105zuje si\u0119 z obowi\u0105zk\u00f3w nadzoru nad t\u0105 fundacj\u0105, kt\u00f3ra promuje antykonstytucyjne pogl\u0105dy, naruszaj\u0105ce podstawy demokracji. Pose\u0142 Bosak wprawdzie wyg\u0142asza rozmaite dementi, a lider Mentzen dystansuje si\u0119 wobec pomys\u0142\u00f3w Korwina, ale wystarczy pos\u0142ucha\u0107 bajdurze\u0144 kandydat\u00f3w i kandydatek tego ugrupowania, by zrozumie\u0107, \u017ce nie jest to jedynie egzotyczny koloryt. Pogl\u0105dy te docieraj\u0105 do opinii publicznej i zaczynaj\u0105 nam zatruwa\u0107 \u017cycie polityczne. Antyukrai\u0144ska, zagra\u017caj\u0105ca geopolitycznym interesom Polski wolta PiS-u jest wynikiem absorbowania takich w\u0142a\u015bnie wizji.<\/h4>\n<p>W\u015br\u00f3d potencjalnych wyborc\u00f3w Konfederacji s\u0105 m\u0142odzi przedsi\u0119biorcy, kt\u00f3rzy za PiS-owskich rz\u0105d\u00f3w do\u015bwiadczyli pogarszaj\u0105cego si\u0119 otoczenia gospodarczego. Jednak g\u0142osowanie na Konfederacj\u0119, aby wesprze\u0107 prorynkow\u0105 orientacj\u0119 pa\u0144stwa, jest zdecydowanie z\u0142ym pomys\u0142em. Pa\u0144stwo polskie pe\u0142ne nacjonalistycznych d\u0105\u017ce\u0144 sprzecznych z jego interesami nie b\u0119dzie atrakcyjne dla inwestor\u00f3w. Pa\u0144stwo wstrz\u0105sane fundamentalnymi konfliktami o wymiar sprawiedliwo\u015bci i s\u0142u\u017cb\u0119 cywiln\u0105 nie ochroni przedsi\u0119biorc\u00f3w. W\u015br\u00f3d kandydatek i kandydat\u00f3w demokratycznej opozycji jest wiele os\u00f3b nastawionych prorynkowo. Je\u017celi znajd\u0105 si\u0119 w parlamencie, jest szansa na znacznie lepsze warunki dla ma\u0142ego i \u015bredniego biznesu.<\/p>\n<p>Nie nale\u017cy g\u0142osowa\u0107 na tych, kt\u00f3rzy umiej\u0105 tylko wypuszcza\u0107 nowe d\u017ciny z butelek. Nie nale\u017cy popiera\u0107 siewc\u00f3w konflikt\u00f3w. Plakat Konfederacji wzywaj\u0105cy do pozbawienia Ukrai\u0144c\u00f3w pomocy socjalnej nawi\u0105zuje ju\u017c sam\u0105 stylistyk\u0105 do najstraszniejszych czas\u00f3w. Jest wyrazem przemocy wobec tych, kt\u00f3rzy w trakcie wojny zdani s\u0105 na nasz\u0105 pomoc, a sami g\u0142osowa\u0107 nie mog\u0105. Na parti\u0119, kt\u00f3ra w ten spos\u00f3b szuka wyborc\u00f3w, g\u0142osowa\u0107 nie wolno. Ludzka godno\u015b\u0107 nie zagra\u017ca wolno\u015bci, kto natomiast uderza w godno\u015b\u0107 innych, zawsze w ko\u0144cu odbierze nam wolno\u015b\u0107, je\u015bli b\u0119dzie mia\u0142\u00a0ku\u00a0temu\u00a0okazj\u0119.<\/p>\n<hr class=\"wp-block-separator has-alpha-channel-opacity\" \/>\n<p><em>Felieton jest wyrazem opinii autora. Nie prezentuje stanowiska ZR Ma\u0142opolskie.<\/em><\/p>\n","protected":false},"excerpt":{"rendered":"<p>Sie\u0107 obiegaj\u0105 filmiki kandydatek Konfederacji stanowi\u0105ce festiwal antyukrai\u0144skich i wprost proputinowskich j\u0105trze\u0144. Kandydat Korwin-Mikke opowiada bzdury o pedofilii i uczestniczy w tworzeniu Fundacji Patriarchat, kt\u00f3ra chce odebra\u0107 kobietom prawo g\u0142osu. Ciekaw jestem, jak w\u0142a\u015bciwy minister wywi\u0105zuje si\u0119 z obowi\u0105zk\u00f3w nadzoru nad t\u0105 fundacj\u0105, kt\u00f3ra promuje antykonstytucyjne pogl\u0105dy, naruszaj\u0105ce podstawy demokracji. Pose\u0142 Bosak wprawdzie wyg\u0142asza rozmaite dementi, a lider Mentzen dystansuje si\u0119 wobec pomys\u0142\u00f3w Korwina, ale wystarczy pos\u0142ucha\u0107 bajdurze\u0144 kandydat\u00f3w i kandydatek tego ugrupowania, by zrozumie\u0107, \u017ce nie jest to jedynie egzotyczny koloryt. Pogl\u0105dy te docieraj\u0105 do opinii publicznej i zaczynaj\u0105 nam zatruwa\u0107 \u017cycie polityczne. Antyukrai\u0144ska, zagra\u017caj\u0105ca geopolitycznym interesom Polski wolta PiS-u jest wynikiem absorbowania takich w\u0142a\u015bnie wizji.<\/p>\n","protected":false},"author":34,"featured_media":24583,"comment_status":"closed","ping_status":"open","sticky":false,"template":"","format":"standard","meta":{"_EventAllDay":false,"_EventTimezone":"","_EventStartDate":"","_EventEndDate":"","_EventStartDateUTC":"","_EventEndDateUTC":"","_EventShowMap":false,"_EventShowMapLink":false,"_EventURL":"","_EventCost":"","_EventCostDescription":"","_EventCurrencySymbol":"","_EventCurrencyCode":"","_EventCurrencyPosition":"","_EventDateTimeSeparator":"","_EventTimeRangeSeparator":"","_EventOrganizerID":[],"_EventVenueID":[],"_OrganizerEmail":"","_OrganizerPhone":"","_OrganizerWebsite":"","_VenueAddress":"","_VenueCity":"","_VenueCountry":"","_VenueProvince":"","_VenueState":"","_VenueZip":"","_VenuePhone":"","_VenueURL":"","_VenueStateProvince":"","_VenueLat":"","_VenueLng":"","_VenueShowMap":false,"_VenueShowMapLink":false,"footnotes":""},"categories":[596],"tags":[],"class_list":["post-37035","post","type-post","status-publish","format-standard","has-post-thumbnail","hentry","category-felietony","felietony"],"_links":{"self":[{"href":"https:\/\/kodmalopolska.pl\/index.php?rest_route=\/wp\/v2\/posts\/37035","targetHints":{"allow":["GET"]}}],"collection":[{"href":"https:\/\/kodmalopolska.pl\/index.php?rest_route=\/wp\/v2\/posts"}],"about":[{"href":"https:\/\/kodmalopolska.pl\/index.php?rest_route=\/wp\/v2\/types\/post"}],"author":[{"embeddable":true,"href":"https:\/\/kodmalopolska.pl\/index.php?rest_route=\/wp\/v2\/users\/34"}],"replies":[{"embeddable":true,"href":"https:\/\/kodmalopolska.pl\/index.php?rest_route=%2Fwp%2Fv2%2Fcomments&post=37035"}],"version-history":[{"count":0,"href":"https:\/\/kodmalopolska.pl\/index.php?rest_route=\/wp\/v2\/posts\/37035\/revisions"}],"wp:featuredmedia":[{"embeddable":true,"href":"https:\/\/kodmalopolska.pl\/index.php?rest_route=\/wp\/v2\/media\/24583"}],"wp:attachment":[{"href":"https:\/\/kodmalopolska.pl\/index.php?rest_route=%2Fwp%2Fv2%2Fmedia&parent=37035"}],"wp:term":[{"taxonomy":"category","embeddable":true,"href":"https:\/\/kodmalopolska.pl\/index.php?rest_route=%2Fwp%2Fv2%2Fcategories&post=37035"},{"taxonomy":"post_tag","embeddable":true,"href":"https:\/\/kodmalopolska.pl\/index.php?rest_route=%2Fwp%2Fv2%2Ftags&post=37035"}],"curies":[{"name":"wp","href":"https:\/\/api.w.org\/{rel}","templated":true}]}}