{"id":36900,"date":"2023-09-23T18:43:31","date_gmt":"2023-09-23T16:43:31","guid":{"rendered":"https:\/\/kodmalopolska.pl\/?p=36900"},"modified":"2023-09-23T18:43:31","modified_gmt":"2023-09-23T16:43:31","slug":"roztrwonienie-kapitalu-felieton-fryderyka-zolla-471","status":"publish","type":"post","link":"https:\/\/kodmalopolska.pl\/?p=36900","title":{"rendered":"Roztrwonienie kapita\u0142u. Felieton Fryderyka Zolla (471)"},"content":{"rendered":"<h4>Polska pomoc dla Ukrainy stanowi\u0142a nie tylko inwestycj\u0119 w obron\u0119 naszej wolno\u015bci. By\u0142a niezwyk\u0142ym instrumentem budowania polskiej pozycji mi\u0119dzynarodowej. Nagle zacz\u0119li\u015bmy jako pa\u0144stwo gra\u0107 w zupe\u0142nie innej lidze. Uda\u0142o nam si\u0119 znowu prze\u0142ama\u0107 stereotyp narodu zakompleksia\u0142ego, pogr\u0105\u017conego w rozpami\u0119tywaniu kl\u0119sk, pe\u0142nego zgorzknienia i niech\u0119ci do innych. Ten zgromadzony b\u0142yskawicznie kapita\u0142 m\u00f3g\u0142 w przysz\u0142o\u015bci by\u0107 podstaw\u0105 przekszta\u0142cenia Polski w prawdziwe regionalne mocarstwo oparte na zdobytej soft power.<\/h4>\n<p>Kryzys zbo\u017cowy i ch\u0119\u0107 wykorzystania antyukrai\u0144skich resentyment\u00f3w tak, by PiS w wyborach uciu\u0142a\u0142o par\u0119 procent g\u0142os\u00f3w wi\u0119cej, t\u0119 perspektyw\u0119 oddali\u0142 lub ca\u0142kiem zniszczy\u0142. Gorzkie s\u0142owa prezydenta Ze\u0142enskiego na Zgromadzeniu Og\u00f3lnym ONZ by\u0142y usprawiedliwione. Nasze potraktowanie kryzysu zbo\u017cowego to p\u00f3j\u015bcie na r\u0119k\u0119 Putinowi. W\u0142a\u015bnie na to Putin liczy\u0142, blokuj\u0105c Morze Czarne. W tym sensie wspomogli\u015bmy moskalski wysi\u0142ek wojenny, os\u0142abiaj\u0105c Ukrain\u0119.<\/p>\n<p>Ba\u0142amutny jest argument, \u017ce przecie\u017c nie mogli\u015bmy po\u015bwi\u0119ci\u0107 naszych rolnik\u00f3w. Fakt, \u017ce i w Ukrainie, i w Polsce hoduje si\u0119 zbo\u017ce, nie zosta\u0142 odkryty \u2013 mam nadziej\u0119 \u2013 dopiero teraz. Gdyby\u015bmy naprawd\u0119 rozumieli, czym jest ta wojna i jakie znaczenie dla przysz\u0142o\u015bci \u015bwiata, a zw\u0142aszcza Europy, ma zwyci\u0119stwo Ukrainy, zachowaliby\u015bmy si\u0119 zupe\u0142nie inaczej. Lojalni sojusznicy ju\u017c rok temu postaraliby si\u0119 rozwi\u0105za\u0107 ten problem \u2013 w przyjacielskich negocjacjach, z dala od blasku fleszy i bez tromtadracji premiera Morawieckiego, jakoby los polskich rolnik\u00f3w by\u0142 wa\u017cniejszy od Ukrainy. Je\u015bli Ukraina przegra, nikt polskich rolnik\u00f3w nie uratuje. Strona ukrai\u0144ska te\u017c jest \u015bwiadoma, \u017ce wywo\u0142anie kryzysu w Polsce przek\u0142ada si\u0119 automatycznie na poziom wspierania jej wysi\u0142ku wojskowego. Obecna sytuacja jest wynikiem absolutnego braku profesjonalizmu polskiego rz\u0105du (o ukrai\u0144skim musz\u0105 si\u0119 wypowiedzie\u0107 sami Ukrai\u0144cy).<\/p>\n<p>Premier Morawiecki zabrania prezydentowi Ze\u0142enskiemu obra\u017ca\u0107 Polak\u00f3w. Nie s\u0105dz\u0119, \u017ce Polak\u00f3w obrazi\u0142y s\u0142owa Ze\u0142enskiego. Obra\u017ca ich raczej Morawiecki. Polacy wspierali Ukrain\u0119, dzia\u0142aj\u0105c nie tylko w porywie serca, ale ze \u015bwiadomo\u015bci\u0105, \u017ce w ten spos\u00f3b uczestnicz\u0105 w powstrzymaniu agresji, kt\u00f3ra mo\u017ce zagrozi\u0107 r\u00f3wnie\u017c nam. Tu nic si\u0119 nie zmieni\u0142o. S\u0142owa Morawieckiego o niepomaganiu czy zmniejszeniu pomocy godz\u0105 w r\u00f3wnym stopniu w Ukrai\u0144c\u00f3w i Polak\u00f3w. M\u00f3wi\u0105c, \u017ce teraz sami b\u0119dziemy si\u0119 zbroi\u0107, wi\u0119c ju\u017c \u017cadnej broni innym nie damy, premier wysy\u0142a polskim matkom i ojcom sygna\u0142, \u017ce w tych nowo sprowadzonych czo\u0142gach i samolotach zgin\u0105 ich dzieci, bo w krytycznym momencie przestali\u015bmy wspiera\u0107 obron\u0119 Ukrainy. To w\u0142a\u015bnie wyja\u015bnia\u0142 prezydent Ze\u0142enski. Morawiecki obra\u017ca Polak\u00f3w, je\u015bli my\u015bli, \u017ce tego przekazu nie zrozumieli.<\/p>\n<p>Amerykanie te\u017c zapami\u0119taj\u0105 postaw\u0119 polskiego premiera, kt\u00f3ry po\u0142o\u017cy\u0142 solidny fundament pod przysz\u0142e osamotnienie Polski w godzinie pr\u00f3by. No c\u00f3\u017c, Realpolitik. W\u0142asne zaniedbania rz\u0105d stara si\u0119 przypisa\u0107 Niemcom, znowu obra\u017caj\u0105c m\u0105dro\u015b\u0107 Polak\u00f3w \u2013 cho\u0107 mo\u017ce nie tych, kt\u00f3rych polsko\u015b\u0107 szef Morawieckiego, pan Kaczy\u0144ski, definiuje przez niep\u00f3j\u015bcie do kina.<\/p>\n<p>Ogarnijmy si\u0119 15 pa\u017adziernika. Wida\u0107 wyra\u017anie, \u017ce od tego zale\u017cy los pa\u0144stwa, a mo\u017ce i znacznie\u00a0wi\u0119cej.<\/p>\n<p><a href=\"https:\/\/fundacjakurtyki.pl\/wsparcie-dla-ukrainy\/\"><img decoding=\"async\" src=\"https:\/\/kodmalopolska.pl\/wp-content\/uploads\/2022\/03\/Wsparcie-dla-Ukrainy-153x80-1.jpg\" alt=\"\" \/>\u00a0\u00a0Wesprzyj Ukrain\u0119 poprzez Fundacj\u0119 im. Janusza Kurtyki!<\/a><\/p>\n<hr class=\"wp-block-separator has-alpha-channel-opacity\" \/>\n<p><em>Felieton jest wyrazem opinii autora. Nie prezentuje stanowiska ZR Ma\u0142opolskie.<\/em><\/p>\n","protected":false},"excerpt":{"rendered":"<p>Polska pomoc dla Ukrainy stanowi\u0142a nie tylko inwestycj\u0119 w obron\u0119 naszej wolno\u015bci. By\u0142a niezwyk\u0142ym instrumentem budowania polskiej pozycji mi\u0119dzynarodowej. Nagle zacz\u0119li\u015bmy jako pa\u0144stwo gra\u0107 w zupe\u0142nie innej lidze. Uda\u0142o nam si\u0119 znowu prze\u0142ama\u0107 stereotyp narodu zakompleksia\u0142ego, pogr\u0105\u017conego w rozpami\u0119tywaniu kl\u0119sk, pe\u0142nego zgorzknienia i niech\u0119ci do innych. Ten zgromadzony b\u0142yskawicznie kapita\u0142 m\u00f3g\u0142 w przysz\u0142o\u015bci by\u0107 podstaw\u0105 przekszta\u0142cenia Polski w prawdziwe regionalne mocarstwo oparte na zdobytej soft power.<\/p>\n","protected":false},"author":34,"featured_media":29765,"comment_status":"closed","ping_status":"open","sticky":false,"template":"","format":"standard","meta":{"_EventAllDay":false,"_EventTimezone":"","_EventStartDate":"","_EventEndDate":"","_EventStartDateUTC":"","_EventEndDateUTC":"","_EventShowMap":false,"_EventShowMapLink":false,"_EventURL":"","_EventCost":"","_EventCostDescription":"","_EventCurrencySymbol":"","_EventCurrencyCode":"","_EventCurrencyPosition":"","_EventDateTimeSeparator":"","_EventTimeRangeSeparator":"","_EventOrganizerID":[],"_EventVenueID":[],"_OrganizerEmail":"","_OrganizerPhone":"","_OrganizerWebsite":"","_VenueAddress":"","_VenueCity":"","_VenueCountry":"","_VenueProvince":"","_VenueState":"","_VenueZip":"","_VenuePhone":"","_VenueURL":"","_VenueStateProvince":"","_VenueLat":"","_VenueLng":"","_VenueShowMap":false,"_VenueShowMapLink":false,"footnotes":""},"categories":[596],"tags":[],"class_list":["post-36900","post","type-post","status-publish","format-standard","has-post-thumbnail","hentry","category-felietony","felietony"],"_links":{"self":[{"href":"https:\/\/kodmalopolska.pl\/index.php?rest_route=\/wp\/v2\/posts\/36900","targetHints":{"allow":["GET"]}}],"collection":[{"href":"https:\/\/kodmalopolska.pl\/index.php?rest_route=\/wp\/v2\/posts"}],"about":[{"href":"https:\/\/kodmalopolska.pl\/index.php?rest_route=\/wp\/v2\/types\/post"}],"author":[{"embeddable":true,"href":"https:\/\/kodmalopolska.pl\/index.php?rest_route=\/wp\/v2\/users\/34"}],"replies":[{"embeddable":true,"href":"https:\/\/kodmalopolska.pl\/index.php?rest_route=%2Fwp%2Fv2%2Fcomments&post=36900"}],"version-history":[{"count":0,"href":"https:\/\/kodmalopolska.pl\/index.php?rest_route=\/wp\/v2\/posts\/36900\/revisions"}],"wp:featuredmedia":[{"embeddable":true,"href":"https:\/\/kodmalopolska.pl\/index.php?rest_route=\/wp\/v2\/media\/29765"}],"wp:attachment":[{"href":"https:\/\/kodmalopolska.pl\/index.php?rest_route=%2Fwp%2Fv2%2Fmedia&parent=36900"}],"wp:term":[{"taxonomy":"category","embeddable":true,"href":"https:\/\/kodmalopolska.pl\/index.php?rest_route=%2Fwp%2Fv2%2Fcategories&post=36900"},{"taxonomy":"post_tag","embeddable":true,"href":"https:\/\/kodmalopolska.pl\/index.php?rest_route=%2Fwp%2Fv2%2Ftags&post=36900"}],"curies":[{"name":"wp","href":"https:\/\/api.w.org\/{rel}","templated":true}]}}