{"id":36831,"date":"2023-09-16T20:36:10","date_gmt":"2023-09-16T18:36:10","guid":{"rendered":"https:\/\/kodmalopolska.pl\/?p=36831"},"modified":"2023-09-16T20:36:10","modified_gmt":"2023-09-16T18:36:10","slug":"jeszcze-o-ziarnie-panstwie-prawa-i-wdziecznosci-felieton-fryderyka-zolla-468","status":"publish","type":"post","link":"https:\/\/kodmalopolska.pl\/?p=36831","title":{"rendered":"Jeszcze o ziarnie, pa\u0144stwie prawa i wdzi\u0119czno\u015bci. Felieton Fryderyka Zolla (468)"},"content":{"rendered":"<h4>Wprowadzenie polskiego embarga na zbo\u017ce ukrai\u0144skie po odmowie przed\u0142u\u017cenia zakazu przez Uni\u0119 Europejsk\u0105 stanowi naruszenie fundamentu Unii Europejskiej, jakim jest unijny rynek wewn\u0119trzny. Kontrola nad tym rynkiem i nad jego granicami nale\u017cy do kompetencji Komisji Europejskiej. Polskie rozporz\u0105dzenie zosta\u0142o wydane z naruszeniem prawa unijnego w kwestii, w kt\u00f3rej Polska kompetencji si\u0119 wyzby\u0142a. Wydanie tego rozporz\u0105dzenia stanowi zatem najpewniej przest\u0119pstwo urz\u0119dnicze. Pokazuje Polsk\u0119 jako pa\u0144stwo niezdolne do zaci\u0105gania mi\u0119dzynarodowych zobowi\u0105za\u0144 i wykonywania um\u00f3w. Na przysz\u0142o\u015b\u0107 pozbawia to Polsk\u0119 mo\u017cliwo\u015bci odegrania jakiejkolwiek mi\u0119dzynarodowej roli. Mo\u017cna zapomnie\u0107 o pozycji regionalnego lidera czy jakiegokolwiek kreatora polityki regionalnej. W Europie nie liczymy si\u0119 wcale. Pa\u0144stwo handluj\u0105ce wizami, \u0142ami\u0105ce umowy, ignoruj\u0105ce w\u0142asny i europejski wymiar sprawiedliwo\u015bci staje si\u0119 jedynie po\u015bmiewiskiem, cho\u0107by i napuszonym.<\/h4>\n<p>Jecha\u0142em teraz do Ukrainy z transportem dar\u00f3w. Zastanawia\u0142em si\u0119, czy postawa mojego kraju znajdzie odzwierciedlenie w mi\u0119dzyludzkich relacjach (w poprzednim felietonie pisa\u0142em o \u017calach ukrai\u0144skiego farmera, nie oligarchy, jak to si\u0119 wydaje premierowi Morawieckiemu). Kilka razy zatrzymano nas w punktach kontrolnych, co si\u0119 wcze\u015bniej nie zdarza\u0142o. Zatrzymywano nas jednak tylko po to, \u017ceby wyrazi\u0107 bezgraniczn\u0105 wdzi\u0119czno\u015b\u0107 za nasz\u0105 pomoc. Wsparcie to jest potrzebne i nadal pokazuje jaki\u015b lepszy obraz Polski ni\u017c ten, na kt\u00f3ry sk\u0142adaj\u0105 si\u0119 wyczyny rz\u0105dz\u0105cych Polsk\u0105, zainteresowanych jedynie w\u0142adz\u0105. Wdzi\u0119czna twarz ukrai\u0144skiego \u017co\u0142nierza daje nadziej\u0119, \u017ce r\u00f3\u017cni Morawieccy naszej polityki nie zniszcz\u0105 tego, co mi\u0119dzy Ukrai\u0144cami i Polakami uda\u0142o\u00a0si\u0119\u00a0zbudowa\u0107.<\/p>\n<p><a href=\"https:\/\/fundacjakurtyki.pl\/wsparcie-dla-ukrainy\/\"><img decoding=\"async\" src=\"https:\/\/kodmalopolska.pl\/wp-content\/uploads\/2022\/03\/Wsparcie-dla-Ukrainy-153x80-1.jpg\" alt=\"\" \/>\u00a0\u00a0Wesprzyj Ukrain\u0119 poprzez Fundacj\u0119 im. Janusza Kurtyki!<\/a><\/p>\n<hr class=\"wp-block-separator has-alpha-channel-opacity\" \/>\n<p><em>Felieton jest wyrazem opinii autora. Nie prezentuje stanowiska ZR Ma\u0142opolskie.<\/em><\/p>\n","protected":false},"excerpt":{"rendered":"<p>Wprowadzenie polskiego embarga na zbo\u017ce ukrai\u0144skie po odmowie przed\u0142u\u017cenia zakazu przez Uni\u0119 Europejsk\u0105 stanowi naruszenie fundamentu Unii Europejskiej, jakim jest unijny rynek wewn\u0119trzny. Kontrola nad tym rynkiem i nad jego granicami nale\u017cy do kompetencji Komisji Europejskiej. Polskie rozporz\u0105dzenie zosta\u0142o wydane z naruszeniem prawa unijnego w kwestii, w kt\u00f3rej Polska kompetencji si\u0119 wyzby\u0142a.<\/p>\n","protected":false},"author":34,"featured_media":29765,"comment_status":"closed","ping_status":"open","sticky":false,"template":"","format":"standard","meta":{"_EventAllDay":false,"_EventTimezone":"","_EventStartDate":"","_EventEndDate":"","_EventStartDateUTC":"","_EventEndDateUTC":"","_EventShowMap":false,"_EventShowMapLink":false,"_EventURL":"","_EventCost":"","_EventCostDescription":"","_EventCurrencySymbol":"","_EventCurrencyCode":"","_EventCurrencyPosition":"","_EventDateTimeSeparator":"","_EventTimeRangeSeparator":"","_EventOrganizerID":[],"_EventVenueID":[],"_OrganizerEmail":"","_OrganizerPhone":"","_OrganizerWebsite":"","_VenueAddress":"","_VenueCity":"","_VenueCountry":"","_VenueProvince":"","_VenueState":"","_VenueZip":"","_VenuePhone":"","_VenueURL":"","_VenueStateProvince":"","_VenueLat":"","_VenueLng":"","_VenueShowMap":false,"_VenueShowMapLink":false,"footnotes":""},"categories":[596],"tags":[],"class_list":["post-36831","post","type-post","status-publish","format-standard","has-post-thumbnail","hentry","category-felietony","felietony"],"_links":{"self":[{"href":"https:\/\/kodmalopolska.pl\/index.php?rest_route=\/wp\/v2\/posts\/36831","targetHints":{"allow":["GET"]}}],"collection":[{"href":"https:\/\/kodmalopolska.pl\/index.php?rest_route=\/wp\/v2\/posts"}],"about":[{"href":"https:\/\/kodmalopolska.pl\/index.php?rest_route=\/wp\/v2\/types\/post"}],"author":[{"embeddable":true,"href":"https:\/\/kodmalopolska.pl\/index.php?rest_route=\/wp\/v2\/users\/34"}],"replies":[{"embeddable":true,"href":"https:\/\/kodmalopolska.pl\/index.php?rest_route=%2Fwp%2Fv2%2Fcomments&post=36831"}],"version-history":[{"count":0,"href":"https:\/\/kodmalopolska.pl\/index.php?rest_route=\/wp\/v2\/posts\/36831\/revisions"}],"wp:featuredmedia":[{"embeddable":true,"href":"https:\/\/kodmalopolska.pl\/index.php?rest_route=\/wp\/v2\/media\/29765"}],"wp:attachment":[{"href":"https:\/\/kodmalopolska.pl\/index.php?rest_route=%2Fwp%2Fv2%2Fmedia&parent=36831"}],"wp:term":[{"taxonomy":"category","embeddable":true,"href":"https:\/\/kodmalopolska.pl\/index.php?rest_route=%2Fwp%2Fv2%2Fcategories&post=36831"},{"taxonomy":"post_tag","embeddable":true,"href":"https:\/\/kodmalopolska.pl\/index.php?rest_route=%2Fwp%2Fv2%2Ftags&post=36831"}],"curies":[{"name":"wp","href":"https:\/\/api.w.org\/{rel}","templated":true}]}}