{"id":36765,"date":"2023-09-11T22:48:13","date_gmt":"2023-09-11T20:48:13","guid":{"rendered":"https:\/\/kodmalopolska.pl\/?p=36765"},"modified":"2023-09-11T23:23:28","modified_gmt":"2023-09-11T21:23:28","slug":"odbylo-sie-spotkanie","status":"publish","type":"post","link":"https:\/\/kodmalopolska.pl\/?p=36765","title":{"rendered":"Odby\u0142o si\u0119 spotkanie&#8230;"},"content":{"rendered":"\r\n<p>W niedziel\u0119 10 wrze\u015bnia jak co rok spotkali\u015bmy si\u0119 w sali Towarzystwa S\u0142owak\u00f3w w Polsce. Program spotkania przewidywa\u0142 kr\u00f3tkie om\u00f3wienie naszych dzia\u0142a\u0144 od poprzedniego spotkania oraz przewidywanych przysz\u0142ych wydarze\u0144 i dyskusj\u0119 na te tematy, nast\u0119pnie ze wzgl\u0119du na gor\u0105cy okres wyborczy zaprosili\u015bmy do mikrofonu kandydat\u00f3w przygotowuj\u0105cych si\u0119 do startu w wyborach. Spotkanie zako\u0144czy\u0142o si\u0119 jak zwykle rozmowami w lu\u017anych podgrupach przy ciasteczkach i kawie lub napojach ch\u0142odz\u0105cych. W spotkaniu udzia\u0142 wzi\u0119\u0142o ok. pi\u0119\u0107dziesi\u0119ciu os\u00f3b, rozdali\u015bmy sporo materia\u0142\u00f3w \u2014 zar\u00f3wno naszych, jak i Akcji Demokracji i kandydat\u00f3w.<\/p>\r\n\r\n\r\n\r\n<p>Zebranie prowadzi\u0142a przewodnicz\u0105ca Zarz\u0105du Regionalnego, Ewelina Pytel.<\/p>\r\n<figure class=\"wp-block-gallery has-nested-images columns-3 is-cropped\">\r\n<figure class=\"wp-block-image\" data-wp-editing=\"1\"><img class=\"wp-image-36771\" alt=\"\" \/><div class=\"rl-gallery-container rl-loading\" id=\"rl-gallery-container-1\" data-gallery_id=\"36791\"> <div class=\"rl-gallery rl-basicgrid-gallery \" id=\"rl-gallery-1\" data-gallery_no=\"1\"> <div class=\"rl-gallery-item\"><a href=\"https:\/\/kodmalopolska.pl\/wp-content\/uploads\/2023\/09\/Zdjecie-WhatsApp-2023-09-10-o-22.56.37-2.jpg\" title=\"\" data-rl_title=\"\" class=\"rl-gallery-link\" data-rl_caption=\"\" data-rel=\"lightbox-gallery-bGlnaHRib3gtZ2FsbGVyeS0x\" data-rl_title=\"\" data-rl_caption=\"\"><img loading=\"lazy\" decoding=\"async\" src=\"https:\/\/kodmalopolska.pl\/wp-content\/uploads\/2023\/09\/Zdjecie-WhatsApp-2023-09-10-o-22.56.37-2-400x189.jpg\" width=\"400\" height=\"189\" alt=\"\" \/><\/a><\/div><div class=\"rl-gallery-item\"><a href=\"https:\/\/kodmalopolska.pl\/wp-content\/uploads\/2023\/09\/Zdjecie-WhatsApp-2023-09-10-o-22.56.36-3.jpg\" title=\"\" data-rl_title=\"\" class=\"rl-gallery-link\" data-rl_caption=\"\" data-rel=\"lightbox-gallery-bGlnaHRib3gtZ2FsbGVyeS0x\" data-rl_title=\"\" data-rl_caption=\"\"><img loading=\"lazy\" decoding=\"async\" src=\"https:\/\/kodmalopolska.pl\/wp-content\/uploads\/2023\/09\/Zdjecie-WhatsApp-2023-09-10-o-22.56.36-3-189x400.jpg\" width=\"189\" height=\"400\" alt=\"\" \/><\/a><\/div><div class=\"rl-gallery-item\"><a href=\"https:\/\/kodmalopolska.pl\/wp-content\/uploads\/2023\/09\/Zdjecie-WhatsApp-2023-09-10-o-22.56.35.jpg\" title=\"\" data-rl_title=\"\" class=\"rl-gallery-link\" data-rl_caption=\"\" data-rel=\"lightbox-gallery-bGlnaHRib3gtZ2FsbGVyeS0x\" data-rl_title=\"\" data-rl_caption=\"\"><img loading=\"lazy\" decoding=\"async\" src=\"https:\/\/kodmalopolska.pl\/wp-content\/uploads\/2023\/09\/Zdjecie-WhatsApp-2023-09-10-o-22.56.35-400x189.jpg\" width=\"400\" height=\"189\" alt=\"\" \/><\/a><\/div><div class=\"rl-gallery-item\"><a href=\"https:\/\/kodmalopolska.pl\/wp-content\/uploads\/2023\/09\/Zdjecie-WhatsApp-2023-09-10-o-22.56.33-2.jpg\" title=\"\" data-rl_title=\"\" class=\"rl-gallery-link\" data-rl_caption=\"\" data-rel=\"lightbox-gallery-bGlnaHRib3gtZ2FsbGVyeS0x\" data-rl_title=\"\" data-rl_caption=\"\"><img loading=\"lazy\" decoding=\"async\" src=\"https:\/\/kodmalopolska.pl\/wp-content\/uploads\/2023\/09\/Zdjecie-WhatsApp-2023-09-10-o-22.56.33-2-400x189.jpg\" width=\"400\" height=\"189\" alt=\"\" \/><\/a><\/div><div class=\"rl-gallery-item\"><a href=\"https:\/\/kodmalopolska.pl\/wp-content\/uploads\/2023\/09\/Zdjecie-WhatsApp-2023-09-10-o-22.56.30.jpg\" title=\"\" data-rl_title=\"\" class=\"rl-gallery-link\" data-rl_caption=\"\" data-rel=\"lightbox-gallery-bGlnaHRib3gtZ2FsbGVyeS0x\" data-rl_title=\"\" data-rl_caption=\"\"><img loading=\"lazy\" decoding=\"async\" src=\"https:\/\/kodmalopolska.pl\/wp-content\/uploads\/2023\/09\/Zdjecie-WhatsApp-2023-09-10-o-22.56.30-400x189.jpg\" width=\"400\" height=\"189\" alt=\"\" \/><\/a><\/div><div class=\"rl-gallery-item\"><a href=\"https:\/\/kodmalopolska.pl\/wp-content\/uploads\/2023\/09\/Zdjecie-WhatsApp-2023-09-10-o-22.56.30-2.jpg\" title=\"\" data-rl_title=\"\" class=\"rl-gallery-link\" data-rl_caption=\"\" data-rel=\"lightbox-gallery-bGlnaHRib3gtZ2FsbGVyeS0x\" data-rl_title=\"\" data-rl_caption=\"\"><img loading=\"lazy\" decoding=\"async\" src=\"https:\/\/kodmalopolska.pl\/wp-content\/uploads\/2023\/09\/Zdjecie-WhatsApp-2023-09-10-o-22.56.30-2-400x189.jpg\" width=\"400\" height=\"189\" alt=\"\" \/><\/a><\/div><div class=\"rl-gallery-item\"><a href=\"https:\/\/kodmalopolska.pl\/wp-content\/uploads\/2023\/09\/Zdjecie-WhatsApp-2023-09-10-o-22.56.29-2.jpg\" title=\"\" data-rl_title=\"\" class=\"rl-gallery-link\" data-rl_caption=\"\" data-rel=\"lightbox-gallery-bGlnaHRib3gtZ2FsbGVyeS0x\" data-rl_title=\"\" data-rl_caption=\"\"><img loading=\"lazy\" decoding=\"async\" src=\"https:\/\/kodmalopolska.pl\/wp-content\/uploads\/2023\/09\/Zdjecie-WhatsApp-2023-09-10-o-22.56.29-2-189x400.jpg\" width=\"189\" height=\"400\" alt=\"\" \/><\/a><\/div><div class=\"rl-gallery-item\"><a href=\"https:\/\/kodmalopolska.pl\/wp-content\/uploads\/2023\/09\/Zdjecie-WhatsApp-2023-09-10-o-22.56.12-2.jpg\" title=\"\" data-rl_title=\"\" class=\"rl-gallery-link\" data-rl_caption=\"\" data-rel=\"lightbox-gallery-bGlnaHRib3gtZ2FsbGVyeS0x\" data-rl_title=\"\" data-rl_caption=\"\"><img loading=\"lazy\" decoding=\"async\" src=\"https:\/\/kodmalopolska.pl\/wp-content\/uploads\/2023\/09\/Zdjecie-WhatsApp-2023-09-10-o-22.56.12-2-189x400.jpg\" width=\"189\" height=\"400\" alt=\"\" \/><\/a><\/div><div class=\"rl-gallery-item\"><a href=\"https:\/\/kodmalopolska.pl\/wp-content\/uploads\/2023\/09\/Zdjecie-WhatsApp-2023-09-10-o-22.23.47-2.jpg\" title=\"\" data-rl_title=\"\" class=\"rl-gallery-link\" data-rl_caption=\"\" data-rel=\"lightbox-gallery-bGlnaHRib3gtZ2FsbGVyeS0x\" data-rl_title=\"\" data-rl_caption=\"\"><img loading=\"lazy\" decoding=\"async\" src=\"https:\/\/kodmalopolska.pl\/wp-content\/uploads\/2023\/09\/Zdjecie-WhatsApp-2023-09-10-o-22.23.47-2-189x400.jpg\" width=\"189\" height=\"400\" alt=\"\" \/><\/a><\/div><div class=\"rl-gallery-item\"><a href=\"https:\/\/kodmalopolska.pl\/wp-content\/uploads\/2023\/09\/Zdjecie-WhatsApp-2023-09-10-o-22.23.34-3.jpg\" title=\"\" data-rl_title=\"\" class=\"rl-gallery-link\" data-rl_caption=\"\" data-rel=\"lightbox-gallery-bGlnaHRib3gtZ2FsbGVyeS0x\" data-rl_title=\"\" data-rl_caption=\"\"><img loading=\"lazy\" decoding=\"async\" src=\"https:\/\/kodmalopolska.pl\/wp-content\/uploads\/2023\/09\/Zdjecie-WhatsApp-2023-09-10-o-22.23.34-3-189x400.jpg\" width=\"189\" height=\"400\" alt=\"\" \/><\/a><\/div><div class=\"rl-gallery-item\"><a href=\"https:\/\/kodmalopolska.pl\/wp-content\/uploads\/2023\/09\/IMG20230910171139-scaled.jpg\" title=\"\" data-rl_title=\"\" class=\"rl-gallery-link\" data-rl_caption=\"\" data-rel=\"lightbox-gallery-bGlnaHRib3gtZ2FsbGVyeS0x\" data-rl_title=\"\" data-rl_caption=\"\"><img loading=\"lazy\" decoding=\"async\" src=\"https:\/\/kodmalopolska.pl\/wp-content\/uploads\/2023\/09\/IMG20230910171139-225x400.jpg\" width=\"225\" height=\"400\" alt=\"\" \/><\/a><\/div><div class=\"rl-gallery-item\"><a href=\"https:\/\/kodmalopolska.pl\/wp-content\/uploads\/2023\/09\/Zdjecie-WhatsApp-2023-09-10-o-22.23.25-2.jpg\" title=\"\" data-rl_title=\"\" class=\"rl-gallery-link\" data-rl_caption=\"\" data-rel=\"lightbox-gallery-bGlnaHRib3gtZ2FsbGVyeS0x\" data-rl_title=\"\" data-rl_caption=\"\"><img loading=\"lazy\" decoding=\"async\" src=\"https:\/\/kodmalopolska.pl\/wp-content\/uploads\/2023\/09\/Zdjecie-WhatsApp-2023-09-10-o-22.23.25-2-189x400.jpg\" width=\"189\" height=\"400\" alt=\"\" \/><\/a><\/div><div class=\"rl-gallery-item\"><a href=\"https:\/\/kodmalopolska.pl\/wp-content\/uploads\/2023\/09\/Zdjecie-WhatsApp-2023-09-10-o-22.23.24-2.jpg\" title=\"\" data-rl_title=\"\" class=\"rl-gallery-link\" data-rl_caption=\"\" data-rel=\"lightbox-gallery-bGlnaHRib3gtZ2FsbGVyeS0x\" data-rl_title=\"\" data-rl_caption=\"\"><img loading=\"lazy\" decoding=\"async\" src=\"https:\/\/kodmalopolska.pl\/wp-content\/uploads\/2023\/09\/Zdjecie-WhatsApp-2023-09-10-o-22.23.24-2-189x400.jpg\" width=\"189\" height=\"400\" alt=\"\" \/><\/a><\/div><div class=\"rl-gallery-item\"><a href=\"https:\/\/kodmalopolska.pl\/wp-content\/uploads\/2023\/09\/Zdjecie-WhatsApp-2023-09-10-o-22.23.21-2.jpg\" title=\"\" data-rl_title=\"\" class=\"rl-gallery-link\" data-rl_caption=\"\" data-rel=\"lightbox-gallery-bGlnaHRib3gtZ2FsbGVyeS0x\" data-rl_title=\"\" data-rl_caption=\"\"><img loading=\"lazy\" decoding=\"async\" src=\"https:\/\/kodmalopolska.pl\/wp-content\/uploads\/2023\/09\/Zdjecie-WhatsApp-2023-09-10-o-22.23.21-2-189x400.jpg\" width=\"189\" height=\"400\" alt=\"\" \/><\/a><\/div><div class=\"rl-gallery-item\"><a href=\"https:\/\/kodmalopolska.pl\/wp-content\/uploads\/2023\/09\/Zdjecie-WhatsApp-2023-09-10-o-22.23.17-2.jpg\" title=\"\" data-rl_title=\"\" class=\"rl-gallery-link\" data-rl_caption=\"\" data-rel=\"lightbox-gallery-bGlnaHRib3gtZ2FsbGVyeS0x\" data-rl_title=\"\" data-rl_caption=\"\"><img loading=\"lazy\" decoding=\"async\" src=\"https:\/\/kodmalopolska.pl\/wp-content\/uploads\/2023\/09\/Zdjecie-WhatsApp-2023-09-10-o-22.23.17-2-189x400.jpg\" width=\"189\" height=\"400\" alt=\"\" \/><\/a><\/div><div class=\"rl-gallery-item\"><a href=\"https:\/\/kodmalopolska.pl\/wp-content\/uploads\/2023\/09\/Zdjecie-WhatsApp-2023-09-10-o-22.23.15-3.jpg\" title=\"\" data-rl_title=\"\" class=\"rl-gallery-link\" data-rl_caption=\"\" data-rel=\"lightbox-gallery-bGlnaHRib3gtZ2FsbGVyeS0x\" data-rl_title=\"\" data-rl_caption=\"\"><img loading=\"lazy\" decoding=\"async\" src=\"https:\/\/kodmalopolska.pl\/wp-content\/uploads\/2023\/09\/Zdjecie-WhatsApp-2023-09-10-o-22.23.15-3-189x400.jpg\" width=\"189\" height=\"400\" alt=\"\" \/><\/a><\/div><div class=\"rl-gallery-item\"><a href=\"https:\/\/kodmalopolska.pl\/wp-content\/uploads\/2023\/09\/IMG20230910173848-scaled.jpg\" title=\"\" data-rl_title=\"\" class=\"rl-gallery-link\" data-rl_caption=\"\" data-rel=\"lightbox-gallery-bGlnaHRib3gtZ2FsbGVyeS0x\" data-rl_title=\"\" data-rl_caption=\"\"><img loading=\"lazy\" decoding=\"async\" src=\"https:\/\/kodmalopolska.pl\/wp-content\/uploads\/2023\/09\/IMG20230910173848-225x400.jpg\" width=\"225\" height=\"400\" alt=\"\" \/><\/a><\/div><div class=\"rl-gallery-item\"><a href=\"https:\/\/kodmalopolska.pl\/wp-content\/uploads\/2023\/09\/Zdjecie-WhatsApp-2023-09-10-o-22.23.15-2.jpg\" title=\"\" data-rl_title=\"\" class=\"rl-gallery-link\" data-rl_caption=\"\" data-rel=\"lightbox-gallery-bGlnaHRib3gtZ2FsbGVyeS0x\" data-rl_title=\"\" data-rl_caption=\"\"><img loading=\"lazy\" decoding=\"async\" src=\"https:\/\/kodmalopolska.pl\/wp-content\/uploads\/2023\/09\/Zdjecie-WhatsApp-2023-09-10-o-22.23.15-2-400x189.jpg\" width=\"400\" height=\"189\" alt=\"\" \/><\/a><\/div><div class=\"rl-gallery-item\"><a href=\"https:\/\/kodmalopolska.pl\/wp-content\/uploads\/2023\/09\/IMG20230910180335-scaled.jpg\" title=\"\" data-rl_title=\"\" class=\"rl-gallery-link\" data-rl_caption=\"\" data-rel=\"lightbox-gallery-bGlnaHRib3gtZ2FsbGVyeS0x\" data-rl_title=\"\" data-rl_caption=\"\"><img loading=\"lazy\" decoding=\"async\" src=\"https:\/\/kodmalopolska.pl\/wp-content\/uploads\/2023\/09\/IMG20230910180335-300x400.jpg\" width=\"300\" height=\"400\" alt=\"\" \/><\/a><\/div><div class=\"rl-gallery-item\"><a href=\"https:\/\/kodmalopolska.pl\/wp-content\/uploads\/2023\/09\/Zdjecie-WhatsApp-2023-09-10-o-22.23.12.jpg\" title=\"\" data-rl_title=\"\" class=\"rl-gallery-link\" data-rl_caption=\"\" data-rel=\"lightbox-gallery-bGlnaHRib3gtZ2FsbGVyeS0x\" data-rl_title=\"\" data-rl_caption=\"\"><img loading=\"lazy\" decoding=\"async\" src=\"https:\/\/kodmalopolska.pl\/wp-content\/uploads\/2023\/09\/Zdjecie-WhatsApp-2023-09-10-o-22.23.12-400x189.jpg\" width=\"400\" height=\"189\" alt=\"\" \/><\/a><\/div><div class=\"rl-gallery-item\"><a href=\"https:\/\/kodmalopolska.pl\/wp-content\/uploads\/2023\/09\/Zdjecie-WhatsApp-2023-09-10-o-22.23.12-2.jpg\" title=\"\" data-rl_title=\"\" class=\"rl-gallery-link\" data-rl_caption=\"\" data-rel=\"lightbox-gallery-bGlnaHRib3gtZ2FsbGVyeS0x\" data-rl_title=\"\" data-rl_caption=\"\"><img loading=\"lazy\" decoding=\"async\" src=\"https:\/\/kodmalopolska.pl\/wp-content\/uploads\/2023\/09\/Zdjecie-WhatsApp-2023-09-10-o-22.23.12-2-189x400.jpg\" width=\"189\" height=\"400\" alt=\"\" \/><\/a><\/div> <\/div> <\/div><\/figure>\r\n<p style=\"text-align: right;\">(Zdj\u0119cia: Ma\u0142gorzata Figa-Tomi\u0144ska, Pawe\u0142 Grabski)<\/p>\r\n<hr \/>\r\n<h4 class=\"wp-block-image\"><img class=\"wp-image-36790\" alt=\"\" \/>Kr\u00f3tkie om\u00f3wienie rocznej dzia\u0142alno\u015bci w regionie.<\/h4>\r\n<p class=\"western\" align=\"left\">Dzie\u0144 dobry Pa\u0144stwu!<\/p>\r\n<p class=\"western\" align=\"left\">R\u00f3wno rok temu, 11 wrze\u015bnia ubieg\u0142ego roku, widzieli\u015bmy si\u0119 w tej sali na podobnym spotkaniu. Dzi\u015b przypad\u0142o mi w udziale zadanie przedstawienia Pa\u0144stwu pokr\u00f3tce naszej dzia\u0142alno\u015bci w ci\u0105gu tego roku. Oczywi\u015bcie zaimek \u201emy\u201d w tym tek\u015bcie nie odnosi si\u0119 bynajmniej do Zarz\u0105du Regionu, lecz do og\u00f3\u0142u aktywnych cz\u0142onk\u00f3w KOD Ma\u0142opolskie (a tak\u017ce wielu sympatyk\u00f3w).<\/p>\r\n<p class=\"western\" align=\"left\">Zaczn\u0119 mo\u017ce od wydarze\u0144 cyklicznych, powtarzaj\u0105cych si\u0119 na og\u00f3\u0142 co miesi\u0105c. Najbardziej znane s\u0105 demonstracje poparcia dla niezale\u017cnych s\u0119dzi\u00f3w, odbywaj\u0105ce si\u0119 ok. 18. ka\u017cdego miesi\u0105ca w r\u00f3\u017cnych miastach Ma\u0142opolski. Zazwyczaj nie s\u0105 zbyt liczne, ale ukazuj\u0105 nasze trwa\u0142e poparcie dla praworz\u0105dno\u015bci i sprzeciw przeciwko jej degenerowaniu przez rz\u0105d Zjednoczonej Prawicy. Bywamy te\u017c licznie na \u201eKafejkach S\u0119dziowskich\u201d, a kto mo\u017ce ten je\u017adzi te\u017c na rozprawy dyscyplinarne s\u0119dziego \u017burka.<\/p>\r\n<p class=\"western\" align=\"left\">Drug\u0105 popularn\u0105 form\u0105 naszej aktywno\u015bci s\u0105 namioty informacyjne, zwane te\u017c \u201ePiKODami\u201d. Ich celem jest na og\u00f3\u0142 promowanie Obywatelskiej Kontroli Wybor\u00f3w, a tak\u017ce zbieranie podpis\u00f3w obywateli pod listami poparcia w r\u00f3\u017cnych istotnych sprawach \u2013 ostatnio by\u0142y to listy poparcia dla komitet\u00f3w wyborczych opozycji. Staramy si\u0119 w tej dzia\u0142alno\u015bci wspomaga\u0107 wszystkie partie opozycyjne, niezale\u017cnie od osobistych preferencji wyborczych. Namioty s\u0105 organizowane zazwyczaj przez Grupy Lokalne \u2014 nie dysponuj\u0119 pe\u0142n\u0105 informacj\u0105, ile si\u0119 ich odby\u0142o \u2014 w mojej GL Krowodrza-\u015ar\u00f3dmie\u015bcie w ci\u0105gu roku odby\u0142o si\u0119 ich kilkadziesi\u0105t, w innych GL zapewne podobnie. Nowo\u015bci\u0105 w tym sezonie by\u0142y piKODy z pogranicza region\u00f3w, organizowane wsp\u00f3lnie przez dwa regiony. We wsp\u00f3\u0142pracy z regionem \u015bwi\u0119tokrzyskim odbyli\u015bmy 2 takie wydarzenia: w J\u0119drzejowie i w Miechowie. By\u0142y tak\u017ce debaty organizowane w pobli\u017cu targowisk w mniejszych miejscowo\u015bciach, rozklejanie plakat\u00f3w i bibu\u0142y na tablicach gminnych w okolicy oraz rajdy z przyczepk\u0105 z banerami OKW po regionie.<\/p>\r\n<p class=\"western\" align=\"left\">Wa\u017cn\u0105 stron\u0105 naszej dzia\u0142alno\u015bci s\u0105 zadania edukacyjne. Zorganizowali\u015bmy cykl szkole\u0144 i warsztat\u00f3w na temat organizowania manifestacji \u2013 w ramach warsztat\u00f3w odby\u0142y si\u0119 w lipcu pikniki \u201eObywatelskie Lato\u201d w Nowej Hucie. We wsp\u00f3\u0142pracy z innymi regionami publikowany jest w sieci cykl debat \u201eDemokracja XXI\u201d (7 wyda\u0144), b\u0119d\u0105ca kontynuacj\u0105 wcze\u015bniejszego cyklu \u201eRozmowy w 25-lecie Konstytucji RP\u201d (2 ostatnie wydania pod koniec roku 2022). Podobnemu celowi, ze szczeg\u00f3lnym uwzgl\u0119dnieniem \u201eoswajania\u201d ze sob\u0105 przedstawicieli r\u00f3\u017cnych partii prodemokratycznych, jest cykl spotka\u0144 \u201ena \u017cywo\u201d pod has\u0142em \u201eDebata Opozycji\u201d, organizowanych wraz z Krakowskim Klubem Obywatelskim. Odby\u0142o si\u0119 ju\u017c 5 takich debat w Krakowie i kilka w innych miastach regionu. Uzupe\u0142nieniem tego s\u0105 organizowane przez grupy lokalne spotkania z przedstawicielami r\u00f3\u017cnych partii osobno, po\u015bwi\u0119cone odpytywaniu ich o stosunek partii do rozmaitych wa\u017cnych spo\u0142ecznie zagadnie\u0144.<\/p>\r\n<p class=\"western\" align=\"left\">Pr\u00f3cz czynnych polityk\u00f3w zapraszamy tak\u017ce ciekawych i m\u0105drych ludzi, jak profesorowie Gadacz i Sadurski, dziennikarz Tomasz Pi\u0105tek czy dzia\u0142acz Sieci Solidarno\u015bci Edward Nowak.<\/p>\r\n<p class=\"western\" align=\"left\">Tour de Konstytucja odwiedzi\u0142 i w tym roku 8 miast w regionie \u2013 wszystkie te przystanki by\u0142y przez nas wsp\u00f3\u0142organizowane.<\/p>\r\n<p class=\"western\" align=\"left\">Oczywi\u015bcie organizowali\u015bmy, wsp\u00f3\u0142organizowali\u015bmy lub po prostu uczestniczyli\u015bmy w wielu rozmaitych demonstracjach i manifestacjach, cyklicznych jak np. \u015awi\u0119to Konstytucji 3 Maja, Dzie\u0144 Niepodleg\u0142o\u015bci, ale tak\u017ce upami\u0119tnianie \u015bmierci Piotra Szcz\u0119snego i Paw\u0142a Adamowicza, a tak\u017ce jednorazowych, b\u0119d\u0105cych reakcj\u0105 na bie\u017c\u0105ce wydarzenia. Takich wydarze\u0144 odby\u0142o si\u0119 podczas tego roku ponad 30. Warto tu podkre\u015bli\u0107 dobr\u0105 wsp\u00f3\u0142prac\u0119 ma\u0142opolskiego KOD-u z wieloma organizacjami spo\u0142ecznymi, nie tylko z partiami politycznymi. Szczeg\u00f3lnie mocno zaanga\u017cowali\u015bmy si\u0119 we wsparcie Bia\u0142orusin\u00f3w i Ukrai\u0144c\u00f3w, nie zapominaj\u0105c jednak o krajowych wsp\u00f3\u0142towarzyszach walki.<\/p>\r\n<p class=\"western\" align=\"left\">Poza t\u0105 podstawow\u0105 dzia\u0142alno\u015bci\u0105 jest jeszcze \u201e\u017cycie wewn\u0119trzne\u201d regionu. Jak zapewne Pa\u0144stwo wiecie, przenie\u015bli\u015bmy si\u0119 w styczniu do nowego biura na ul. Blich, wi\u0119kszego i wygodniejszego. Dzi\u0119ki temu mo\u017cemy m.in. udost\u0119pnia\u0107 nasz\u0105 przestrze\u0144 grupie kole\u017canek, prowadz\u0105cych wolontaryjnie kursy j\u0119zyka polskiego dla ukrai\u0144skich uchod\u017ac\u00f3w, okazjonalnie udost\u0119pnia\u0107 j\u0105 dla innych wydarze\u0144 z okolic naszego zakresu dzia\u0142alno\u015bci. R\u00f3wnie\u017c wszelkiego rodzaju zebrania grup roboczych czy grup lokalnych mog\u0105 si\u0119 tu odbywa\u0107 bez \u015bcisku.<\/p>\r\n<p class=\"western\" align=\"left\">Tradycyjnie w ka\u017cdy pierwszy poniedzia\u0142ek miesi\u0105ca spotykamy si\u0119 na otwartych nieformalnych dyskusjach w kawiarni Les Couleurs na ul. Estery. Staramy si\u0119 utrzymywa\u0107 bliskie kontakty z innymi grupami lokalnymi \u2013 w tym celu powsta\u0142a idea spotka\u0144 integracyjnych w ramach regionu \u2013 pierwsze zosta\u0142o zorganizowane w marcu w O\u015bwi\u0119cimiu. Na og\u00f3\u0142 dwa razy do roku zaprasza nas na piknik kole\u017canka Janina \u201eJona\u201d Ro\u015bciszewska do swojej pi\u0119knej posiad\u0142o\u015bci w Dolinie B\u0119dkowskiej.<\/p>\r\n<p class=\"western\" align=\"left\">W ramach dzia\u0142alno\u015bci kulturalnej prowadzimy na stronie www cykl felieton\u00f3w na bie\u017c\u0105ce tematy, pisane przez grup\u0119 znakomitych publicyst\u00f3w, a tak\u017ce Klub Ksi\u0105\u017ckowy, w kt\u00f3rym omawiamy rozmaite ciekawe ksi\u0105\u017cki. Informacje o tym mo\u017cna znale\u017a\u0107 na naszej stronie pod adresem kodmalopolska.pl.<\/p>\r\n<p style=\"text-align: right;\" align=\"left\">(przedstawi\u0142 Pawe\u0142 Grabski)<\/p>\r\n\r\n\r\n\r\n\r\n\r\n\r\n\r\n\r\n\r\n\r\n\r\n\r\n\r\n\r\n\r\n\r\n\r\n\r\n\r\n\r\n\r\n\r\n\r\n\r\n\r\n\r\n\r\n\r\n\r\n\r\n\r\n\r\n<\/figure>\r\n<!-- \/wp:post-content -->","protected":false},"excerpt":{"rendered":"<p>W niedziel\u0119 10 wrze\u015bnia jak co rok spotkali\u015bmy si\u0119 na otwartym zebraniu w sali Towarzystwa S\u0142owak\u00f3w w Polsce &#8211; RELACJA<\/p>\n","protected":false},"author":34,"featured_media":36706,"comment_status":"closed","ping_status":"open","sticky":false,"template":"","format":"standard","meta":{"_EventAllDay":false,"_EventTimezone":"","_EventStartDate":"","_EventEndDate":"","_EventStartDateUTC":"","_EventEndDateUTC":"","_EventShowMap":false,"_EventShowMapLink":false,"_EventURL":"","_EventCost":"","_EventCostDescription":"","_EventCurrencySymbol":"","_EventCurrencyCode":"","_EventCurrencyPosition":"","_EventDateTimeSeparator":"","_EventTimeRangeSeparator":"","_EventOrganizerID":[],"_EventVenueID":[],"_OrganizerEmail":"","_OrganizerPhone":"","_OrganizerWebsite":"","_VenueAddress":"","_VenueCity":"","_VenueCountry":"","_VenueProvince":"","_VenueState":"","_VenueZip":"","_VenuePhone":"","_VenueURL":"","_VenueStateProvince":"","_VenueLat":"","_VenueLng":"","_VenueShowMap":false,"_VenueShowMapLink":false,"footnotes":""},"categories":[31],"tags":[],"class_list":["post-36765","post","type-post","status-publish","format-standard","has-post-thumbnail","hentry","category-relacje-krakow","relacje-krakow"],"_links":{"self":[{"href":"https:\/\/kodmalopolska.pl\/index.php?rest_route=\/wp\/v2\/posts\/36765","targetHints":{"allow":["GET"]}}],"collection":[{"href":"https:\/\/kodmalopolska.pl\/index.php?rest_route=\/wp\/v2\/posts"}],"about":[{"href":"https:\/\/kodmalopolska.pl\/index.php?rest_route=\/wp\/v2\/types\/post"}],"author":[{"embeddable":true,"href":"https:\/\/kodmalopolska.pl\/index.php?rest_route=\/wp\/v2\/users\/34"}],"replies":[{"embeddable":true,"href":"https:\/\/kodmalopolska.pl\/index.php?rest_route=%2Fwp%2Fv2%2Fcomments&post=36765"}],"version-history":[{"count":0,"href":"https:\/\/kodmalopolska.pl\/index.php?rest_route=\/wp\/v2\/posts\/36765\/revisions"}],"wp:featuredmedia":[{"embeddable":true,"href":"https:\/\/kodmalopolska.pl\/index.php?rest_route=\/wp\/v2\/media\/36706"}],"wp:attachment":[{"href":"https:\/\/kodmalopolska.pl\/index.php?rest_route=%2Fwp%2Fv2%2Fmedia&parent=36765"}],"wp:term":[{"taxonomy":"category","embeddable":true,"href":"https:\/\/kodmalopolska.pl\/index.php?rest_route=%2Fwp%2Fv2%2Fcategories&post=36765"},{"taxonomy":"post_tag","embeddable":true,"href":"https:\/\/kodmalopolska.pl\/index.php?rest_route=%2Fwp%2Fv2%2Ftags&post=36765"}],"curies":[{"name":"wp","href":"https:\/\/api.w.org\/{rel}","templated":true}]}}