{"id":36727,"date":"2023-09-09T11:09:46","date_gmt":"2023-09-09T09:09:46","guid":{"rendered":"https:\/\/kodmalopolska.pl\/?p=36727"},"modified":"2023-09-09T11:09:46","modified_gmt":"2023-09-09T09:09:46","slug":"zboze-i-bol-felieton-fryderyka-zolla-467","status":"publish","type":"post","link":"https:\/\/kodmalopolska.pl\/?p=36727","title":{"rendered":"Zbo\u017ce i b\u00f3l. Felieton Fryderyka Zolla (467)"},"content":{"rendered":"<h4>Jecha\u0142em poci\u0105giem z Wiednia do Krakowa. W wagonie sypialnym by\u0142 ze mn\u0105 ukrai\u0144ski biznesmen, farmer, wracaj\u0105cy do domu. Gdy us\u0142ysza\u0142, \u017ce jestem z Polski, wyla\u0142 ca\u0142y sw\u00f3j \u017cal.<\/h4>\n<p>M\u00f3wi\u0142, \u017ce przez zakaz importu zbo\u017ca bankrutuje i nie ma za co utrzyma\u0107 ludzi. Praktycznie zablokowane s\u0105 drogi transportu przez Morze Czarne. Zamkn\u0119\u0142a si\u0119 Polska, odcinaj\u0105c Ukrain\u0119 od Europy. Utrudniany na wszelkie sposoby tranzyt staje si\u0119 mo\u017cliwy tylko w teorii. Prawo mi\u0119dzynarodowe nie ma dla nas znaczenia, zapowiedzieli\u015bmy ju\u017c, \u017ce nie podporz\u0105dkujemy si\u0119 decyzji Europy i nie zniesiemy zakazu importu z Ukrainy po 15 wrze\u015bnia.<\/p>\n<p>Zdaniem ukrai\u0144skiego farmera polscy rolnicy nie zaznali wojny, dlatego nie maj\u0105 lito\u015bci dla Ukrai\u0144c\u00f3w. Ginie najwa\u017cniejsza ga\u0142\u0105\u017a ukrai\u0144skiej gospodarki, a my przyk\u0142adamy do tego r\u0119k\u0119. W niszczeniu ukrai\u0144skiego rolnictwa stali\u015bmy si\u0119 poplecznikiem, cho\u0107by mimowolnym, Putina. Farmer si\u0119 \u017cali\u0142, \u017ce \u0142atwiej dzi\u015b przejecha\u0107 przez Polsk\u0119 ci\u0119\u017car\u00f3wk\u0105 rosyjsk\u0105 ni\u017c ukrai\u0144sk\u0105. To nie jest prawda, ale pokazuje skal\u0119 goryczy.<\/p>\n<p>Jako ukrai\u0144ski rolnik \u2013 m\u00f3wi\u0142 m\u00f3j towarzysz podr\u00f3\u017cy \u2013 jest zapewne persona non grata w Polsce. Nie widzi ju\u017c przyjaznej, pomagaj\u0105cej Polski, ale wrogie pa\u0144stwo dusz\u0105ce gospodark\u0119 Ukrainy w jedynej dziedzinie, w kt\u00f3rej da\u0142o si\u0119 co\u015b zarobi\u0107. Trud tylu polskich wolontariuszy, kt\u00f3rzy pragn\u0119li nowego otwarcia w stosunkach z Ukrain\u0105, idzie zatem na marne. Jeszcze niedawno nasi publicy\u015bci, zw\u0142aszcza prawicowi, snuli wizje unii polsko-ukrai\u0144skiej. Wystarczy\u0142a sprzeczno\u015b\u0107 interes\u00f3w w jednej sprawie i po unii nie ma \u015bladu. Wezwano ambasador\u00f3w, premier Morawiecki udowodni\u0142, \u017ce dla (fa\u0142szywie zdefiniowanego) dora\u017anego interesu Polak\u00f3w jest got\u00f3w po\u015bwieci\u0107 Ukrain\u0119 i wsp\u00f3ln\u0105 przysz\u0142o\u015b\u0107.<\/p>\n<p>Jeste\u015bmy pa\u0144stwem, kt\u00f3re zasady prawa mi\u0119dzynarodowego ma za nic. Zgodnie z prawem europejskim nie wolno nam samodzielnie zabrania\u0107 importu, ale nas prawo nie wi\u0105\u017ce, co nam tam mi\u0119dzynarodowe trybuna\u0142y. Polska traci na tych zakazach r\u00f3wnie\u017c ekonomicznie, zarabiaj\u0105 Niemcy i Turcy. Dla naszych polityk\u00f3w, podobnie jak dla Moskali, liczy si\u0119 jednak tylko si\u0142a i faktyczna w\u0142adza.<\/p>\n<p>Wsparcie Polski dla Ukrainy napawa\u0142o mnie dum\u0105. Wszystko to ulecia\u0142o. Zadajemy b\u00f3l, znowu obci\u0105\u017caj\u0105c rejestr wzajemnych krzywd. Niech Ukrai\u0144cy krwawi\u0105, bankrutuj\u0105, niech na ca\u0142ym \u015bwiecie wojna, byle polska wie\u015b zaciszna, byle polska wie\u015b spokojna. Mia\u0142e\u015b, chamie, z\u0142oty r\u00f3g polsko-ukrai\u0144skiej przysz\u0142o\u015bci. Zostajemy\u00a0jak\u00a0zawsze\u2026<\/p>\n<p><a href=\"https:\/\/fundacjakurtyki.pl\/wsparcie-dla-ukrainy\/\"><img decoding=\"async\" src=\"https:\/\/kodmalopolska.pl\/wp-content\/uploads\/2022\/03\/Wsparcie-dla-Ukrainy-153x80-1.jpg\" alt=\"\" \/>\u00a0\u00a0Wesprzyj Ukrain\u0119 poprzez Fundacj\u0119 im. Janusza Kurtyki!<\/a><\/p>\n<hr class=\"wp-block-separator has-alpha-channel-opacity\" \/>\n<p><em>Felieton jest wyrazem opinii autora. Nie prezentuje stanowiska ZR Ma\u0142opolskie.<\/em><\/p>\n","protected":false},"excerpt":{"rendered":"<p>Jecha\u0142em poci\u0105giem z Wiednia do Krakowa. W wagonie sypialnym by\u0142 ze mn\u0105 ukrai\u0144ski biznesmen, farmer, wracaj\u0105cy do domu. Gdy us\u0142ysza\u0142, \u017ce jestem z Polski, wyla\u0142 ca\u0142y sw\u00f3j \u017cal.<\/p>\n","protected":false},"author":34,"featured_media":29765,"comment_status":"closed","ping_status":"open","sticky":false,"template":"","format":"standard","meta":{"_EventAllDay":false,"_EventTimezone":"","_EventStartDate":"","_EventEndDate":"","_EventStartDateUTC":"","_EventEndDateUTC":"","_EventShowMap":false,"_EventShowMapLink":false,"_EventURL":"","_EventCost":"","_EventCostDescription":"","_EventCurrencySymbol":"","_EventCurrencyCode":"","_EventCurrencyPosition":"","_EventDateTimeSeparator":"","_EventTimeRangeSeparator":"","_EventOrganizerID":[],"_EventVenueID":[],"_OrganizerEmail":"","_OrganizerPhone":"","_OrganizerWebsite":"","_VenueAddress":"","_VenueCity":"","_VenueCountry":"","_VenueProvince":"","_VenueState":"","_VenueZip":"","_VenuePhone":"","_VenueURL":"","_VenueStateProvince":"","_VenueLat":"","_VenueLng":"","_VenueShowMap":false,"_VenueShowMapLink":false,"footnotes":""},"categories":[596],"tags":[],"class_list":["post-36727","post","type-post","status-publish","format-standard","has-post-thumbnail","hentry","category-felietony","felietony"],"_links":{"self":[{"href":"https:\/\/kodmalopolska.pl\/index.php?rest_route=\/wp\/v2\/posts\/36727","targetHints":{"allow":["GET"]}}],"collection":[{"href":"https:\/\/kodmalopolska.pl\/index.php?rest_route=\/wp\/v2\/posts"}],"about":[{"href":"https:\/\/kodmalopolska.pl\/index.php?rest_route=\/wp\/v2\/types\/post"}],"author":[{"embeddable":true,"href":"https:\/\/kodmalopolska.pl\/index.php?rest_route=\/wp\/v2\/users\/34"}],"replies":[{"embeddable":true,"href":"https:\/\/kodmalopolska.pl\/index.php?rest_route=%2Fwp%2Fv2%2Fcomments&post=36727"}],"version-history":[{"count":0,"href":"https:\/\/kodmalopolska.pl\/index.php?rest_route=\/wp\/v2\/posts\/36727\/revisions"}],"wp:featuredmedia":[{"embeddable":true,"href":"https:\/\/kodmalopolska.pl\/index.php?rest_route=\/wp\/v2\/media\/29765"}],"wp:attachment":[{"href":"https:\/\/kodmalopolska.pl\/index.php?rest_route=%2Fwp%2Fv2%2Fmedia&parent=36727"}],"wp:term":[{"taxonomy":"category","embeddable":true,"href":"https:\/\/kodmalopolska.pl\/index.php?rest_route=%2Fwp%2Fv2%2Fcategories&post=36727"},{"taxonomy":"post_tag","embeddable":true,"href":"https:\/\/kodmalopolska.pl\/index.php?rest_route=%2Fwp%2Fv2%2Ftags&post=36727"}],"curies":[{"name":"wp","href":"https:\/\/api.w.org\/{rel}","templated":true}]}}