{"id":36563,"date":"2023-08-15T11:33:17","date_gmt":"2023-08-15T09:33:17","guid":{"rendered":"https:\/\/kodmalopolska.pl\/?p=36563"},"modified":"2023-08-15T11:33:17","modified_gmt":"2023-08-15T09:33:17","slug":"defilada-felieton-fryderyka-zolla-463","status":"publish","type":"post","link":"https:\/\/kodmalopolska.pl\/?p=36563","title":{"rendered":"Defilada. Felieton Fryderyka Zolla (463)"},"content":{"rendered":"<h4>Dzi\u015b w Warszawie imponuj\u0105ca defilada. W rocznic\u0119 warszawskiego zwyci\u0119stwa w wojnie z bolszewick\u0105 Moskw\u0105 przetocz\u0105 si\u0119 przez miasto pot\u0119\u017cne pancerne zagony, a niebo przetn\u0105 nowoczesne samoloty. Mo\u017cna si\u0119 z\u017cyma\u0107, \u017ce to defilada na wyrost: tak Wojsko Polskie ma szanse wygl\u0105da\u0107 w przysz\u0142o\u015bci, ale jeszcze nie teraz. Tak, to defilada na miar\u0119 aspiracji. Cz\u0119sto jednak tak bywa z defiladami \u2013 s\u0105 pokazem si\u0142y dla pokrzepienia serc swoich i przestraszenia wrog\u00f3w.<\/h4>\n<p>Dzisiejszego dnia chcia\u0142bym naprawd\u0119 poczu\u0107 dum\u0119 z polskiej armii. Ukrai\u0144skie do\u015bwiadczenie pokazuje, \u017ce sprawne wojsko jest w naszym zau\u0142ku Europy niezb\u0119dne do przetrwania pa\u0144stwa. Niezb\u0119dna jest silna armia Polski powi\u0105zanej sojuszami i osadzonej mocno w Europie. Jednak wojsko tylko wtedy jest silne, gdy stanowi dla obywateli warto\u015b\u0107 ponad podzia\u0142ami politycznymi. To nie mo\u017ce by\u0107 armia PiS-u ani Platformy, ale nasza wsp\u00f3lna. Nic by nie da\u0142a zachodnia technika, gdyby Ukrai\u0144cy uwa\u017cali swoje oddzia\u0142y za projekt jednego ugrupowania politycznego. W ka\u017cdym konflikcie zbrojnym armia z takim balastem jest skazana na kl\u0119sk\u0119.<\/p>\n<p>Szanuj\u0105ca Konstytucj\u0119 armia musi si\u0119 cieszy\u0107 zaufaniem wszystkich obywateli, daj\u0105c im pewno\u015b\u0107, \u017ce \u017co\u0142nierze chroni\u0105 wolne, demokratyczne, rz\u0105dz\u0105ce si\u0119 Konstytucj\u0105 spo\u0142ecze\u0144stwo. Tymczasem prof. Zybertowicz w programie \u201eKawa na \u0142aw\u0119\u201d bez ogr\u00f3dek stwierdzi\u0142, \u017ce defilada w Warszawie ma wspom\u00f3c PiS w nadchodz\u0105cych wyborach. Oznacza to, \u017ce te wszystkie zakupy uzbrojenia op\u0142acane z naszych podatk\u00f3w i niebywa\u0142e obci\u0105\u017cenie bud\u017cetu pa\u0144stwa to nic innego jak koszty kampanii wyborczej PiS-u. Zybertowicz tym samym podwa\u017cy\u0142 sens dzisiejszego wydarzenia, ods\u0142aniaj\u0105c intencje w\u0142adzy \u2013 w\u0142adzy, kt\u00f3ra w imi\u0119 wyborczych interes\u00f3w jest w stanie zniszczy\u0107 nawet dorobek ostatnich dw\u00f3ch lat realnego zbli\u017cenia z Ukrain\u0105, cho\u0107 od tego sojuszu zale\u017cy bezpiecze\u0144stwo i przysz\u0142o\u015b\u0107 Europy. Czy zatem te czo\u0142gi, transportery i samoloty rzeczywi\u015bcie s\u0105 gwarantem naszej Konstytucji i pa\u0144stwa, czy jedynie kosztownym gad\u017cetem kampanii PiS-u, ugrupowania w du\u017cej mierze antykonstytucyjnego?<\/p>\n<p>Uwa\u017cam wzmocnienie polskiej armii w ostatnim okresie za realne osi\u0105gni\u0119cie rz\u0105dz\u0105cych, kt\u00f3re jako\u015b \u0142agodzi tragiczny bilans tych lat. Osi\u0105gni\u0119cie to mo\u017ce jednak by\u0107 poczytane za zas\u0142ug\u0119 tylko pod warunkiem, \u017ce nie stanie si\u0119 narz\u0119dziem politycznej manipulacji, bo to igranie z ogniem. \u017byjemy w czasach, kiedy potrzebne s\u0105 takie obszary interesu pa\u0144stwa, kt\u00f3re nie prowadz\u0105 do polaryzacji spo\u0142ecze\u0144stwa. Armia musi by\u0107 wsp\u00f3lnym dobrem nas wszystkich. Od tego, czy ka\u017cdy z obywateli niezale\u017cnie od swoich przekona\u0144 politycznych b\u0119dzie m\u00f3g\u0142 si\u0119 z Wojskiem Polskim uto\u017csamia\u0107, zale\u017cy zn\u00f3w bardzo wiele w trakcie wojen, kt\u00f3re ju\u017c si\u0119 tocz\u0105, a tak\u017ce kt\u00f3re by\u0107 mo\u017ce nadchodz\u0105. Na nic si\u0119 zdadz\u0105 nasze wsp\u00f3lne miliardy w\u0142o\u017cone we wzmacnianie armii, je\u015bli armia zostanie w\u0142\u0105czona w polityczn\u0105 kampani\u0119 PiS-u i w\u0142adzy. Prawdziwy patriotyzm podpowiedzia\u0142by rz\u0105dz\u0105cym, w tym prof. Zybertowiczowi, t\u0119 nieskomplikowan\u0105\u00a0prawd\u0119.<\/p>\n<hr class=\"wp-block-separator has-alpha-channel-opacity\" \/>\n<p><em>Felieton jest wyrazem opinii autora. Nie prezentuje stanowiska ZR Ma\u0142opolskie.<\/em><\/p>\n","protected":false},"excerpt":{"rendered":"<p>Dzi\u015b w Warszawie imponuj\u0105ca defilada. W rocznic\u0119 warszawskiego zwyci\u0119stwa w wojnie z bolszewick\u0105 Moskw\u0105 przetocz\u0105 si\u0119 przez miasto pot\u0119\u017cne pancerne [&#8230;]<\/p>\n","protected":false},"author":34,"featured_media":24583,"comment_status":"closed","ping_status":"open","sticky":false,"template":"","format":"standard","meta":{"_EventAllDay":false,"_EventTimezone":"","_EventStartDate":"","_EventEndDate":"","_EventStartDateUTC":"","_EventEndDateUTC":"","_EventShowMap":false,"_EventShowMapLink":false,"_EventURL":"","_EventCost":"","_EventCostDescription":"","_EventCurrencySymbol":"","_EventCurrencyCode":"","_EventCurrencyPosition":"","_EventDateTimeSeparator":"","_EventTimeRangeSeparator":"","_EventOrganizerID":[],"_EventVenueID":[],"_OrganizerEmail":"","_OrganizerPhone":"","_OrganizerWebsite":"","_VenueAddress":"","_VenueCity":"","_VenueCountry":"","_VenueProvince":"","_VenueState":"","_VenueZip":"","_VenuePhone":"","_VenueURL":"","_VenueStateProvince":"","_VenueLat":"","_VenueLng":"","_VenueShowMap":false,"_VenueShowMapLink":false,"footnotes":""},"categories":[596],"tags":[],"class_list":["post-36563","post","type-post","status-publish","format-standard","has-post-thumbnail","hentry","category-felietony","felietony"],"_links":{"self":[{"href":"https:\/\/kodmalopolska.pl\/index.php?rest_route=\/wp\/v2\/posts\/36563","targetHints":{"allow":["GET"]}}],"collection":[{"href":"https:\/\/kodmalopolska.pl\/index.php?rest_route=\/wp\/v2\/posts"}],"about":[{"href":"https:\/\/kodmalopolska.pl\/index.php?rest_route=\/wp\/v2\/types\/post"}],"author":[{"embeddable":true,"href":"https:\/\/kodmalopolska.pl\/index.php?rest_route=\/wp\/v2\/users\/34"}],"replies":[{"embeddable":true,"href":"https:\/\/kodmalopolska.pl\/index.php?rest_route=%2Fwp%2Fv2%2Fcomments&post=36563"}],"version-history":[{"count":0,"href":"https:\/\/kodmalopolska.pl\/index.php?rest_route=\/wp\/v2\/posts\/36563\/revisions"}],"wp:featuredmedia":[{"embeddable":true,"href":"https:\/\/kodmalopolska.pl\/index.php?rest_route=\/wp\/v2\/media\/24583"}],"wp:attachment":[{"href":"https:\/\/kodmalopolska.pl\/index.php?rest_route=%2Fwp%2Fv2%2Fmedia&parent=36563"}],"wp:term":[{"taxonomy":"category","embeddable":true,"href":"https:\/\/kodmalopolska.pl\/index.php?rest_route=%2Fwp%2Fv2%2Fcategories&post=36563"},{"taxonomy":"post_tag","embeddable":true,"href":"https:\/\/kodmalopolska.pl\/index.php?rest_route=%2Fwp%2Fv2%2Ftags&post=36563"}],"curies":[{"name":"wp","href":"https:\/\/api.w.org\/{rel}","templated":true}]}}