{"id":36315,"date":"2023-07-14T22:02:13","date_gmt":"2023-07-14T20:02:13","guid":{"rendered":"https:\/\/kodmalopolska.pl\/?p=36315"},"modified":"2023-07-14T22:02:13","modified_gmt":"2023-07-14T20:02:13","slug":"niewdziecznosc-felieton-fryderyka-zolla-462","status":"publish","type":"post","link":"https:\/\/kodmalopolska.pl\/?p=36315","title":{"rendered":"Niewdzi\u0119czno\u015b\u0107. Felieton Fryderyka Zolla (462)"},"content":{"rendered":"<h4>Kr\u0105\u017c\u0105 informacje, jakoby Amerykanie i Brytyjczycy zarzucali prezydentowi Ze\u0142enskiemu niewdzi\u0119czno\u015b\u0107. Zaraz po szczycie NATO w Wilnie pojawi\u0142o si\u0119 najpierw w moskalskiej propagandzie, a nast\u0119pnie \u2013 powielane bezmy\u015blnie \u2013 na Zachodzie zdj\u0119cie osamotnionego Ze\u0142enskiego w\u015br\u00f3d odwr\u00f3conych od niego mo\u017cnych szczytu. Jest to ca\u0142kowicie zak\u0142amany obraz. Spotkanie NATO pokaza\u0142o pe\u0142ne wsparcie dla Ukrainy.<\/h4>\n<p>Dlaczego w Wilnie nie zdecydowano si\u0119 na bardziej konkretne obietnice dotycz\u0105ce NATO? Nie by\u0142o to mo\u017cliwe. Nawet cz\u0142onkostwo w tej organizacji nie jest samo przez si\u0119 polis\u0105 bezpiecze\u0144stwa. Artyku\u0142 pi\u0105ty traktatu zale\u017cy od woli politycznej stron. Je\u017celi demokracje Zachodu nie b\u0119d\u0105 chcia\u0142y komu\u015b pom\u00f3c, to mimo artyku\u0142u pi\u0105tego mu nie pomog\u0105.<\/p>\n<p>W interesie Ukrainy jest utrzymanie politycznej spoisto\u015bci NATO, bo tylko wtedy zachodnia pomoc b\u0119dzie skuteczna. Ten proces wymaga czasu, a od samych Ukrai\u0144c\u00f3w \u2013 wzmocnienia demokratycznej, transparentnej struktury ich pa\u0144stwa. Politycy pa\u0144stw NATO musz\u0105 dopilnowa\u0107, aby w spo\u0142ecze\u0144stwach Zachodu nie os\u0142ab\u0142a wola politycznego wspierania Ukrainy. Trzeba zatem dzia\u0142a\u0107 spokojnie.<\/p>\n<p>Bezsensowny jest te\u017c wysuwany wobec Ze\u0142enskiego zarzut niewdzi\u0119czno\u015bci. Zach\u00f3d nie pomaga Ukrainie z pobudek charytatywnych. Trzeba sobie u\u015bwiadomi\u0107, \u017ce dzi\u0119ki wspieraniu Ukrainy nie musimy walczy\u0107 z wrogiem na w\u0142asnym terytorium. Sprz\u0119t przekazywany Ukrainie jest wk\u0142adem w nasze bezpiecze\u0144stwo. S\u0142ucha\u0142em niedawno pos\u0142a Konfederacji Stanis\u0142awa Tyszki, kt\u00f3ry twierdzi\u0142, \u017ce Polska rozbroi\u0142a si\u0119 bezmy\u015blnie w interesie Ukrainy. Jest to niezwykle gro\u017ane my\u015blenie. Ka\u017cdy polski czo\u0142g, haubica czy karabin wys\u0142any do Ukrainy zwi\u0119ksza nadziej\u0119 na to, \u017ce wojna nie przyjdzie do nas. Ukrai\u0144cy za ten nasz komfort p\u0142ac\u0105 krwi\u0105. Maj\u0105 zatem prawo by\u0107 niewdzi\u0119czni i zniecierpliwieni, a ich zniecierpliwienie s\u0142ycha\u0107 nawet w prywatnych rozmowach.<\/p>\n<p>Tak, w por\u00f3wnaniu do mieszka\u0144c\u00f3w Ukrainy \u017cyjemy w niebywa\u0142ym komforcie. Wojna rujnuje Ukrai\u0144com \u015bwiat. Ka\u017cda \u015bmier\u0107 walcz\u0105cych na froncie to utrata jakiej\u015b cz\u0105stki przysz\u0142o\u015bci. Kraj zostanie odbudowany, ale \u017cycia tym ludziom nikt nie przywr\u00f3ci. Terror powietrzny wobec ludno\u015bci cywilnej zostawia rany, kt\u00f3re d\u0142ugo b\u0119d\u0105 si\u0119 goi\u0107. Jak wi\u0119c Ukrai\u0144cy mogliby si\u0119 nie niecierpliwi\u0107?<\/p>\n<p>Od politycznych deklaracji du\u017co wa\u017cniejsze jest przesy\u0142anie niezb\u0119dnej broni. Trzeba jak najszybciej dostarczy\u0107 Ukrai\u0144com samoloty, rakiety dalekiego zasi\u0119gu, amunicj\u0119, w tym kasetow\u0105. Moskalskich naje\u017ad\u017ac\u00f3w trzeba z Ukrainy wyp\u0119dzi\u0107. Wszelkie deliberacje, czy rakieta nie poleci zbyt daleko, odsuwaj\u0105 ten moment i kosztuj\u0105 \u017cycie kolejnych Ukrai\u0144c\u00f3w. Bez ludzi nie da si\u0119 zbudowa\u0107 przysz\u0142o\u015bci.<\/p>\n<p>Ta wojna niew\u0105tpliwie rozstrzygnie si\u0119 na polu bitwy. Rozpad w\u0142adzy w Rosji jest tak g\u0142\u0119boki, \u017ce nawet nie wiadomo, z kim nale\u017ca\u0142oby zawrze\u0107 pok\u00f3j. Im szybciej nasypiemy piasku w tryby tej bezmy\u015blnej maszynerii wojennej, tym szybciej doczekamy si\u0119 pokoju. Wiele zale\u017cy od nas samych. Konieczna jest pomoc na wszystkich poziomach, tak\u017ce na poziomie nas, zwyk\u0142ych obywateli. Robimy to dla siebie, nie dla czyje\u015b wdzi\u0119czno\u015bci.<\/p>\n<p>Na szcz\u0119\u015bcie ludzie wci\u0105\u017c pomagaj\u0105. Znowu mn\u00f3stwo os\u00f3b umo\u017cliwi\u0142o dokonanie niezb\u0119dnych zakup\u00f3w. Niemieckie gminy ponownie przekaza\u0142y nam samochody stra\u017cy po\u017carnej, kt\u00f3re przeka\u017cemy Ukrai\u0144com. Ukraina nie jest osamotniona. Powielane w Internecie zdj\u0119cie Ze\u0142enskiego zak\u0142amuje rzeczywisto\u015b\u0107. Potrzeba cierpliwo\u015bci, zrozumienia i zdecydowanych\u00a0dzia\u0142a\u0144.<\/p>\n<p><a href=\"https:\/\/fundacjakurtyki.pl\/wsparcie-dla-ukrainy\/\"><img decoding=\"async\" src=\"https:\/\/kodmalopolska.pl\/wp-content\/uploads\/2022\/03\/Wsparcie-dla-Ukrainy-153x80-1.jpg\" alt=\"\" \/>\u00a0\u00a0Wesprzyj Ukrain\u0119 poprzez Fundacj\u0119 im. Janusza Kurtyki!<\/a><\/p>\n<hr class=\"wp-block-separator has-alpha-channel-opacity\" \/>\n<p><em>Felieton jest wyrazem opinii autora. Nie prezentuje stanowiska ZR Ma\u0142opolskie.<\/em><\/p>\n","protected":false},"excerpt":{"rendered":"<p>Kr\u0105\u017c\u0105 informacje, jakoby Amerykanie i Brytyjczycy zarzucali prezydentowi Ze\u0142enskiemu niewdzi\u0119czno\u015b\u0107. Zaraz po szczycie NATO w Wilnie pojawi\u0142o si\u0119 najpierw w moskalskiej propagandzie, a nast\u0119pnie \u2013 powielane bezmy\u015blnie \u2013 na Zachodzie zdj\u0119cie osamotnionego Ze\u0142enskiego w\u015br\u00f3d odwr\u00f3conych od niego mo\u017cnych szczytu. Jest to ca\u0142kowicie zak\u0142amany obraz. Spotkanie NATO pokaza\u0142o pe\u0142ne wsparcie dla Ukrainy.<\/p>\n","protected":false},"author":34,"featured_media":29765,"comment_status":"closed","ping_status":"open","sticky":false,"template":"","format":"standard","meta":{"_EventAllDay":false,"_EventTimezone":"","_EventStartDate":"","_EventEndDate":"","_EventStartDateUTC":"","_EventEndDateUTC":"","_EventShowMap":false,"_EventShowMapLink":false,"_EventURL":"","_EventCost":"","_EventCostDescription":"","_EventCurrencySymbol":"","_EventCurrencyCode":"","_EventCurrencyPosition":"","_EventDateTimeSeparator":"","_EventTimeRangeSeparator":"","_EventOrganizerID":[],"_EventVenueID":[],"_OrganizerEmail":"","_OrganizerPhone":"","_OrganizerWebsite":"","_VenueAddress":"","_VenueCity":"","_VenueCountry":"","_VenueProvince":"","_VenueState":"","_VenueZip":"","_VenuePhone":"","_VenueURL":"","_VenueStateProvince":"","_VenueLat":"","_VenueLng":"","_VenueShowMap":false,"_VenueShowMapLink":false,"footnotes":""},"categories":[596],"tags":[],"class_list":["post-36315","post","type-post","status-publish","format-standard","has-post-thumbnail","hentry","category-felietony","felietony"],"_links":{"self":[{"href":"https:\/\/kodmalopolska.pl\/index.php?rest_route=\/wp\/v2\/posts\/36315","targetHints":{"allow":["GET"]}}],"collection":[{"href":"https:\/\/kodmalopolska.pl\/index.php?rest_route=\/wp\/v2\/posts"}],"about":[{"href":"https:\/\/kodmalopolska.pl\/index.php?rest_route=\/wp\/v2\/types\/post"}],"author":[{"embeddable":true,"href":"https:\/\/kodmalopolska.pl\/index.php?rest_route=\/wp\/v2\/users\/34"}],"replies":[{"embeddable":true,"href":"https:\/\/kodmalopolska.pl\/index.php?rest_route=%2Fwp%2Fv2%2Fcomments&post=36315"}],"version-history":[{"count":0,"href":"https:\/\/kodmalopolska.pl\/index.php?rest_route=\/wp\/v2\/posts\/36315\/revisions"}],"wp:featuredmedia":[{"embeddable":true,"href":"https:\/\/kodmalopolska.pl\/index.php?rest_route=\/wp\/v2\/media\/29765"}],"wp:attachment":[{"href":"https:\/\/kodmalopolska.pl\/index.php?rest_route=%2Fwp%2Fv2%2Fmedia&parent=36315"}],"wp:term":[{"taxonomy":"category","embeddable":true,"href":"https:\/\/kodmalopolska.pl\/index.php?rest_route=%2Fwp%2Fv2%2Fcategories&post=36315"},{"taxonomy":"post_tag","embeddable":true,"href":"https:\/\/kodmalopolska.pl\/index.php?rest_route=%2Fwp%2Fv2%2Ftags&post=36315"}],"curies":[{"name":"wp","href":"https:\/\/api.w.org\/{rel}","templated":true}]}}