{"id":35975,"date":"2023-05-26T11:23:11","date_gmt":"2023-05-26T09:23:11","guid":{"rendered":"https:\/\/kodmalopolska.pl\/?p=35975"},"modified":"2023-05-26T11:28:41","modified_gmt":"2023-05-26T09:28:41","slug":"lyk-wolnosci-kod-i-opozycja-felieton-fryderyka-zolla-455","status":"publish","type":"post","link":"https:\/\/kodmalopolska.pl\/?p=35975","title":{"rendered":"\u0141yk wolno\u015bci: KOD i opozycja. Felieton Fryderyka Zolla (455)"},"content":{"rendered":"<h4>W przestrzeni medialnej pojawi\u0142 si\u0119 ostatnio plakat R\u00f3\u017cy Thun zapraszaj\u0105cy na coroczny \u0141yk Wolno\u015bci w\u00a0Krakowie. Na plakacie znalaz\u0142o si\u0119 ponadto logo Ruchu Polska 2050 i\u00a0Renew Europe, czyli frakcji w\u00a0Parlamencie Europejskim, do kt\u00f3rej Ruch Ho\u0142owni nale\u017cy, a\u00a0tak\u017ce logo KOD\u2011u. I\u00a0rozp\u0119ta\u0142a si\u0119 awantura. Jak to, KOD wspiera tylko Ho\u0142owni\u0119, a\u00a0przecie\u017c to przez niego nie ma jednej listy! By\u0142y te\u017c nieco zabawne g\u0142osy zarzucaj\u0105ce KOD\u2011owi opowiadanie si\u0119 po stronie Polski katolickiej.<\/h4>\n<p>Wobec tej kolejnej ju\u017c burzy o\u00a0niezbyt przyjemnym zapachu trzeba chyba wszystkim przypomnie\u0107, jakie zadanie czeka nas w\u00a0pa\u017adzierniku. Ot\u00f3\u017c chodzi o\u00a0przywr\u00f3cenie demokracji i\u00a0pa\u0144stwa prawa w\u00a0Polsce. Mo\u017ce burzotw\u00f3rcy tego nie zauwa\u017cyli, ale demonta\u017c instytucji demokratycznej Polski przekroczy\u0142 ju\u017c wszelkie granice. Procedowana w\u00a0Sejmie ustawa o\u00a0powo\u0142aniu komisji do badania wp\u0142yw\u00f3w rosyjskich narusza nawet najni\u017csze wymogi dotycz\u0105ce wymiaru sprawiedliwo\u015bci i\u00a0jest jaskrawo niekonstytucyjna. Upadek Trybuna\u0142u Konstytucyjnego pozostawia w\u00a0naszym pa\u0144stwie lej o\u00a0kolosalnej g\u0142\u0119boko\u015bci, przy kt\u00f3rym rakieta B\u0142aszczaka to nic nieznacz\u0105cy incydent. Destrukcja s\u0105d\u00f3w i\u00a0Narodowego Banku Polskiego, ha\u0144ba na granicy bia\u0142oruskiej, dezorganizacja bud\u017cetu pa\u0144stwa z\u00a0wyprowadzeniem wi\u0119kszo\u015bci \u015brodk\u00f3w poza kontrol\u0119 parlamentarn\u0105, uderzenie w\u00a0niezale\u017cno\u015b\u0107 nauki, dewastacja szkolnictwa, stopniowe wychodzenie z\u00a0Unii \u2013 aby przerwa\u0107 to szale\u0144stwo, trzeba jesienne wybory wygra\u0107, bo potem mo\u017ce ju\u017c nie by\u0107 \u017cadnych wybor\u00f3w.<\/p>\n<p>By\u0142em zwolennikiem jednej listy. Nie ma jej. Przychodzi nam zatem dzia\u0142a\u0107 tak, aby z\u00a0faktu istnienia kilku list wyci\u0105gn\u0105\u0107 wszystko, co si\u0119 da, bo to te\u017c ma swoje zalety. W\u00a0interesie demokratycznej Polski le\u017cy, aby ka\u017cda z\u00a0partii opozycyjnych zdoby\u0142a jak najwi\u0119cej g\u0142os\u00f3w, i\u00a0to nie kosztem innych, ale kosztem PiS\u2011u i\u00a0Konfederacji, oraz dzi\u0119ki przyci\u0105gni\u0119ciu niezdecydowanych. Wa\u017cne, aby ugrupowania demokratyczne nie ok\u0142ada\u0142y si\u0119 nawzajem, nawet je\u015bli jedno z\u00a0nich mia\u0142oby w\u00a0rezultacie zyska\u0107 mniej ni\u017c drugie. Suma g\u0142os\u00f3w opozycji musi by\u0107 znacz\u0105co wi\u0119ksza od sumy g\u0142os\u00f3w si\u0142 antydemokratycznych i\u00a0antyeuropejskich. KOD dzia\u0142a zatem i\u00a0b\u0119dzie dzia\u0142a\u0142 na rzecz wszystkich demokratycznych partii opozycyjnych. W\u00a0tej sytuacji, maj\u0105c na uwadze skal\u0119 zagro\u017ce\u0144 dla Polski, ka\u017cdy atak jednej cz\u0119\u015bci opozycji na drug\u0105 jest dzia\u0142aniem skrajnie nieodpowiedzialnym.<\/p>\n<p>\u0141yk wolno\u015bci zawsze by\u0142 naszym wsp\u00f3lnym \u015bwi\u0119tem i\u00a0tak w\u0142a\u015bnie chcemy go z\u00a0R\u00f3\u017c\u0105 Thun ponownie \u015bwi\u0119towa\u0107 \u2013 w\u00a0nadziei na wielk\u0105 zmian\u0119 w\u00a0pa\u017adzierniku. Czy zmiana ta nast\u0105pi, zdecydujemy sami. Warunkiem jednak jest zrozumienie, \u017ce zwyci\u0119stwo zale\u017cy od wyniku ca\u0142ej opozycji demokratycznej. Je\u015bli to sobie u\u015bwiadomimy, to niezale\u017cnie od tego, na kogo spo\u015br\u00f3d ugrupowa\u0144 opozycyjnych chcemy odda\u0107 g\u0142os, b\u0119dzie nam jako\u015b \u0142atwiej zrozumie\u0107, co nale\u017cy robi\u0107 i\u00a0czego absolutnie robi\u0107 nie nale\u017cy.<\/p>\n<hr \/>\n<p><em>Felieton jest wyrazem opinii autora. Nie prezentuje stanowiska ZR Ma\u0142opolskie.<\/em><\/p>\n","protected":false},"excerpt":{"rendered":"<p>W przestrzeni medialnej pojawi\u0142 si\u0119 ostatnio plakat R\u00f3\u017cy Thun zapraszaj\u0105cy na coroczny \u0141yk Wolno\u015bci w\u00a0Krakowie. Na plakacie znalaz\u0142o si\u0119 ponadto logo Ruchu Polska 2050 i\u00a0Renew Europe, czyli frakcji w\u00a0Parlamencie Europejskim, do kt\u00f3rej Ruch Ho\u0142owni nale\u017cy, a\u00a0tak\u017ce logo KOD\u2011u. I\u00a0rozp\u0119ta\u0142a si\u0119 awantura. Jak to, KOD wspiera tylko Ho\u0142owni\u0119, a\u00a0przecie\u017c to przez niego nie ma jednej listy! By\u0142y te\u017c nieco zabawne g\u0142osy zarzucaj\u0105ce KOD\u2011owi opowiadanie si\u0119 po stronie Polski katolickiej.<\/p>\n","protected":false},"author":2,"featured_media":24583,"comment_status":"closed","ping_status":"open","sticky":false,"template":"","format":"standard","meta":{"_EventAllDay":false,"_EventTimezone":"","_EventStartDate":"","_EventEndDate":"","_EventStartDateUTC":"","_EventEndDateUTC":"","_EventShowMap":false,"_EventShowMapLink":false,"_EventURL":"","_EventCost":"","_EventCostDescription":"","_EventCurrencySymbol":"","_EventCurrencyCode":"","_EventCurrencyPosition":"","_EventDateTimeSeparator":"","_EventTimeRangeSeparator":"","_EventOrganizerID":[],"_EventVenueID":[],"_OrganizerEmail":"","_OrganizerPhone":"","_OrganizerWebsite":"","_VenueAddress":"","_VenueCity":"","_VenueCountry":"","_VenueProvince":"","_VenueState":"","_VenueZip":"","_VenuePhone":"","_VenueURL":"","_VenueStateProvince":"","_VenueLat":"","_VenueLng":"","_VenueShowMap":false,"_VenueShowMapLink":false,"footnotes":""},"categories":[596],"tags":[601],"class_list":["post-35975","post","type-post","status-publish","format-standard","has-post-thumbnail","hentry","category-felietony","tag-fryderyk-zoll","felietony"],"_links":{"self":[{"href":"https:\/\/kodmalopolska.pl\/index.php?rest_route=\/wp\/v2\/posts\/35975","targetHints":{"allow":["GET"]}}],"collection":[{"href":"https:\/\/kodmalopolska.pl\/index.php?rest_route=\/wp\/v2\/posts"}],"about":[{"href":"https:\/\/kodmalopolska.pl\/index.php?rest_route=\/wp\/v2\/types\/post"}],"author":[{"embeddable":true,"href":"https:\/\/kodmalopolska.pl\/index.php?rest_route=\/wp\/v2\/users\/2"}],"replies":[{"embeddable":true,"href":"https:\/\/kodmalopolska.pl\/index.php?rest_route=%2Fwp%2Fv2%2Fcomments&post=35975"}],"version-history":[{"count":0,"href":"https:\/\/kodmalopolska.pl\/index.php?rest_route=\/wp\/v2\/posts\/35975\/revisions"}],"wp:featuredmedia":[{"embeddable":true,"href":"https:\/\/kodmalopolska.pl\/index.php?rest_route=\/wp\/v2\/media\/24583"}],"wp:attachment":[{"href":"https:\/\/kodmalopolska.pl\/index.php?rest_route=%2Fwp%2Fv2%2Fmedia&parent=35975"}],"wp:term":[{"taxonomy":"category","embeddable":true,"href":"https:\/\/kodmalopolska.pl\/index.php?rest_route=%2Fwp%2Fv2%2Fcategories&post=35975"},{"taxonomy":"post_tag","embeddable":true,"href":"https:\/\/kodmalopolska.pl\/index.php?rest_route=%2Fwp%2Fv2%2Ftags&post=35975"}],"curies":[{"name":"wp","href":"https:\/\/api.w.org\/{rel}","templated":true}]}}