{"id":35870,"date":"2023-05-14T23:06:16","date_gmt":"2023-05-14T21:06:16","guid":{"rendered":"https:\/\/kodmalopolska.pl\/?p=35870"},"modified":"2023-05-14T23:08:11","modified_gmt":"2023-05-14T21:08:11","slug":"przemowienie-i-rakieta-felieton-fryderyka-zolla-454","status":"publish","type":"post","link":"https:\/\/kodmalopolska.pl\/?p=35870","title":{"rendered":"Przem\u00f3wienie i rakieta. Felieton Fryderyka Zolla (454)"},"content":{"rendered":"\r\n<h4 class=\"wp-block-heading\">Dziekan Wydzia\u0142u Prawa na Zachodnioukrai\u0144skim Uniwersytecie w Tarnopolu stoi w mundurze przed opancerzonym samochodem. Jest na froncie, ale przemawia do absolwent\u00f3w, kt\u00f3rzy uzyskali w\u0142a\u015bnie dyplomy. Dziekan na froncie w drugim roku wojny nie zapomina o swoim wydziale.<\/h4>\r\n\r\n\r\n\r\n<p>Wczoraj w budynku, kt\u00f3rego powstanie jest jego wielk\u0105 zas\u0142ug\u0105, jak zwykle trwa\u0142y zaj\u0119cia. Prowadzili je moi przyjaciele i znajomi, ludzie bardzo mi bliscy. Sale by\u0142y pe\u0142ne student\u00f3w. Na szcz\u0119\u015bcie do wieczora budynek opustosza\u0142. Wtedy nadlecia\u0142y: z\u0142owrogie, d\u0142ugie cygara. Potem by\u0142y eksplozje.<\/p>\r\n\r\n\r\n\r\n<p>Budynek Wydzia\u0142u Prawa stoi, ale fala wybuchu powyrywa\u0142a okna, zniszczy\u0142a dopieszczone sale. Brakuje s\u0142\u00f3w na opisanie tych, kt\u00f3rzy wysy\u0142aj\u0105 rakiety na domy, szpitale, uniwersytety. Cz\u0142owiek wobec takiego zwyrodnienia jest bezradny. A jednak nie, nie jest bezradny.<\/p>\r\n\r\n\r\n\r\n<p>Przez ca\u0142y dzie\u0144 pisz\u0119 dzi\u015b do moich przyjaci\u00f3\u0142 z uniwersytetu, \u017ceby si\u0119 nie martwili. Nikt nie zgin\u0105\u0142, to najwa\u017cniejsze. Okna si\u0119 wstawi, sale wyremontuje. Pan Karol za\u0142atwi\u0142 kontakt do pani Ani. B\u0119d\u0105 meble. Koledzy z europejskich uniwersytet\u00f3w, tak\u017ce m\u00f3j krakowski dziekan, deklaruj\u0105 pomoc. Wszystko da si\u0119 naprawi\u0107.<\/p>\r\n\r\n\r\n\r\n<p>Rozmawia\u0142em dzi\u015b z tarnopolskim dziekanem, kt\u00f3ry jest na froncie. \u0141ama\u0142 mu si\u0119 g\u0142os. Serhij, damy rad\u0119. Ka\u017cdy taki atak tylko wzmacnia solidarno\u015b\u0107 Europy. Oni, dla kt\u00f3rych s\u0142owo \u201esolidarno\u015b\u0107\u201d nic nie znaczy, nigdy tego nie zrozumiej\u0105. Maj\u0105 jedynie rakiety i k\u0105saj\u0105 w obliczu nieuchronnej kl\u0119ski. Przegraj\u0105. Ju\u017c nied\u0142ugo. Ale my\u00a0musimy\u00a0pom\u00f3c.<\/p>\r\n\r\n\r\n\r\n<table>\r\n<tbody>\r\n<tr>\r\n<td><a href=\"https:\/\/fundacjakurtyki.pl\/wsparcie-dla-ukrainy\/\"><img decoding=\"async\" src=\"https:\/\/kodmalopolska.pl\/wp-content\/uploads\/2022\/03\/Wsparcie-dla-Ukrainy-153x80-1.jpg\" alt=\"\" \/><\/a><\/td>\r\n<td style=\"vertical-align: middle;\">\r\n<p>\u00a0\u00a0<a href=\"https:\/\/fundacjakurtyki.pl\/wsparcie-dla-ukrainy\/\">Wesprzyj Ukrain\u0119 poprzez Fundacj\u0119 im. Janusza Kurtyki!<\/a>\u00a0\u00a0\u00a0<\/p>\r\n<p style=\"text-align: center;\">lub <a href=\"https:\/\/kodmalopolska.pl\/zrzutka-sprzet-dla-samodzielnego-batalionu-iwanofrankowskiego\/\">bezpo\u015brednio walcz\u0105cych w Bachmucie<\/a><\/p>\r\n<\/td>\r\n<td><a href=\"https:\/\/kodmalopolska.pl\/zrzutka-sprzet-dla-samodzielnego-batalionu-iwanofrankowskiego\/\"><img decoding=\"async\" src=\"https:\/\/kodmalopolska.pl\/wp-content\/uploads\/2023\/02\/BatalionBachmut.jpg\" width=\"153\" \/><\/a><\/td>\r\n<\/tr>\r\n<\/tbody>\r\n<\/table>\r\n\r\n\r\n<hr class=\"wp-block-separator has-alpha-channel-opacity\" \/>\r\n\r\n\r\n<p><em>Felieton jest wyrazem opinii autora. Nie prezentuje stanowiska ZR Ma\u0142opolskie.<\/em><\/p>\r\n","protected":false},"excerpt":{"rendered":"<p>Dziekan Wydzia\u0142u Prawa na Zachodnioukrai\u0144skim Uniwersytecie w Tarnopolu stoi w mundurze przed opancerzonym samochodem. Jest na froncie, ale przemawia do [&#8230;]<\/p>\n","protected":false},"author":34,"featured_media":29765,"comment_status":"closed","ping_status":"open","sticky":false,"template":"","format":"standard","meta":{"_EventAllDay":false,"_EventTimezone":"","_EventStartDate":"","_EventEndDate":"","_EventStartDateUTC":"","_EventEndDateUTC":"","_EventShowMap":false,"_EventShowMapLink":false,"_EventURL":"","_EventCost":"","_EventCostDescription":"","_EventCurrencySymbol":"","_EventCurrencyCode":"","_EventCurrencyPosition":"","_EventDateTimeSeparator":"","_EventTimeRangeSeparator":"","_EventOrganizerID":[],"_EventVenueID":[],"_OrganizerEmail":"","_OrganizerPhone":"","_OrganizerWebsite":"","_VenueAddress":"","_VenueCity":"","_VenueCountry":"","_VenueProvince":"","_VenueState":"","_VenueZip":"","_VenuePhone":"","_VenueURL":"","_VenueStateProvince":"","_VenueLat":"","_VenueLng":"","_VenueShowMap":false,"_VenueShowMapLink":false,"footnotes":""},"categories":[596],"tags":[],"class_list":["post-35870","post","type-post","status-publish","format-standard","has-post-thumbnail","hentry","category-felietony","felietony"],"_links":{"self":[{"href":"https:\/\/kodmalopolska.pl\/index.php?rest_route=\/wp\/v2\/posts\/35870","targetHints":{"allow":["GET"]}}],"collection":[{"href":"https:\/\/kodmalopolska.pl\/index.php?rest_route=\/wp\/v2\/posts"}],"about":[{"href":"https:\/\/kodmalopolska.pl\/index.php?rest_route=\/wp\/v2\/types\/post"}],"author":[{"embeddable":true,"href":"https:\/\/kodmalopolska.pl\/index.php?rest_route=\/wp\/v2\/users\/34"}],"replies":[{"embeddable":true,"href":"https:\/\/kodmalopolska.pl\/index.php?rest_route=%2Fwp%2Fv2%2Fcomments&post=35870"}],"version-history":[{"count":0,"href":"https:\/\/kodmalopolska.pl\/index.php?rest_route=\/wp\/v2\/posts\/35870\/revisions"}],"wp:featuredmedia":[{"embeddable":true,"href":"https:\/\/kodmalopolska.pl\/index.php?rest_route=\/wp\/v2\/media\/29765"}],"wp:attachment":[{"href":"https:\/\/kodmalopolska.pl\/index.php?rest_route=%2Fwp%2Fv2%2Fmedia&parent=35870"}],"wp:term":[{"taxonomy":"category","embeddable":true,"href":"https:\/\/kodmalopolska.pl\/index.php?rest_route=%2Fwp%2Fv2%2Fcategories&post=35870"},{"taxonomy":"post_tag","embeddable":true,"href":"https:\/\/kodmalopolska.pl\/index.php?rest_route=%2Fwp%2Fv2%2Ftags&post=35870"}],"curies":[{"name":"wp","href":"https:\/\/api.w.org\/{rel}","templated":true}]}}