{"id":35701,"date":"2023-04-21T21:53:22","date_gmt":"2023-04-21T19:53:22","guid":{"rendered":"https:\/\/kodmalopolska.pl\/?p=35701"},"modified":"2023-04-21T21:53:22","modified_gmt":"2023-04-21T19:53:22","slug":"co-to-bedzie-felieton-adama-jaskowa-122","status":"publish","type":"post","link":"https:\/\/kodmalopolska.pl\/?p=35701","title":{"rendered":"Co to b\u0119dzie? Felieton Adama Ja\u015bkowa (122)"},"content":{"rendered":"<h4>Co b\u0119dzie potem, jak zorganizowa\u0107 na nowo \u017cycie spo\u0142eczne i gospodarcze, jak funkcjonowa\u0107 z prezydentem, kt\u00f3ry nagle zgubi d\u0142ugopis, z s\u0105dami, w kt\u00f3rych wyrok zale\u017cy nie tyle od przepis\u00f3w prawa, ile od wylosowanego sk\u0142adu s\u0119dziowskiego?<\/h4>\n<p>Jedna z bardziej aluzyjnych i \u2013 jak si\u0119 okazuje \u2013 jeszcze bardziej aktualnych piosenek czy mo\u017ce song\u00f3w Kabaretu Tey nosi tytu\u0142 \u201eCo to b\u0119dzie?\u201d. Refren rozwija pytanie: \u201egdy S\u0142oneczko zajdzie za daleko\u201d. W piosence autor przejawia w\u0105tpliwo\u015bci i nadzieje, z przewag\u0105 nadziei. Obarczonych skleroz\u0105 oraz zbyt m\u0142odych, by pami\u0119ta\u0107, odsy\u0142am do youtuba.<\/p>\n<p>Aktualnie nasze S\u0142oneczko (bo S\u0142oneczko Karpat dawno ju\u017c zasz\u0142o) wschodzi i zachodzi nieregularnie na \u017boliborzu. Pytanie, co b\u0119dzie, gdy zajdzie jesieni\u0105, ma wag\u0119 leninowskiego \u201eCo robi\u0107?\u201d. Tyle \u017ce Lenin od razu napisa\u0142 odpowied\u017a, a nawet (z czego jedni byli zadowoleni, a inni jakby mniej) przyst\u0105pi\u0142 do realizacji planu. Jak si\u0119 okaza\u0142o, bez pomocy Niemiec plan by si\u0119 nie uda\u0142. Tak si\u0119 sk\u0142ada, \u017ce w Europie od wiek\u00f3w niczego bez Niemiec nie da si\u0119 zrobi\u0107. Ani Nietzschego, ani Hegla.<\/p>\n<p>No wi\u0119c co b\u0119dzie, je\u015bli nasz S\u0142oneczko jednak zajdzie (lub zejdzie)? B\u0119dziemy chyba mogli liczy\u0107 na niemieck\u0105 pomoc, bo Niemcy r\u00f3wnie\u017c maj\u0105 naszego s\u0142oneczka zapewne powy\u017cej horyzontu. Ale za nas, nasz\u0105 klas\u0119 polityczn\u0105, roboty nie odwal\u0105.<\/p>\n<p>Jednak zadawanie pyta\u0144 w stylu \u201eCo robi\u0107?\u201d lub \u201eCo to b\u0119dzie, gdy\u2026?\u201d spotyka si\u0119 cz\u0119sto z agresywn\u0105 krytyk\u0105, co nie rokuje najlepiej na przysz\u0142o\u015b\u0107 \u2013 t\u0119 ju\u017c po zaj\u015bciu. A tym bardziej t\u0119, gdy wstanie nowy dzie\u0144, w zupe\u0142nie innym \u015bwietle. <a href=\"https:\/\/wiadomosci.gazeta.pl\/wiadomosci\/7,114884,29668742,piec-rzeczy-ktore-zatruwaja-polska-polityke-a-prace-dziennikarza.html\">Do\u015bwiadczy\u0142 tego nie raz i nie dwa Grzegorz Sroczy\u0144ski<\/a>.<\/p>\n<p>Nie dziwi to, \u017ce Sroczy\u0144skiego, kt\u00f3ry specjalizuje si\u0119 w trudnych pytaniach, atakuj\u0105 Nitras i Giertych, bo obaj mogliby stanowi\u0107 egzemplifikacj\u0119 innej piosenki, tym razem Wojciecha M\u0142ynarskiego, pod tytu\u0142em \u201eDiatryba\u201d. I w zasadzie tyle na temat obu pan\u00f3w. Dziwi\u0107 natomiast powinno i napawa\u0107 niepokojem ignorowanie pyta\u0144 i problem\u00f3w opisywanych nie tylko zreszt\u0105 przez Sroczy\u0144skiego. Bo w swojej podszytej niepokojem ciekawo\u015bci Sroczy\u0144ski, jak s\u0105dz\u0119, nie jest sam. Mnie te\u017c dr\u0119cz\u0105 podobne pytania, nie daj\u0105 spa\u0107, a gdy si\u0119 budz\u0119, \u015bwieci nadal to samo s\u0142oneczko.<\/p>\n<p>Co b\u0119dzie potem, jak zorganizowa\u0107 na nowo \u017cycie spo\u0142eczne i gospodarcze, jak funkcjonowa\u0107 z prezydentem, kt\u00f3ry nagle zgubi d\u0142ugopis, z s\u0105dami, w kt\u00f3rych wyrok zale\u017cy nie tyle od przepis\u00f3w prawa, ile od wylosowanego sk\u0142adu s\u0119dziowskiego? Sytuacja po pokonaniu PiS-u b\u0119dzie o wiele trudniejsza ni\u017c w 1989 roku, bo peerelowszczycy dobrowolnie oddawali w\u0142adz\u0119, starali si\u0119 nie przeszkadza\u0107, rz\u0105dz\u0105cy dysponowali sprawnie dzia\u0142aj\u0105cymi instytucjami, a zaufanie spo\u0142eczne do tych instytucji by\u0142o \u2013 zaryzykuj\u0119 tez\u0119 \u2013 wi\u0119ksze ni\u017c dzi\u015b. Dzia\u0142a\u0142 powo\u0142any w czasach PRL-u Trybuna\u0142 Konstytucyjny, Rzecznik Praw Obywatelskich i Naczelny S\u0105d Administracyjny. A gdy S\u0142oneczko wreszcie zajdzie? PiS zostawi nam niedzia\u0142aj\u0105ce instytucje i szoruj\u0105c\u0105 po dnie telewizj\u0119 publiczn\u0105, ale tak\u0105 bardziej jak dom, nie jak telewizja.<\/p>\n<p>Im lepiej przygotowani b\u0119d\u0105 ludzie aspiruj\u0105cy do przej\u0119cia w\u0142adzy, tym wi\u0119ksze szanse, \u017ce przej\u0119cie w\u0142adzy nie sko\u0144czy si\u0119 katastrof\u0105. Im wcze\u015bniej ustal\u0105 konsensus w najwa\u017cniejszych sprawach lub w og\u00f3le w jakichkolwiek sprawach, kt\u00f3re potem przedstawi\u0105 jako najwa\u017cniejsze, tym wi\u0119ksz\u0105 nadziej\u0119 rozbudz\u0105 w wyborcach. A politycy, publicy\u015bci, aktywi\u015bci powinni pami\u0119ta\u0107, \u017ce ich przeciwnikami nie s\u0105 wyborcy PiS-u. Bo oni r\u00f3wnie\u017c s\u0105 ofiarami tych rz\u0105d\u00f3w, nawet je\u015bli im si\u0119 wydaje inaczej. Nikt bardziej nie gardzi swoimi wyborcami ni\u017c PiS-owscy politycy i nie nale\u017cy si\u0119 z nimi \u015bciga\u0107 w tej konkurencji. Warto te\u017c pami\u0119ta\u0107, by jak w westernach nie strzela\u0107 ani do pianist\u00f3w, ani do zadaj\u0105cych pytania. Nawet strza\u0142ami werbalnymi. W og\u00f3le strzelanie nie jest w demokracji dobrym rozwi\u0105zaniem. Demokracja to nieustaj\u0105cy dialog i poszukiwanie rozwi\u0105za\u0144 w okre\u015blonych ramach. I o te ramy nie ma co si\u0119 obra\u017ca\u0107. \u017baden obraz nie obra\u017ca si\u0119 na ramy. Tym bardziej \u017ce najbardziej po\u017c\u0105damy obrazu \u201eS\u0142oneczko, kt\u00f3re ca\u0142kiem zasz\u0142o\u201d.<\/p>\n<p>r<em>\u00f3wnie\u017c na\u00a0<\/em><a href=\"https:\/\/aristoskr.wordpress.com\/\" target=\"_blank\" rel=\"noreferrer noopener\">aristoskr.wordpress.com<\/a><\/p>\n<hr class=\"wp-block-separator has-alpha-channel-opacity\" \/>\n<p><em>Felieton jest wyrazem opinii autora. Nie prezentuje stanowiska ZR<\/em>.<\/p>\n","protected":false},"excerpt":{"rendered":"<p>Co b\u0119dzie potem, jak zorganizowa\u0107 na nowo \u017cycie spo\u0142eczne i gospodarcze, jak funkcjonowa\u0107 z prezydentem, kt\u00f3ry nagle zgubi d\u0142ugopis, z s\u0105dami, w kt\u00f3rych wyrok zale\u017cy nie tyle od przepis\u00f3w prawa, ile od wylosowanego sk\u0142adu s\u0119dziowskiego?<\/p>\n","protected":false},"author":34,"featured_media":20415,"comment_status":"closed","ping_status":"open","sticky":false,"template":"","format":"standard","meta":{"_EventAllDay":false,"_EventTimezone":"","_EventStartDate":"","_EventEndDate":"","_EventStartDateUTC":"","_EventEndDateUTC":"","_EventShowMap":false,"_EventShowMapLink":false,"_EventURL":"","_EventCost":"","_EventCostDescription":"","_EventCurrencySymbol":"","_EventCurrencyCode":"","_EventCurrencyPosition":"","_EventDateTimeSeparator":"","_EventTimeRangeSeparator":"","_EventOrganizerID":[],"_EventVenueID":[],"_OrganizerEmail":"","_OrganizerPhone":"","_OrganizerWebsite":"","_VenueAddress":"","_VenueCity":"","_VenueCountry":"","_VenueProvince":"","_VenueState":"","_VenueZip":"","_VenuePhone":"","_VenueURL":"","_VenueStateProvince":"","_VenueLat":"","_VenueLng":"","_VenueShowMap":false,"_VenueShowMapLink":false,"footnotes":""},"categories":[596],"tags":[],"class_list":["post-35701","post","type-post","status-publish","format-standard","has-post-thumbnail","hentry","category-felietony","felietony"],"_links":{"self":[{"href":"https:\/\/kodmalopolska.pl\/index.php?rest_route=\/wp\/v2\/posts\/35701","targetHints":{"allow":["GET"]}}],"collection":[{"href":"https:\/\/kodmalopolska.pl\/index.php?rest_route=\/wp\/v2\/posts"}],"about":[{"href":"https:\/\/kodmalopolska.pl\/index.php?rest_route=\/wp\/v2\/types\/post"}],"author":[{"embeddable":true,"href":"https:\/\/kodmalopolska.pl\/index.php?rest_route=\/wp\/v2\/users\/34"}],"replies":[{"embeddable":true,"href":"https:\/\/kodmalopolska.pl\/index.php?rest_route=%2Fwp%2Fv2%2Fcomments&post=35701"}],"version-history":[{"count":0,"href":"https:\/\/kodmalopolska.pl\/index.php?rest_route=\/wp\/v2\/posts\/35701\/revisions"}],"wp:featuredmedia":[{"embeddable":true,"href":"https:\/\/kodmalopolska.pl\/index.php?rest_route=\/wp\/v2\/media\/20415"}],"wp:attachment":[{"href":"https:\/\/kodmalopolska.pl\/index.php?rest_route=%2Fwp%2Fv2%2Fmedia&parent=35701"}],"wp:term":[{"taxonomy":"category","embeddable":true,"href":"https:\/\/kodmalopolska.pl\/index.php?rest_route=%2Fwp%2Fv2%2Fcategories&post=35701"},{"taxonomy":"post_tag","embeddable":true,"href":"https:\/\/kodmalopolska.pl\/index.php?rest_route=%2Fwp%2Fv2%2Ftags&post=35701"}],"curies":[{"name":"wp","href":"https:\/\/api.w.org\/{rel}","templated":true}]}}