{"id":35564,"date":"2023-03-26T00:19:45","date_gmt":"2023-03-25T23:19:45","guid":{"rendered":"https:\/\/kodmalopolska.pl\/?p=35564"},"modified":"2023-03-26T00:19:45","modified_gmt":"2023-03-25T23:19:45","slug":"dzien-niepodleglosci-bialorusi","status":"publish","type":"post","link":"https:\/\/kodmalopolska.pl\/?p=35564","title":{"rendered":"Dzie\u0144 Niepodleg\u0142o\u015bci Bia\u0142orusi"},"content":{"rendered":"<p>25 marca to bardzo wa\u017cny dzie\u0144 dla narodu bia\u0142oruskiego. W nocy 25 marca 1918 roku proklamowano Bia\u0142orusk\u0105 Republik\u0119 Ludow\u0105 BNR. Spo\u0142eczno\u015b\u0107 Bia\u0142orusin\u00f3w w Krakowie \u015bwi\u0119towa\u0142a dzie\u0144 niepodleg\u0142o\u015bci i wolno\u015bci.<br \/>\nZ tej okazji z Placu wielkiej armii Napoleona wyruszy\u0142 marsz na \u015awi\u0119to Wolno\u015bci.<\/p>\n<p>Po marszu, w Barze Chicago przy ul. S\u0142awkowskiej odby\u0142 si\u0119 koncert i pojedynek na wiersze z okazji Dnia Wolno\u015bci.<br \/>\nW koncercie udzia\u0142 wzi\u0119li bia\u0142oruscy arty\u015bci z Krakowa:<br \/>\nNascia Chmiel i Etno-folkowy zesp\u00f3\u0142 bia\u0142oruski LASTO\u016eSKI a tak\u017ce niezr\u00f3wnana i bardzo utalentowana KACIARYNA VADANOSAVA ze swoim solowym programem.<\/p>\n<p><img loading=\"lazy\" decoding=\"async\" class=\"size-medium wp-image-35563 alignleft\" src=\"https:\/\/kodmalopolska.pl\/wp-content\/uploads\/2023\/03\/IMG_20230325_161523a-400x300.jpg\" alt=\"\" width=\"400\" height=\"300\" srcset=\"https:\/\/kodmalopolska.pl\/wp-content\/uploads\/2023\/03\/IMG_20230325_161523a-400x300.jpg 400w, https:\/\/kodmalopolska.pl\/wp-content\/uploads\/2023\/03\/IMG_20230325_161523a.jpg 800w\" sizes=\"auto, (max-width: 400px) 100vw, 400px\" \/><\/p>\n<p><img loading=\"lazy\" decoding=\"async\" class=\"size-medium wp-image-35561\" src=\"https:\/\/kodmalopolska.pl\/wp-content\/uploads\/2023\/03\/IMG_20230325_180347a-400x300.jpg\" alt=\"\" width=\"400\" height=\"300\" srcset=\"https:\/\/kodmalopolska.pl\/wp-content\/uploads\/2023\/03\/IMG_20230325_180347a-400x300.jpg 400w, https:\/\/kodmalopolska.pl\/wp-content\/uploads\/2023\/03\/IMG_20230325_180347a-657x493.jpg 657w, https:\/\/kodmalopolska.pl\/wp-content\/uploads\/2023\/03\/IMG_20230325_180347a.jpg 800w\" sizes=\"auto, (max-width: 400px) 100vw, 400px\" \/><\/p>\n","protected":false},"excerpt":{"rendered":"<p>25 marca spo\u0142eczno\u015b\u0107 Bia\u0142orusin\u00f3w w Krakowie \u015bwi\u0119towa\u0142a dzie\u0144 niepodleg\u0142o\u015bci i wolno\u015bci<\/p>\n","protected":false},"author":34,"featured_media":35562,"comment_status":"closed","ping_status":"open","sticky":false,"template":"","format":"standard","meta":{"_EventAllDay":false,"_EventTimezone":"","_EventStartDate":"","_EventEndDate":"","_EventStartDateUTC":"","_EventEndDateUTC":"","_EventShowMap":false,"_EventShowMapLink":false,"_EventURL":"","_EventCost":"","_EventCostDescription":"","_EventCurrencySymbol":"","_EventCurrencyCode":"","_EventCurrencyPosition":"","_EventDateTimeSeparator":"","_EventTimeRangeSeparator":"","_EventOrganizerID":[],"_EventVenueID":[],"_OrganizerEmail":"","_OrganizerPhone":"","_OrganizerWebsite":"","_VenueAddress":"","_VenueCity":"","_VenueCountry":"","_VenueProvince":"","_VenueState":"","_VenueZip":"","_VenuePhone":"","_VenueURL":"","_VenueStateProvince":"","_VenueLat":"","_VenueLng":"","_VenueShowMap":false,"_VenueShowMapLink":false,"footnotes":""},"categories":[28],"tags":[],"class_list":["post-35564","post","type-post","status-publish","format-standard","has-post-thumbnail","hentry","category-malopolskie-news","malopolskie-news"],"_links":{"self":[{"href":"https:\/\/kodmalopolska.pl\/index.php?rest_route=\/wp\/v2\/posts\/35564","targetHints":{"allow":["GET"]}}],"collection":[{"href":"https:\/\/kodmalopolska.pl\/index.php?rest_route=\/wp\/v2\/posts"}],"about":[{"href":"https:\/\/kodmalopolska.pl\/index.php?rest_route=\/wp\/v2\/types\/post"}],"author":[{"embeddable":true,"href":"https:\/\/kodmalopolska.pl\/index.php?rest_route=\/wp\/v2\/users\/34"}],"replies":[{"embeddable":true,"href":"https:\/\/kodmalopolska.pl\/index.php?rest_route=%2Fwp%2Fv2%2Fcomments&post=35564"}],"version-history":[{"count":0,"href":"https:\/\/kodmalopolska.pl\/index.php?rest_route=\/wp\/v2\/posts\/35564\/revisions"}],"wp:featuredmedia":[{"embeddable":true,"href":"https:\/\/kodmalopolska.pl\/index.php?rest_route=\/wp\/v2\/media\/35562"}],"wp:attachment":[{"href":"https:\/\/kodmalopolska.pl\/index.php?rest_route=%2Fwp%2Fv2%2Fmedia&parent=35564"}],"wp:term":[{"taxonomy":"category","embeddable":true,"href":"https:\/\/kodmalopolska.pl\/index.php?rest_route=%2Fwp%2Fv2%2Fcategories&post=35564"},{"taxonomy":"post_tag","embeddable":true,"href":"https:\/\/kodmalopolska.pl\/index.php?rest_route=%2Fwp%2Fv2%2Ftags&post=35564"}],"curies":[{"name":"wp","href":"https:\/\/api.w.org\/{rel}","templated":true}]}}